{"id":193578,"date":"2025-10-22T11:21:14","date_gmt":"2025-10-22T11:21:14","guid":{"rendered":"https:\/\/www.europesays.com\/es\/193578\/"},"modified":"2025-10-22T11:21:14","modified_gmt":"2025-10-22T11:21:14","slug":"la-liga-nexus-energia-asobal-busca-al-reportero-asobal-del-abanca-ademar-leon-barca-noticias","status":"publish","type":"post","link":"https:\/\/www.europesays.com\/es\/193578\/","title":{"rendered":"\u00a1La Liga NEXUS ENERG\u00cdA ASOBAL busca al Reportero ASOBAL del ABANCA Ademar Le\u00f3n-Bar\u00e7a! &#8211; Noticias"},"content":{"rendered":"<p>                                   21\/10\/2025<\/p>\n<p>                                   |  Judit Cartiel<br \/>\n                                      <a href=\"https:\/\/asobal.es\/noticias\/etiqueta\/liga-asobal\/\" rel=\"nofollow noopener\" target=\"_blank\">Liga NEXUS ENERGIA ASOBAL<\/a>                            <a href=\"https:\/\/asobal.es\/noticias\/etiqueta\/asobal\/\" rel=\"nofollow noopener\" target=\"_blank\">ASOBAL<\/a>                                                                                                                                                                                                                                                                                                                    <a href=\"https:\/\/asobal.es\/noticias\/etiqueta\/asobal-legacy-League\/\" rel=\"nofollow noopener\" target=\"_blank\">ASOBAL Legacy League<\/a>                                    <\/p>\n<p style=\"text-align: justify;\">La Liga NEXUS ENERG\u00cdA ASOBAL busca a su primer &#8216;Reportero ASOBAL&#8217;. La competici\u00f3n profesional pone en marcha una nueva temporada de la iniciativa, que te permite vivir en primera persona el espect\u00e1culo, magia y protagonistas del sello ASOBAL y acerc\u00e1rselo a todos los aficionados a trav\u00e9s del terreno de juego 2.0 de las redes sociales. Una experiencia \u00fanica que, en esta primera edici\u00f3n, se centrar\u00e1 en el partido de la jornada 9 entre ABANCA Ademar Le\u00f3n y Bar\u00e7a, que tendr\u00e1 lugar el domingo 16 de noviembre a las 19h en el\u00a0Palacio Municipal de los Deportes Urbano Gonz\u00e1lez Escapa.<\/p>\n<p style=\"text-align: justify;\">Para ser el protagonista de la iniciativa debes <a href=\"https:\/\/es.surveymonkey.com\/r\/WPT3FBY\" rel=\"nofollow noopener\" target=\"_blank\">entrar en el siguiente enlace<\/a>, ser parte de la Comunidad ASOBAL, consultar las bases de participaci\u00f3n, rellenar el formulario y explicarnos por qu\u00e9 debes ser el aspirante ganador.\u00a0Es imprescindible que te apasione la Liga NEXUS ENERG\u00cdA ASOBAL, que las redes sociales sean tu ecosistema y que dispongas de un tel\u00e9fono m\u00f3vil de \u00faltima generaci\u00f3n para ser capaz de captar cada detalle y el \u201cbehind the scenes\u201d de uno de los grandes partidos de la temporada. El plazo para presentar candidaturas se cerrar\u00e1 el pr\u00f3ximo viernes 31 de octubre.\u00a0El ganador, adem\u00e1s, se llevar\u00e1 a casa el bal\u00f3n oficial de la Liga NEXUS ENERG\u00cdA ASOBAL, el Kipsta HB900, firmado por los capitanes de ABANCA Ademar Le\u00f3n y Bar\u00e7a.<\/p>\n","protected":false},"excerpt":{"rendered":"21\/10\/2025 | Judit Cartiel Liga NEXUS ENERGIA ASOBAL ASOBAL ASOBAL Legacy League La Liga NEXUS ENERG\u00cdA ASOBAL busca&hellip;\n","protected":false},"author":2,"featured_media":193579,"comment_status":"","ping_status":"","sticky":false,"template":"","format":"standard","meta":{"footnotes":""},"categories":[278],"tags":[376,168,25,24,375,23,167],"class_list":{"0":"post-193578","1":"post","2":"type-post","3":"status-publish","4":"format-standard","5":"has-post-thumbnail","7":"category-balonmano","8":"tag-balonmano","9":"tag-deportes","10":"tag-es","11":"tag-espana","12":"tag-handball","13":"tag-spain","14":"tag-sports"},"share_on_mastodon":{"url":"https:\/\/pubeurope.com\/@es\/115417558799304308","error":""},"_links":{"self":[{"href":"https:\/\/www.europesays.com\/es\/wp-json\/wp\/v2\/posts\/193578","targetHints":{"allow":["GET"]}}],"collection":[{"href":"https:\/\/www.europesays.com\/es\/wp-json\/wp\/v2\/posts"}],"about":[{"href":"https:\/\/www.europesays.com\/es\/wp-json\/wp\/v2\/types\/post"}],"author":[{"embeddable":true,"href":"https:\/\/www.europesays.com\/es\/wp-json\/wp\/v2\/users\/2"}],"replies":[{"embeddable":true,"href":"https:\/\/www.europesays.com\/es\/wp-json\/wp\/v2\/comments?post=193578"}],"version-history":[{"count":0,"href":"https:\/\/www.europesays.com\/es\/wp-json\/wp\/v2\/posts\/193578\/revisions"}],"wp:featuredmedia":[{"embeddable":true,"href":"https:\/\/www.europesays.com\/es\/wp-json\/wp\/v2\/media\/193579"}],"wp:attachment":[{"href":"https:\/\/www.europesays.com\/es\/wp-json\/wp\/v2\/media?parent=193578"}],"wp:term":[{"taxonomy":"category","embeddable":true,"href":"https:\/\/www.europesays.com\/es\/wp-json\/wp\/v2\/categories?post=193578"},{"taxonomy":"post_tag","embeddable":true,"href":"https:\/\/www.europesays.com\/es\/wp-json\/wp\/v2\/tags?post=193578"}],"curies":[{"name":"wp","href":"https:\/\/api.w.org\/{rel}","templated":true}]}}