{"id":193617,"date":"2025-10-22T11:43:08","date_gmt":"2025-10-22T11:43:08","guid":{"rendered":"https:\/\/www.europesays.com\/es\/193617\/"},"modified":"2025-10-22T11:43:08","modified_gmt":"2025-10-22T11:43:08","slug":"sostenibilidad-y-diligencia-debida-el-pleno-votara-los-cambios-en-noviembre-noticias","status":"publish","type":"post","link":"https:\/\/www.europesays.com\/es\/193617\/","title":{"rendered":"Sostenibilidad y diligencia debida: el pleno votar\u00e1 los cambios en noviembre | Noticias"},"content":{"rendered":"<p class=\"ep-wysiwig_paragraph\">En una votaci\u00f3n el mi\u00e9rcoles, la C\u00e1mara rechaz\u00f3 el mandato <a href=\"https:\/\/www.europarl.europa.eu\/news\/en\/press-room\/20251009IPR30836\/sustainability-reporting-and-due-diligence-simpler-rules-for-fewer-companies\" target=\"_blank\" rel=\"noopener nofollow\">adoptado por la comisi\u00f3n de Asuntos Jur\u00eddicos<\/a> el 13 de octubre, por 309 votos a favor, 318 en contra y 34 abstenciones.<\/p>\n<p class=\"ep-wysiwig_paragraph\">Tras el rechazo del pleno y en l\u00ednea con lo establecido por el <a href=\"https:\/\/www.europarl.europa.eu\/doceo\/document\/RULES-10-2025-07-07-RULE-072_ES.html\" target=\"_blank\" rel=\"noopener nofollow\">art\u00edculo 72(3) del Reglamento del PE<\/a>, los eurodiputados votar\u00e1n posibles enmiendas a la propuesta legislativa en la pr\u00f3xima sesi\u00f3n plenaria, el 13 de noviembre en Bruselas. El Parlamento estar\u00e1 entonces listo para iniciar las conversaciones con los ministros de la UE, que ya pactaron una <a href=\"https:\/\/www.consilium.europa.eu\/es\/press\/press-releases\/2025\/06\/23\/simplification-council-agrees-position-on-sustainability-reporting-and-due-diligence-requirements-to-boost-eu-competitiveness\/\" target=\"_blank\" rel=\"noopener nofollow\">posici\u00f3n com\u00fan el 23 de junio<\/a>. El objetivo es completar la legislaci\u00f3n antes del fin de 2025.<\/p>\n<p class=\"ep-wysiwig_paragraph\"><strong>Antecedentes<\/strong><\/p>\n<p class=\"ep-wysiwig_paragraph\">Tras acordar el <a href=\"https:\/\/www.europarl.europa.eu\/doceo\/document\/RULES-10-2025-01-20-RULE-170_ES.html\" target=\"_blank\" rel=\"noopener nofollow\">aplazamiento de la aplicaci\u00f3n de las obligaciones de presentaci\u00f3n de informaci\u00f3n en materia de sostenibilidad y diligencia debida<\/a>, la presente propuesta pretende simplificarlas y reducir la carga administrativa para las empresas. La medida forma parte del <a href=\"https:\/\/commission.europa.eu\/publications\/omnibus-i_es\" target=\"_blank\" rel=\"noopener nofollow\">paquete de simplificaci\u00f3n \u00d3mnibus I<\/a> propuesto por la Comisi\u00f3n Europea el 26 de febrero de 2025.<\/p>\n<p class=\"ep-wysiwig_paragraph\"><strong>La simplificaci\u00f3n normativa, prioritaria para el Parlamento<\/strong><\/p>\n<p class=\"ep-wysiwig_paragraph\">Los eurodiputados han pedido en repetidas ocasiones una revisi\u00f3n de la legislaci\u00f3n para simplificar y reducir los requisitos administrativos para las empresas. Las propuestas \u00ab\u00f3mnibus\u00bb, presentadas por la Comisi\u00f3n a partir de febrero de 2025, est\u00e1n dise\u00f1adas para impulsar la competitividad y la prosperidad de la UE y liberar capacidad de inversi\u00f3n adicional para las empresas. Con car\u00e1cter de urgencia, el Parlamento ya ha <a href=\"https:\/\/www.europarl.europa.eu\/news\/en\/press-room\/press-tool-kit\/0\/parliament-s-priorities\" target=\"_blank\" rel=\"noopener nofollow\">adoptado algunas propuestas<\/a> y avanza sin demora en la tramitaci\u00f3n de las que est\u00e1n pendientes.<\/p>\n","protected":false},"excerpt":{"rendered":"En una votaci\u00f3n el mi\u00e9rcoles, la C\u00e1mara rechaz\u00f3 el mandato adoptado por la comisi\u00f3n de Asuntos Jur\u00eddicos el&hellip;\n","protected":false},"author":2,"featured_media":193618,"comment_status":"","ping_status":"","sticky":false,"template":"","format":"standard","meta":{"footnotes":""},"categories":[5],"tags":[17,18,53939,25,24,13,14,11,19,20,9,10,15,16,53940,36609,23,12,21,22],"class_list":{"0":"post-193617","1":"post","2":"type-post","3":"status-publish","4":"format-standard","5":"has-post-thumbnail","7":"category-titulares","8":"tag-breaking-news","9":"tag-breakingnews","10":"tag-comjuri","11":"tag-es","12":"tag-espana","13":"tag-featured-news","14":"tag-featurednews","15":"tag-headlines","16":"tag-latest-news","17":"tag-latestnews","18":"tag-news","19":"tag-noticias","20":"tag-noticias-destacadas","21":"tag-noticiasdestacadas","22":"tag-plenarydate20-10-2025","23":"tag-producttypepress_release","24":"tag-spain","25":"tag-titulares","26":"tag-ultimas-noticias","27":"tag-ultimasnoticias"},"share_on_mastodon":{"url":"https:\/\/pubeurope.com\/@es\/115417645401893494","error":""},"_links":{"self":[{"href":"https:\/\/www.europesays.com\/es\/wp-json\/wp\/v2\/posts\/193617","targetHints":{"allow":["GET"]}}],"collection":[{"href":"https:\/\/www.europesays.com\/es\/wp-json\/wp\/v2\/posts"}],"about":[{"href":"https:\/\/www.europesays.com\/es\/wp-json\/wp\/v2\/types\/post"}],"author":[{"embeddable":true,"href":"https:\/\/www.europesays.com\/es\/wp-json\/wp\/v2\/users\/2"}],"replies":[{"embeddable":true,"href":"https:\/\/www.europesays.com\/es\/wp-json\/wp\/v2\/comments?post=193617"}],"version-history":[{"count":0,"href":"https:\/\/www.europesays.com\/es\/wp-json\/wp\/v2\/posts\/193617\/revisions"}],"wp:featuredmedia":[{"embeddable":true,"href":"https:\/\/www.europesays.com\/es\/wp-json\/wp\/v2\/media\/193618"}],"wp:attachment":[{"href":"https:\/\/www.europesays.com\/es\/wp-json\/wp\/v2\/media?parent=193617"}],"wp:term":[{"taxonomy":"category","embeddable":true,"href":"https:\/\/www.europesays.com\/es\/wp-json\/wp\/v2\/categories?post=193617"},{"taxonomy":"post_tag","embeddable":true,"href":"https:\/\/www.europesays.com\/es\/wp-json\/wp\/v2\/tags?post=193617"}],"curies":[{"name":"wp","href":"https:\/\/api.w.org\/{rel}","templated":true}]}}