{"id":193619,"date":"2025-10-22T11:44:15","date_gmt":"2025-10-22T11:44:15","guid":{"rendered":"https:\/\/www.europesays.com\/es\/193619\/"},"modified":"2025-10-22T11:44:15","modified_gmt":"2025-10-22T11:44:15","slug":"el-bm-zamora-fomenta-la-implicacion-de-su-cantera-regalando-carnes-de-socio-a-los-miembros-de-la-escuela-deportiva","status":"publish","type":"post","link":"https:\/\/www.europesays.com\/es\/193619\/","title":{"rendered":"El BM Zamora fomenta la implicaci\u00f3n de su cantera regalando carn\u00e9s de socio a los miembros de la escuela deportiva"},"content":{"rendered":"<p class=\"paragraph-atom &#10;        A-500-300-700-N A-550-300-700-N--md  \">El Club Balonmano Zamora contin\u00faa reforzando su compromiso con la formaci\u00f3n, la educaci\u00f3n y la promoci\u00f3n del deporte base. El Club hace entrega a los ni\u00f1os y ni\u00f1as que participan en sus actividades extraescolares de un carnet de socio joven, una iniciativa totalmente gratuita con la que se busca acercarles un poco m\u00e1s al deporte que practican y al sentimiento pistacho.<\/p>\n<p class=\"paragraph-atom &#10;        A-500-300-700-N A-550-300-700-N--md  \">Gracias a este carnet, los peque\u00f1os podr\u00e1n acceder a todos los partidos del primer equipo, el Balonmano Caja Rural de Zamora, y disfrutar en el pabell\u00f3n \u00c1ngel Nieto de la emoci\u00f3n, la deportividad y los valores que representa el club.<\/p>\n<p class=\"paragraph-atom &#10;        A-500-300-700-N A-550-300-700-N--md  \">Desde la entidad se recuerda que esta acci\u00f3n forma parte del compromiso que el Balonmano Zamora mantiene desde hace m\u00e1s de dos d\u00e9cadas con los centros escolares de la provincia, trabajando de forma totalmente gratuita para promover la salud, los valores y la educaci\u00f3n emocional de los m\u00e1s j\u00f3venes.<\/p>\n<p class=\"paragraph-atom &#10;        A-500-300-700-N A-550-300-700-N--md  \">Adem\u00e1s, el Club anima a las familias que lo deseen a adquirir su carnet de socio para acompa\u00f1ar a sus hijos e hijas en los partidos y apoyar al equipo, contribuyendo as\u00ed al mantenimiento y crecimiento de un proyecto que representa a toda la provincia.<\/p>\n<p class=\"paragraph-atom &#10;        A-500-300-700-N A-550-300-700-N--md  \">Los carnets pueden adquirirse en la sede del club, situada en C\/ Campo de Marte, 13, los martes y jueves de 18:00 a 20:00 horas.<\/p>\n","protected":false},"excerpt":{"rendered":"El Club Balonmano Zamora contin\u00faa reforzando su compromiso con la formaci\u00f3n, la educaci\u00f3n y la promoci\u00f3n del deporte&hellip;\n","protected":false},"author":2,"featured_media":193620,"comment_status":"","ping_status":"","sticky":false,"template":"","format":"standard","meta":{"footnotes":""},"categories":[278],"tags":[376,383,2512,168,25,24,15670,375,33301,23,167,2946],"class_list":{"0":"post-193619","1":"post","2":"type-post","3":"status-publish","4":"format-standard","5":"has-post-thumbnail","7":"category-balonmano","8":"tag-balonmano","9":"tag-bm","10":"tag-cantera","11":"tag-deportes","12":"tag-es","13":"tag-espana","14":"tag-fomenta","15":"tag-handball","16":"tag-implicacion","17":"tag-spain","18":"tag-sports","19":"tag-zamora"},"share_on_mastodon":{"url":"https:\/\/pubeurope.com\/@es\/115417649617953612","error":""},"_links":{"self":[{"href":"https:\/\/www.europesays.com\/es\/wp-json\/wp\/v2\/posts\/193619","targetHints":{"allow":["GET"]}}],"collection":[{"href":"https:\/\/www.europesays.com\/es\/wp-json\/wp\/v2\/posts"}],"about":[{"href":"https:\/\/www.europesays.com\/es\/wp-json\/wp\/v2\/types\/post"}],"author":[{"embeddable":true,"href":"https:\/\/www.europesays.com\/es\/wp-json\/wp\/v2\/users\/2"}],"replies":[{"embeddable":true,"href":"https:\/\/www.europesays.com\/es\/wp-json\/wp\/v2\/comments?post=193619"}],"version-history":[{"count":0,"href":"https:\/\/www.europesays.com\/es\/wp-json\/wp\/v2\/posts\/193619\/revisions"}],"wp:featuredmedia":[{"embeddable":true,"href":"https:\/\/www.europesays.com\/es\/wp-json\/wp\/v2\/media\/193620"}],"wp:attachment":[{"href":"https:\/\/www.europesays.com\/es\/wp-json\/wp\/v2\/media?parent=193619"}],"wp:term":[{"taxonomy":"category","embeddable":true,"href":"https:\/\/www.europesays.com\/es\/wp-json\/wp\/v2\/categories?post=193619"},{"taxonomy":"post_tag","embeddable":true,"href":"https:\/\/www.europesays.com\/es\/wp-json\/wp\/v2\/tags?post=193619"}],"curies":[{"name":"wp","href":"https:\/\/api.w.org\/{rel}","templated":true}]}}