{"id":193627,"date":"2025-10-22T11:50:08","date_gmt":"2025-10-22T11:50:08","guid":{"rendered":"https:\/\/www.europesays.com\/es\/193627\/"},"modified":"2025-10-22T11:50:08","modified_gmt":"2025-10-22T11:50:08","slug":"el-aviso-de-red-bull-a-yuki-tsunoda-el-problema","status":"publish","type":"post","link":"https:\/\/www.europesays.com\/es\/193627\/","title":{"rendered":"El aviso de Red Bull a Yuki Tsunoda: \u00abEl problema&#8230;\u00bb"},"content":{"rendered":"<p><b>Red Bull <\/b>est\u00e1 adoptando una postura cada vez m\u00e1s firme respecto a <b>Yuki Tsunoda<\/b>, cuyo asiento como compa\u00f1ero de <b>Max Verstappen <\/b>para la temporada 2026 se encuentra en entredicho. A pesar de que el piloto japon\u00e9s ha mostrado avances y ha obtenido algunos resultados positivos recientemente, la escuder\u00eda austriaca contin\u00faa evaluando otras alternativas para asegurar un rendimiento \u00f3ptimo en su alineaci\u00f3n. Entre los posibles candidatos, el joven talento franc\u00e9s <b>Isack Hadjar<\/b> se perfila como la opci\u00f3n m\u00e1s s\u00f3lida para ocupar el segundo monoplaza.<\/p>\n<p><b>Helmut Marko<\/b>, asesor de <b>Red Bull<\/b> y figura clave en la toma de decisiones del equipo, no ocult\u00f3 su frustraci\u00f3n tras el <b>Gran Premio de Estados Unidos<\/b>, se\u00f1alando que \u00abel problema es el piloto\u00bb. Este comentario representa la cr\u00edtica m\u00e1s dura que Tsunoda ha recibido desde su incorporaci\u00f3n al equipo, lo que subraya la presi\u00f3n que recae sobre sus hombros. Marko tambi\u00e9n dej\u00f3 entrever que la decisi\u00f3n definitiva sobre qui\u00e9n acompa\u00f1ar\u00e1 a Verstappen se tomar\u00e1 en los pr\u00f3ximos d\u00edas, tras el Gran Premio de M\u00e9xico, manteniendo as\u00ed la incertidumbre sobre el futuro del japon\u00e9s.<\/p>\n<p>Con <b>Tsunoda<\/b> pr\u00e1cticamente descartado, <b>Hadjar<\/b> se enfrenta a una oportunidad crucial para demostrar su val\u00eda en un equipo de primer nivel. No obstante, el reto es may\u00fasculo, ya que <b>Red Bull<\/b> ha experimentado dificultades hist\u00f3ricas para encontrar un compa\u00f1ero capaz de igualar el ritmo de Verstappen. Pilotos como Liam Lawson no lograron adaptarse a las exigencias del equipo, lo que aumenta la presi\u00f3n sobre el joven franc\u00e9s y pone de relieve la exigencia de la escuder\u00eda.<\/p>\n<p>Ser compa\u00f1ero de Verstappen no solo requiere velocidad, sino tambi\u00e9n consistencia y capacidad para rendir bajo presi\u00f3n constante. Mientras el neerland\u00e9s lucha por el campeonato de pilotos, los dem\u00e1s integrantes del equipo deben rendir al m\u00e1ximo para contribuir con puntos valiosos en el campeonato de constructores. Aunque Red Bull ha mejorado su rendimiento a lo largo de la temporada, el monoplaza a\u00fan parece estar explotado al m\u00e1ximo solo por Verstappen, lo que refleja la gran diferencia entre su experiencia y la de sus compa\u00f1eros.<\/p>\n<p>La decisi\u00f3n que tome Red Bull no solo marcar\u00e1 el futuro inmediato del equipo, sino que tambi\u00e9n podr\u00eda definir la trayectoria de Tsunoda en la F\u00f3rmula 1. La presi\u00f3n sobre el japon\u00e9s aumenta a medida que se acerca la fecha l\u00edmite, y la opci\u00f3n de Hadjar a\u00f1ade un elemento de incertidumbre que mantiene a los aficionados en vilo. De cara a 2026, Red Bull parece decidido a maximizar su rendimiento, y para ello la elecci\u00f3n de su segundo piloto ser\u00e1 clave en la estrategia del campeonato.<\/p>\n","protected":false},"excerpt":{"rendered":"Red Bull est\u00e1 adoptando una postura cada vez m\u00e1s firme respecto a Yuki Tsunoda, cuyo asiento como compa\u00f1ero&hellip;\n","protected":false},"author":2,"featured_media":193628,"comment_status":"","ping_status":"","sticky":false,"template":"","format":"standard","meta":{"footnotes":""},"categories":[270],"tags":[168,25,24,306,271,272,23,167],"class_list":{"0":"post-193627","1":"post","2":"type-post","3":"status-publish","4":"format-standard","5":"has-post-thumbnail","7":"category-formula-1","8":"tag-deportes","9":"tag-es","10":"tag-espana","11":"tag-f1","12":"tag-formula-1","13":"tag-formula1","14":"tag-spain","15":"tag-sports"},"share_on_mastodon":{"url":"https:\/\/pubeurope.com\/@es\/115417672912469288","error":""},"_links":{"self":[{"href":"https:\/\/www.europesays.com\/es\/wp-json\/wp\/v2\/posts\/193627","targetHints":{"allow":["GET"]}}],"collection":[{"href":"https:\/\/www.europesays.com\/es\/wp-json\/wp\/v2\/posts"}],"about":[{"href":"https:\/\/www.europesays.com\/es\/wp-json\/wp\/v2\/types\/post"}],"author":[{"embeddable":true,"href":"https:\/\/www.europesays.com\/es\/wp-json\/wp\/v2\/users\/2"}],"replies":[{"embeddable":true,"href":"https:\/\/www.europesays.com\/es\/wp-json\/wp\/v2\/comments?post=193627"}],"version-history":[{"count":0,"href":"https:\/\/www.europesays.com\/es\/wp-json\/wp\/v2\/posts\/193627\/revisions"}],"wp:featuredmedia":[{"embeddable":true,"href":"https:\/\/www.europesays.com\/es\/wp-json\/wp\/v2\/media\/193628"}],"wp:attachment":[{"href":"https:\/\/www.europesays.com\/es\/wp-json\/wp\/v2\/media?parent=193627"}],"wp:term":[{"taxonomy":"category","embeddable":true,"href":"https:\/\/www.europesays.com\/es\/wp-json\/wp\/v2\/categories?post=193627"},{"taxonomy":"post_tag","embeddable":true,"href":"https:\/\/www.europesays.com\/es\/wp-json\/wp\/v2\/tags?post=193627"}],"curies":[{"name":"wp","href":"https:\/\/api.w.org\/{rel}","templated":true}]}}