{"id":193636,"date":"2025-10-22T11:55:10","date_gmt":"2025-10-22T11:55:10","guid":{"rendered":"https:\/\/www.europesays.com\/es\/193636\/"},"modified":"2025-10-22T11:55:10","modified_gmt":"2025-10-22T11:55:10","slug":"la-malaguena-esther-garcia-llovet-pregonera-de-la-55-feria-del-libro-que-ya-tiene-fechas","status":"publish","type":"post","link":"https:\/\/www.europesays.com\/es\/193636\/","title":{"rendered":"La malague\u00f1a Esther Garc\u00eda Llovet, pregonera de la 55 Feria del Libro que ya tiene fechas"},"content":{"rendered":"<p>Nueva fecha para marcar en el calendario cultural de 2026. La 55\u00aa Feria del Libro de M\u00e1laga se celebrar\u00e1 del pr\u00f3ximo 30 de abril al  &#8230; 10 de mayo, con una programaci\u00f3n que reunir\u00e1 a autores, editoriales, librer\u00edas y lectores en el escenario que se ha consolidado en los \u00faltimos a\u00f1os: el Paseo del Parque. Adem\u00e1s, la bienvenida al evento tendr\u00e1 sabor aut\u00f3ctono con la presencia de una de las voces literarias m\u00e1s singulares e influyentes de nuestras letras, la escritora <a href=\"https:\/\/www.diariosur.es\/culturas\/libros\/esther-garcia-llovet-dicen-autora-culto-quedo-20240205221052-nt.html\" target=\"_self\" data-voc-vtm-id=\"in-text-traffic\" title=\"Esther Garc\u00eda Llovet\" data-mrf-link=\"www.diariosur.es\" rel=\"nofollow noopener\">Esther Garc\u00eda Llovet<\/a> (M\u00e1laga, 1963), que ser\u00e1 la encargada de pronunciar el preg\u00f3n inaugural.<\/p>\n<p class=\"v-p\">La autora malague\u00f1a de la &#8216;Trilog\u00eda instant\u00e1nea de Madrid&#8217; ha cultivado un estilo propio que mezcla agudeza, mirada cr\u00edtica y humor, rasgos que sacar\u00e1 a pasear en su discurso inaugural de la Feria del Libro de 2026. Escritora tanto de cuentos como de novelas, Llovet ha publicado &#8216;Coda&#8217; (2003), &#8216;Subm\u00e1quina&#8217; (2009), &#8216;Las crudas&#8217; (2009), &#8216;Mamut&#8217; (2013), &#8216;C\u00f3mo dejar de escribir&#8217; (2017), &#8216;S\u00e1nchez&#8217; (2019), &#8216;Gordo de feria&#8217; (2021); &#8216;Spanish Beauty&#8217; (2022) y &#8216;Los guapos&#8217; (2024), su \u00faltimo libro en el que se deja llevar por la ciencia ficci\u00f3n, los extraterrestres y los fantasmas en una Valencia de realismo m\u00e1gico, bajo dos de sus marcas de la casa: los perdedores y el humor.<\/p>\n<p class=\"v-p\">En el plano estructural, la Feria del Libro, que est\u00e1 organizada por los libreros y editores malague\u00f1os, con el apoyo del Ayuntamiento de la capital, la Diputaci\u00f3n Provincial, la Junta de Andaluc\u00eda y la Universidad de M\u00e1laga (UMA), refuerza el equipo que dirige Manuel Garc\u00eda Iborra con la incorporaci\u00f3n del escritor y gestor cultural Txema Mart\u00edn como nuevo director de contenidos.<\/p>\n<p class=\"v-p\">Por tercer a\u00f1o consecutivo, la Feria del Libro se celebrar\u00e1 en el Parque de M\u00e1laga, un enclave que se ha consolidado como el espacio id\u00f3neo para acoger esta gran cita literaria. El apoyo creciente del p\u00fablico, con lectores de todas las generaciones, ha contribuido al \u00e9xito del evento, as\u00ed como al aumento del n\u00famero de casetas de librer\u00edas, editoriales e instituciones vinculadas con la lectura. Seg\u00fan los datos de la pasada edici\u00f3n, alrededor de 280.000 personas visitaron la Feria del Libro de M\u00e1laga, que registr\u00f3 un crecimiento muy positivo en el \u00e1mbito editorial: cerca de 40.000 ejemplares vendidos y una facturaci\u00f3n aproximada de medio mill\u00f3n de euros.<\/p>\n","protected":false},"excerpt":{"rendered":"Nueva fecha para marcar en el calendario cultural de 2026. La 55\u00aa Feria del Libro de M\u00e1laga se&hellip;\n","protected":false},"author":2,"featured_media":193637,"comment_status":"","ping_status":"","sticky":false,"template":"","format":"standard","meta":{"footnotes":""},"categories":[172],"tags":[224,146,147,25,24,5975,4400,599,3142,1496,225,53941,36266,53942,23],"class_list":{"0":"post-193636","1":"post","2":"type-post","3":"status-publish","4":"format-standard","5":"has-post-thumbnail","7":"category-libros","8":"tag-books","9":"tag-entertainment","10":"tag-entretenimiento","11":"tag-es","12":"tag-espana","13":"tag-esther","14":"tag-fechas","15":"tag-feria","16":"tag-garcia","17":"tag-libro","18":"tag-libros","19":"tag-llovet","20":"tag-malaguena","21":"tag-pregonera","22":"tag-spain"},"share_on_mastodon":{"url":"https:\/\/pubeurope.com\/@es\/115417692633387341","error":""},"_links":{"self":[{"href":"https:\/\/www.europesays.com\/es\/wp-json\/wp\/v2\/posts\/193636","targetHints":{"allow":["GET"]}}],"collection":[{"href":"https:\/\/www.europesays.com\/es\/wp-json\/wp\/v2\/posts"}],"about":[{"href":"https:\/\/www.europesays.com\/es\/wp-json\/wp\/v2\/types\/post"}],"author":[{"embeddable":true,"href":"https:\/\/www.europesays.com\/es\/wp-json\/wp\/v2\/users\/2"}],"replies":[{"embeddable":true,"href":"https:\/\/www.europesays.com\/es\/wp-json\/wp\/v2\/comments?post=193636"}],"version-history":[{"count":0,"href":"https:\/\/www.europesays.com\/es\/wp-json\/wp\/v2\/posts\/193636\/revisions"}],"wp:featuredmedia":[{"embeddable":true,"href":"https:\/\/www.europesays.com\/es\/wp-json\/wp\/v2\/media\/193637"}],"wp:attachment":[{"href":"https:\/\/www.europesays.com\/es\/wp-json\/wp\/v2\/media?parent=193636"}],"wp:term":[{"taxonomy":"category","embeddable":true,"href":"https:\/\/www.europesays.com\/es\/wp-json\/wp\/v2\/categories?post=193636"},{"taxonomy":"post_tag","embeddable":true,"href":"https:\/\/www.europesays.com\/es\/wp-json\/wp\/v2\/tags?post=193636"}],"curies":[{"name":"wp","href":"https:\/\/api.w.org\/{rel}","templated":true}]}}