{"id":193638,"date":"2025-10-22T11:56:11","date_gmt":"2025-10-22T11:56:11","guid":{"rendered":"https:\/\/www.europesays.com\/es\/193638\/"},"modified":"2025-10-22T11:56:11","modified_gmt":"2025-10-22T11:56:11","slug":"lo-que-hace-el-hambre","status":"publish","type":"post","link":"https:\/\/www.europesays.com\/es\/193638\/","title":{"rendered":"\u00a1Lo que hace el hambre!"},"content":{"rendered":"<p id=\"eTv44JBTOv\" data-wc=\"64\">Durante la noche de salvaci\u00f3n en <a class=\"hm-link ho-link\" href=\"https:\/\/www.hola.com\/actualidad\/20251020862469\/gloria-camila-protagonista-de-la-expulsion-con-record-de-votos-en-supervivientes-all-stars-te-tenias-que-haber-quedado-tu\/\" data-mrf-recirculation=\"article-body-link\" rel=\"nofollow noopener\" target=\"_blank\">Supervivientes All Stars: Tierra de nadie<\/a>, lleg\u00f3 a Honduras una de las pruebas m\u00e1s impactantes de la edici\u00f3n: <strong>La mesa de las tentaciones<\/strong>. Bajo la atenta mirada de <a class=\"hm-link ho-link\" href=\"https:\/\/www.hola.com\/actualidad\/20250816850485\/las-espectaculares-vacaciones-de-laura-madrueno-antes-de-embarcarse-en-supervivientes-all-stars-y-sabemos-donde-esta\/\" data-mrf-recirculation=\"article-body-link\" rel=\"nofollow noopener\" target=\"_blank\">Laura Madrue\u00f1o<\/a>, los concursantes se enfrentaron al desaf\u00edo de negociar sus l\u00edmites para que el p\u00fablico pudiera ser part\u00edcipe y descubrir hasta qu\u00e9 punto estaban dispuestos a llegar los \u00absupervivientes\u00bb.<\/p>\n<p> <img src=\"https:\/\/www.europesays.com\/es\/wp-content\/uploads\/2025\/10\/da732db3b8b1-fot-real-5.png\"   width=\"923\" height=\"1024\" loading=\"lazy\" decoding=\"async\" alt=\"Jessica Bueno \" fetchpriority=\"auto\" class=\"image ho-image\"\/>\u00a9 Mediaset<\/p>\n<p id=\"eaZgoZ9aiaT\" data-wc=\"100\">Visiblemente nerviosa, <a class=\"hm-link ho-link\" href=\"https:\/\/www.hola.com\/biografias\/jessica-bueno\/\" data-mrf-recirculation=\"article-body-link\" rel=\"nofollow noopener\" target=\"_blank\">Jessica Bueno<\/a><strong>\u00a0<\/strong>fue la primera en sentarse ante <strong>La mesa de las tentaciones<\/strong>. La presentadora le explic\u00f3 entonces la dura condici\u00f3n: si quer\u00eda disfrutar de un plato de arroz con leche y una hamburguesa gigante, <strong>deb\u00eda cortar hasta<\/strong> <strong>25 cent\u00edmetros de su melena<\/strong>. La modelo, con los ojos llenos de l\u00e1grimas, dud\u00f3 entre mantener su imagen o rendirse ante la tentaci\u00f3n. \u201cEs muy sagrado para m\u00ed, es mucho\u201d, reconoci\u00f3 emocionada. Finalmente, opt\u00f3 por aceptar el reto y <strong>sell\u00f3 el acuerdo con un apret\u00f3n de manos a la presentadora<\/strong>. \u201cHab\u00eda prometido que no iba a cort\u00e1rmelo\u201d, admiti\u00f3 con resignaci\u00f3n.<\/p>\n<p> <img src=\"https:\/\/www.europesays.com\/es\/wp-content\/uploads\/2025\/10\/27519f49d1f5-foto-real-2-jb.png\"   width=\"1024\" height=\"500\" loading=\"lazy\" decoding=\"async\" alt=\"Jessica Bueno y la presentadora\" fetchpriority=\"auto\" class=\"image ho-image\"\/>\u00a9 Mediaset<br \/>\nLos 25 cent\u00edmetros de Jessica<\/p>\n<p id=\"eIDtlVS7Nkg\" data-wc=\"133\">Pudimos ver a una Jessica completamente vulnerable: <strong>\u201c\u00a1Lo que hace el hambre!\u201d<\/strong>. Con el coraz\u00f3n encogido, la modelo tom\u00f3 asiento mientras la presentadora se preparaba para cortar su melena.<strong>\u00a0<\/strong><a class=\"hm-link ho-link\" href=\"https:\/\/www.hola.com\/actualidad\/20251013861221\/laura-madrueno-se-rompe-en-supervivientes-all-stars-tras-la-perdida-de-una-companera\/\" data-mrf-recirculation=\"article-body-link\" rel=\"nofollow noopener\" target=\"_blank\">Laura Madrue\u00f1o<\/a><strong>\u00a0cortaba los 25 cent\u00edmetros que la concursante nunca olvidar\u00e1<\/strong>, los gritos resonaban entre l\u00e1grimas: <strong>\u201c\u00a1Estoy loca!, \u00a1mi pelo, mi pelo!\u201d<\/strong>. Una escena cargada de emoci\u00f3n que dej\u00f3 sin palabras a todos sus compa\u00f1eros. La que fuera participante de Supervivientes 2011 no pod\u00eda ocultar su angustia y trataba de mantener el humor en medio del nerviosismo. \u201cPor favor, ten cuidado. Ay Dios m\u00edo, me voy a ir de aqu\u00ed fe\u00edsima, ya voy llena de picaduras y ahora llena de trasquilones. C\u00f3rtamelo recto, pero no me cortes m\u00e1s\u201d, <strong>suplicaba entre l\u00e1grimas<\/strong>, consciente de que viv\u00eda uno de los momentos m\u00e1s duros de la noche.<\/p>\n<p> <img src=\"https:\/\/www.europesays.com\/es\/wp-content\/uploads\/2025\/10\/022d24ef09e4-foto-real-4-jb.png\"   width=\"1024\" height=\"454\" loading=\"lazy\" decoding=\"async\" alt=\"Pelo de Jessica\" fetchpriority=\"auto\" class=\"image ho-image\"\/>\u00a9 Mediaset<\/p>\n<p id=\"ekIhOXFSyHY\" data-wc=\"62\">Al terminar, la presentadora no pudo evitar sonre\u00edr al ver el resultado y dedicarle unas palabras de admiraci\u00f3n: <strong>\u201c\u00bfPuedes estar m\u00e1s ideal?<\/strong> Est\u00e1s guap\u00edsima, te lo digo de verdad\u201d. Aun as\u00ed, Jessica segu\u00eda sin poder contener las l\u00e1grimas. \u201cLo que hace el hambre\u201d, murmur\u00f3 entre sollozos, intentando reconfortarse mientras probaba el primer bocado de la hamburguesa que tanto le hab\u00eda costado conseguir.<\/p>\n<p> <img src=\"https:\/\/www.europesays.com\/es\/wp-content\/uploads\/2025\/10\/7ec8324b1107-foto-real-3-jb.png\"   width=\"1024\" height=\"522\" loading=\"lazy\" decoding=\"async\" alt=\"Jessica Bueno y Laura Madrue\u00f1o\" fetchpriority=\"auto\" class=\"image ho-image\"\/>\u00a9 Mediaset<\/p>\n<p id=\"eymzOelsbSs\" data-wc=\"83\">Durante unos segundos, el sabor de la comida pareci\u00f3 reconfortarla, pero enseguida la emoci\u00f3n volvi\u00f3 a apoderarse de ella al ser consciente de lo que hab\u00eda hecho. \u201cMenos mal que no me veo en el espejo, no lo hubiera hecho. <strong>Mis hijos cuando me vean van a decir: \u2018\u00bfT\u00fa qui\u00e9n eres?<\/strong>\u2019\u201d, confes\u00f3 entre l\u00e1grimas. Al escucharla, Laura Madrue\u00f1o no dud\u00f3 en animarla con ternura: \u201cNo digas eso, est\u00e1s bell\u00edsima, \u00bfsabes lo orgullosos que est\u00e1n tus hijos de ti despu\u00e9s de 50 d\u00edas aqu\u00ed?\u201d.<\/p>\n","protected":false},"excerpt":{"rendered":"Durante la noche de salvaci\u00f3n en Supervivientes All Stars: Tierra de nadie, lleg\u00f3 a Honduras una de las&hellip;\n","protected":false},"author":2,"featured_media":193639,"comment_status":"","ping_status":"","sticky":false,"template":"","format":"standard","meta":{"footnotes":""},"categories":[171],"tags":[517,146,147,25,24,23,3947,807,214],"class_list":{"0":"post-193638","1":"post","2":"type-post","3":"status-publish","4":"format-standard","5":"has-post-thumbnail","7":"category-tv","8":"tag-actualidad","9":"tag-entertainment","10":"tag-entretenimiento","11":"tag-es","12":"tag-espana","13":"tag-spain","14":"tag-supervivientes","15":"tag-television","16":"tag-tv"},"share_on_mastodon":{"url":"https:\/\/pubeurope.com\/@es\/115417697227603950","error":""},"_links":{"self":[{"href":"https:\/\/www.europesays.com\/es\/wp-json\/wp\/v2\/posts\/193638","targetHints":{"allow":["GET"]}}],"collection":[{"href":"https:\/\/www.europesays.com\/es\/wp-json\/wp\/v2\/posts"}],"about":[{"href":"https:\/\/www.europesays.com\/es\/wp-json\/wp\/v2\/types\/post"}],"author":[{"embeddable":true,"href":"https:\/\/www.europesays.com\/es\/wp-json\/wp\/v2\/users\/2"}],"replies":[{"embeddable":true,"href":"https:\/\/www.europesays.com\/es\/wp-json\/wp\/v2\/comments?post=193638"}],"version-history":[{"count":0,"href":"https:\/\/www.europesays.com\/es\/wp-json\/wp\/v2\/posts\/193638\/revisions"}],"wp:featuredmedia":[{"embeddable":true,"href":"https:\/\/www.europesays.com\/es\/wp-json\/wp\/v2\/media\/193639"}],"wp:attachment":[{"href":"https:\/\/www.europesays.com\/es\/wp-json\/wp\/v2\/media?parent=193638"}],"wp:term":[{"taxonomy":"category","embeddable":true,"href":"https:\/\/www.europesays.com\/es\/wp-json\/wp\/v2\/categories?post=193638"},{"taxonomy":"post_tag","embeddable":true,"href":"https:\/\/www.europesays.com\/es\/wp-json\/wp\/v2\/tags?post=193638"}],"curies":[{"name":"wp","href":"https:\/\/api.w.org\/{rel}","templated":true}]}}