{"id":193644,"date":"2025-10-22T12:01:07","date_gmt":"2025-10-22T12:01:07","guid":{"rendered":"https:\/\/www.europesays.com\/es\/193644\/"},"modified":"2025-10-22T12:01:07","modified_gmt":"2025-10-22T12:01:07","slug":"almeida-acusa-a-rosalia-de-poner-en-peligro-la-integridad-de-las-personas-con-su-acto-en-callao-del-lunes-noticias-de-madrid","status":"publish","type":"post","link":"https:\/\/www.europesays.com\/es\/193644\/","title":{"rendered":"Almeida acusa a Rosal\u00eda de \u201cponer en peligro la integridad de las personas\u201d con su acto en Callao del lunes | Noticias de Madrid"},"content":{"rendered":"<p class=\"\">El alcalde de Madrid, Jos\u00e9 Luis Mart\u00ednez-Almeida, ha acusado a la cantante <a href=\"https:\/\/elpais.com\/noticias\/rosalia-vila\/\" target=\"_self\" rel=\"nofollow noopener\" title=\"https:\/\/elpais.com\/noticias\/rosalia-vila\/\">Rosal\u00eda<\/a> de \u201cponer en peligro la integridad f\u00edsica de las personas\u201d el lunes por la noche, cuando lleg\u00f3 <a href=\"https:\/\/elpais.com\/espana\/madrid\/2025-10-21\/el-ayuntamiento-estudia-si-rosalia-tenia-autorizacion-para-la-presentacion-en-callao-se-actuara-en-consonancia.html\" target=\"_self\" rel=\"nofollow noopener\" title=\"https:\/\/elpais.com\/espana\/madrid\/2025-10-21\/el-ayuntamiento-estudia-si-rosalia-tenia-autorizacion-para-la-presentacion-en-callao-se-actuara-en-consonancia.html\">por sorpresa y sin autorizaci\u00f3n<\/a> a la plaza de Callao para <a href=\"https:\/\/elpais.com\/cultura\/2025-10-20\/rosalia-anuncia-el-titulo-de-su-nuevo-disco-lux-y-el-dia-de-publicacion-7-de-noviembre.html\" target=\"_self\" rel=\"nofollow noopener\" title=\"https:\/\/elpais.com\/cultura\/2025-10-20\/rosalia-anuncia-el-titulo-de-su-nuevo-disco-lux-y-el-dia-de-publicacion-7-de-noviembre.html\">presentar su nuevo disco<\/a>, Lux. All\u00ed congreg\u00f3 a m\u00e1s de 500 personas y <a href=\"https:\/\/elpais.com\/cultura\/2025-10-20\/rosalia-presenta-su-nuevo-disco-en-callao-en-imagenes.html\" target=\"_self\" rel=\"nofollow noopener\" title=\"https:\/\/elpais.com\/cultura\/2025-10-20\/rosalia-presenta-su-nuevo-disco-en-callao-en-imagenes.html\">fue tal el revuelo<\/a> que se movilizaron ocho indicativos de la Comisar\u00eda de Centro Sur para hacer desv\u00edos de tr\u00e1fico, llegaron agentes antidisturbios de la Polic\u00eda Municipal para evitar que la gente cruzara la Gran V\u00eda, estuvieron cerrados de manera provisional los acceso a la estaci\u00f3n de Metro que hay all\u00ed y se tuvieron que desviar varias l\u00edneas de transporte p\u00fablico, ha explicado el alcalde. \u201cCreo que se pueden hacer las cosas de una forma diferente\u201d, ha a\u00f1adido.<\/p>\n<p class=\"\">Almeida todav\u00eda no ha adelantado cu\u00e1l ser\u00e1 el importe de la multa que tendr\u00e1 que pagar la cantante catalana, ni cu\u00e1l ser\u00e1 exactamente la v\u00eda que seguir\u00e1 para sancionarla. Lo que s\u00ed ha dejado claro es que \u201cla norma se tiene que aplicar a todos por igual\u201d y que, seg\u00fan el atestado policial de esa noche, se produjeron \u201calteraciones graves de seguridad\u201d. Tambi\u00e9n ha hecho un llamamiento al delegado del Gobierno en Madrid, Francisco Mart\u00edn, para que act\u00fae si lo considera necesario, ya que se congregaron m\u00e1s de 500 personas convocadas por Rosal\u00eda y, para ese tipo de actos, hay que pedir autorizaci\u00f3n a la administraci\u00f3n que \u00e9l dirige.<\/p>\n<p class=\"\">\u201cMadrid es una ciudad acostumbrada a grandes eventos\u201d, ha se\u00f1alado el alcalde en un mensaje dirigido a la cantante para transmitirla que, de haber pedido permiso, se lo habr\u00eda concedido. \u201cNosotros nos sentimos muy contentos de que Rosal\u00eda haya elegido la ciudad de Madrid y un lugar emblem\u00e1tico como la plaza de Callao para <a href=\"https:\/\/elpais.com\/videos\/2025-10-21\/referencias-catolicas-viralidad-y-raices-espanolas-que-hay-detras-de-la-presentacion-de-la-fecha-de-estreno-del-nuevo-disco-de-rosalia.html?autoplay=1\" target=\"_self\" rel=\"nofollow noopener\" title=\"https:\/\/elpais.com\/videos\/2025-10-21\/referencias-catolicas-viralidad-y-raices-espanolas-que-hay-detras-de-la-presentacion-de-la-fecha-de-estreno-del-nuevo-disco-de-rosalia.html?autoplay=1\">la presentaci\u00f3n de la tapa de su \u00faltimo \u00e1lbum<\/a>\u201d, ha comenzado Almeida. \u201cQue una artista global quiera estar en la ciudad de Madrid y que la presencia en la ciudad de Madrid avale precisamente su presentaci\u00f3n, a nosotros nos llena de orgullo. A partir de ah\u00ed, creo que se pueden hacer las cosas de una manera diferente\u201d, ha a\u00f1adido.<\/p>\n<p class=\"\">El acto que improvis\u00f3 Rosal\u00eda el lunes parti\u00f3 de un mensaje en sus redes sociales. La cantante estaba haciendo un directo en TikTok en el que inform\u00f3 de que iba a haber \u201csorpresas\u201d en la plaza de Callao. A partir de ah\u00ed, sus seguidores acudieron en masa a la convocatoria, lo que provoc\u00f3 aglomeraciones, afecciones al transporte p\u00fablico y un atasco en la Gran V\u00eda que sufri\u00f3 la propia artista al llegar lugar. Por ese motivo, dej\u00f3 su coche parado en mitad de la calle y fue corriendo hasta el punto de encuentro, pero el recibimiento fue tal que <a href=\"https:\/\/elpais.com\/expres\/2025-10-21\/rosalia-corre-por-la-gran-via-literalmente-para-anunciar-su-nuevo-disco-lux.html\" target=\"_self\" rel=\"nofollow noopener\" title=\"https:\/\/elpais.com\/expres\/2025-10-21\/rosalia-corre-por-la-gran-via-literalmente-para-anunciar-su-nuevo-disco-lux.html\">sali\u00f3 huyendo<\/a> y se refugi\u00f3 en el hotel Vincci Capitol, el del m\u00edtico cartel de Schweppes.<\/p>\n<p class=\"\">La Polic\u00eda Municipal recibi\u00f3 un aviso a las 21.30 de la noche de que la cantante catalana llegar\u00eda a la plaza de Callao sobre las 21.55. No fue porque ella o sus representantes hubieran comunicado oficialmente la convocatoria, sino porque les lleg\u00f3 la informaci\u00f3n de que estaba anunciando un evento sorpresa a trav\u00e9s de sus redes sociales y que estaba programado para esa hora, seg\u00fan explicaron este martes fuentes de la comisar\u00eda a este peri\u00f3dico.<\/p>\n<p class=\"\">El martes por la ma\u00f1ana solo hab\u00edan pasado unas horas de aquello y ni la vicealcaldesa de Madrid, Inma Sanz, ni el delegado de Urbanismo, Medio Ambiente y Movilidad, Borja Carabante, ten\u00edan claro si le hab\u00edan dado permiso a Rosal\u00eda para celebrar el evento. Ni siquiera sab\u00edan a ciencia cierta si ella hab\u00eda solicitado permiso para llevarlo a cabo. \u201cSe actuar\u00e1 en consonancia\u201d, dijo Sanz en una rueda para avisar de c\u00f3mo se proceder\u00eda en caso de constatar que no hubiera autorizaci\u00f3n.<\/p>\n<p class=\"\">Por la tarde, fuentes de su \u00e1rea de Gobierno municipal confirmaron que, efectivamente, la artista no hab\u00eda pedido ning\u00fan tipo de permiso para celebrar ese acto que, en su esencia, se basaba en el efecto sorpresa. Por su parte, Carabante ya adelant\u00f3 que no se trataba de una infracci\u00f3n especialmente grave, porque no hab\u00eda montado ning\u00fan escenario ni hab\u00eda generado problemas de ruido. <\/p>\n<p class=\"\">EL PA\u00cdS se ha puesto en contacto con los representantes de la artista, pero han rechazado hacer declaraciones sobre este asunto hasta el momento.<\/p>\n","protected":false},"excerpt":{"rendered":"El alcalde de Madrid, Jos\u00e9 Luis Mart\u00ednez-Almeida, ha acusado a la cantante Rosal\u00eda de \u201cponer en peligro la&hellip;\n","protected":false},"author":2,"featured_media":193645,"comment_status":"","ping_status":"","sticky":false,"template":"","format":"standard","meta":{"footnotes":""},"categories":[91],"tags":[4103,3061,1467,146,147,25,24,3516,205,185,4147,23],"class_list":{"0":"post-193644","1":"post","2":"type-post","3":"status-publish","4":"format-standard","5":"has-post-thumbnail","7":"category-entretenimiento","8":"tag-ayuntamiento-madrid","9":"tag-cantantes","10":"tag-comunidad-de-madrid","11":"tag-entertainment","12":"tag-entretenimiento","13":"tag-es","14":"tag-espana","15":"tag-jose-luis-martinez-almeida","16":"tag-madrid","17":"tag-musica","18":"tag-rosalia","19":"tag-spain"},"share_on_mastodon":{"url":"https:\/\/pubeurope.com\/@es\/115417716181351493","error":""},"_links":{"self":[{"href":"https:\/\/www.europesays.com\/es\/wp-json\/wp\/v2\/posts\/193644","targetHints":{"allow":["GET"]}}],"collection":[{"href":"https:\/\/www.europesays.com\/es\/wp-json\/wp\/v2\/posts"}],"about":[{"href":"https:\/\/www.europesays.com\/es\/wp-json\/wp\/v2\/types\/post"}],"author":[{"embeddable":true,"href":"https:\/\/www.europesays.com\/es\/wp-json\/wp\/v2\/users\/2"}],"replies":[{"embeddable":true,"href":"https:\/\/www.europesays.com\/es\/wp-json\/wp\/v2\/comments?post=193644"}],"version-history":[{"count":0,"href":"https:\/\/www.europesays.com\/es\/wp-json\/wp\/v2\/posts\/193644\/revisions"}],"wp:featuredmedia":[{"embeddable":true,"href":"https:\/\/www.europesays.com\/es\/wp-json\/wp\/v2\/media\/193645"}],"wp:attachment":[{"href":"https:\/\/www.europesays.com\/es\/wp-json\/wp\/v2\/media?parent=193644"}],"wp:term":[{"taxonomy":"category","embeddable":true,"href":"https:\/\/www.europesays.com\/es\/wp-json\/wp\/v2\/categories?post=193644"},{"taxonomy":"post_tag","embeddable":true,"href":"https:\/\/www.europesays.com\/es\/wp-json\/wp\/v2\/tags?post=193644"}],"curies":[{"name":"wp","href":"https:\/\/api.w.org\/{rel}","templated":true}]}}