{"id":193648,"date":"2025-10-22T12:03:09","date_gmt":"2025-10-22T12:03:09","guid":{"rendered":"https:\/\/www.europesays.com\/es\/193648\/"},"modified":"2025-10-22T12:03:09","modified_gmt":"2025-10-22T12:03:09","slug":"dia-gana-014-puntos-de-cuota-alcanzando-el-51-del-mercado","status":"publish","type":"post","link":"https:\/\/www.europesays.com\/es\/193648\/","title":{"rendered":"Dia gana +0,14 puntos de cuota alcanzando el 5,1% del mercado"},"content":{"rendered":"<p><a href=\"https:\/\/www.dia.es\/\" target=\"_blank\" rel=\"noopener nofollow\">Dia<\/a> contin\u00faa avanzando en la consolidaci\u00f3n de su modelo de proximidad en toda Espa\u00f1a, reforzando su cuarta posici\u00f3n en el sector de la distribuci\u00f3n. Seg\u00fan los \u00faltimos datos de NielsenIQ, <strong>\u00a0Dia consolida su cuarta posici\u00f3n en el mercado espa\u00f1ol y alcanza una cuota<\/strong><strong> de mercado del 5,1% en el mes de septiembre,<\/strong> lo que supone un incremento de <strong>+0,14 puntos en comparaci\u00f3n con el mismo periodo de 2024.<\/strong><\/p>\n<p>Este crecimiento confirma la tendencia positiva y sostenida que la compa\u00f1\u00eda viene registrando a lo largo del ejercicio, tras cerrar el primer semestre con una <strong>evoluci\u00f3n favorable y mantener la ganancia de cuota <\/strong>tanto en el corto como en el largo plazo. Este crecimiento confirma el \u00e9xito del Plan Estrat\u00e9gico 2025-29 de la compa\u00f1\u00eda, \u2018Creciendo cada d\u00eda\u2019, presentado el pasado mes de marzo.<\/p>\n<p><a class=\"gofollow\" data-track=\"Mzk0LDMsMSw2MA==\" href=\"https:\/\/www.maf-roda.com\/fr\/\" target=\"_blank\" rel=\"nofollow noopener\"><img loading=\"lazy\" decoding=\"async\" data-lazyloaded=\"1\" width=\"450\" height=\"270\" src=\"https:\/\/www.europesays.com\/es\/wp-content\/uploads\/2025\/10\/Maf-Roda-2025_Campana-IA_GIF-450x270_ES_V02_09.gif\"\/><\/a><\/p>\n<p>La progresi\u00f3n de Dia en el mercado espa\u00f1ol se apoya en la fortaleza de su <strong>modelo de proximidad, la mejora continua del surtido, con especial foco en los productos frescos, y la apuesta por una experiencia de compra <\/strong>m\u00e1s conveniente y accesible para sus clientes. Una estrategia que consolida a Dia como el referente de la compra diaria cercana, sencilla y de calidad.<\/p>\n<p><strong>Un \u00e9xito basado en la mejor calidad y cercan\u00eda<\/strong><\/p>\n<p>En el camino por ofrecer la <strong>mejor experiencia de compra<\/strong> y adaptarse a las <strong>nuevas tendencias de consumo<\/strong>, <strong>Dia<\/strong> contin\u00faa avanzando en su compromiso de estar cada d\u00eda m\u00e1s cerca de sus clientes.<\/p>\n<p><a class=\"gofollow\" data-track=\"Mzg5LDYsMSw2MA==\" href=\"https:\/\/www.partidalogistics.com\/?utm_source=fruittoday.com&amp;utm_medium=display&amp;utm_term=450x270&amp;utm_content=alcance_imagen2025_display_450x270_generica_mdm&amp;utm_campaign=imagen2025\" target=\"_blank\" rel=\"nofollow noopener\"><img loading=\"lazy\" decoding=\"async\" data-lazyloaded=\"1\" width=\"450\" height=\"270\" src=\"https:\/\/www.europesays.com\/es\/wp-content\/uploads\/2025\/10\/Partida-250912-BANNE-FRUIT-TODAY-1.jpg\"\/><\/a><\/p>\n<p>La compa\u00f1\u00eda ofrece un <strong>surtido equilibrado 50\/50<\/strong>, que combina las<strong> marcas preferidas de fabricante nacionales e internacionales<\/strong> con una <strong>marca propia de m\u00e1xima calidad<\/strong>, garantizando as\u00ed una oferta competitiva, completa y adaptada a las necesidades de todos los hogares. El \u00e9xito de esta estrategia se refleja en el desempe\u00f1o de los productos de la \u201cNueva Calidad Dia\u201d, que representan el <strong>58% de la cesta de compra<\/strong>.<\/p>\n<p>En l\u00ednea con su modelo de <strong>proximidad<\/strong>, <strong>Dia<\/strong> contin\u00faa impulsando su <strong>canal online<\/strong> para llegar all\u00ed donde otros no llegan. Su servicio de <strong>e-commerce<\/strong> ya cubre el <strong>84% de la poblaci\u00f3n espa\u00f1ola<\/strong>, incluyendo <strong>cuatro millones de habitantes en municipios de menos de 10.000 personas<\/strong>, consolidando su papel como referente de la compra accesible y cercana. Su programa de fidelizaci\u00f3n <strong>Club Dia <\/strong>es un aliado del ahorro de los hogares con cerca de<strong> 6 millones de socios en Espa\u00f1a<\/strong>.<\/p>\n<p><strong>Un total de 2.400 referencias con un especial foco en los frescos <\/strong><\/p>\n<p>Tras cuatro a\u00f1os de intenso trabajo, <strong>Dia<\/strong> consolid\u00f3 en 2024 la <strong>renovaci\u00f3n integral de su marca propia<\/strong>, compuesta por <strong>2.400 referencias<\/strong> para ofrecer los productos de la mejor calidad a precios asequibles.<\/p>\n<p><strong><a href=\"https:\/\/fruittoday.com\/dia-avanza-en-su-modelo-de-proximidad-a-nivel-nacional\/\" target=\"_blank\" rel=\"noopener nofollow\">NOTICIA RELACIONADA: Dia avanza en su modelo de proximidad a nivel nacional<\/a><\/strong><\/p>\n<p>Este proceso ha supuesto la revisi\u00f3n completa de recetas y formulaciones, con el objetivo de <strong>elevar la calidad de los productos<\/strong> y reforzar la confianza de los clientes. Para ello, la compa\u00f1\u00eda se apoya en una <strong>amplia red de proveedores locales<\/strong>, que garantizan <strong>frescura, trazabilidad y proximidad<\/strong> en cada etapa del proceso.<\/p>\n<p>La nueva propuesta comercial otorga un papel protagonista a los <strong>productos frescos<\/strong>, eje central del nuevo concepto de tienda de <strong>Dia<\/strong>. Las <strong>frutas y verduras de temporada<\/strong>, junto a <strong>pescados y carnes frescass de origen nacional como pollo, pavo, conejo, vacuno o porcino <\/strong>as\u00ed como la<strong> panader\u00eda<\/strong>, reflejan el compromiso de la compa\u00f1\u00eda con la <strong>calidad, el producto local y la cercan\u00eda al cliente<\/strong>.<\/p>\n","protected":false},"excerpt":{"rendered":"Dia contin\u00faa avanzando en la consolidaci\u00f3n de su modelo de proximidad en toda Espa\u00f1a, reforzando su cuarta posici\u00f3n&hellip;\n","protected":false},"author":2,"featured_media":193649,"comment_status":"","ping_status":"","sticky":false,"template":"","format":"standard","meta":{"footnotes":""},"categories":[80],"tags":[82,978,95,94,25,24,23,38670],"class_list":{"0":"post-193648","1":"post","2":"type-post","3":"status-publish","4":"format-standard","5":"has-post-thumbnail","7":"category-economia","8":"tag-business","9":"tag-dia","10":"tag-economia","11":"tag-economy","12":"tag-es","13":"tag-espana","14":"tag-spain","15":"tag-supermercado"},"share_on_mastodon":{"url":"https:\/\/pubeurope.com\/@es\/115417724370152921","error":""},"_links":{"self":[{"href":"https:\/\/www.europesays.com\/es\/wp-json\/wp\/v2\/posts\/193648","targetHints":{"allow":["GET"]}}],"collection":[{"href":"https:\/\/www.europesays.com\/es\/wp-json\/wp\/v2\/posts"}],"about":[{"href":"https:\/\/www.europesays.com\/es\/wp-json\/wp\/v2\/types\/post"}],"author":[{"embeddable":true,"href":"https:\/\/www.europesays.com\/es\/wp-json\/wp\/v2\/users\/2"}],"replies":[{"embeddable":true,"href":"https:\/\/www.europesays.com\/es\/wp-json\/wp\/v2\/comments?post=193648"}],"version-history":[{"count":0,"href":"https:\/\/www.europesays.com\/es\/wp-json\/wp\/v2\/posts\/193648\/revisions"}],"wp:featuredmedia":[{"embeddable":true,"href":"https:\/\/www.europesays.com\/es\/wp-json\/wp\/v2\/media\/193649"}],"wp:attachment":[{"href":"https:\/\/www.europesays.com\/es\/wp-json\/wp\/v2\/media?parent=193648"}],"wp:term":[{"taxonomy":"category","embeddable":true,"href":"https:\/\/www.europesays.com\/es\/wp-json\/wp\/v2\/categories?post=193648"},{"taxonomy":"post_tag","embeddable":true,"href":"https:\/\/www.europesays.com\/es\/wp-json\/wp\/v2\/tags?post=193648"}],"curies":[{"name":"wp","href":"https:\/\/api.w.org\/{rel}","templated":true}]}}