{"id":193656,"date":"2025-10-22T12:07:08","date_gmt":"2025-10-22T12:07:08","guid":{"rendered":"https:\/\/www.europesays.com\/es\/193656\/"},"modified":"2025-10-22T12:07:08","modified_gmt":"2025-10-22T12:07:08","slug":"bera-bera-super-amara-recibe-a-un-irregular-granollers-sabado-18-h","status":"publish","type":"post","link":"https:\/\/www.europesays.com\/es\/193656\/","title":{"rendered":"Bera Bera &#8211; super amara recibe a un irregular Granollers (s\u00e1bado 18 h.)"},"content":{"rendered":"<p class=\"MsoNormal\" style=\"text-align: justify;\">Hoy mi\u00e9rcoles, las 15 jugadoras que componen la primera plantilla se volver\u00e1n a juntar tras dos semanas desperdigadas, es decir, tras el partido ante Zonzamas, de modo que Imanol \u00c1lvarez y Jon Begiristain tendr\u00e1n tres d\u00edas para preparar el partido del s\u00e1bado (Gasca, 18 h.) ante KH7 BM Granollers (Javier \u00c1lvarez \u2013colegio vasco- y Yon Bustamente \u2013colegio navarro-).<\/p>\n<p class=\"MsoNormal\" style=\"text-align: justify;\"><img decoding=\"async\" style=\"float: right;\" src=\"https:\/\/www.europesays.com\/es\/wp-content\/uploads\/2025\/10\/Kontutan hartzekoa Granollers.png\" width=\"385\" height=\"480\" loading=\"lazy\" data-path=\"local-images:\/Balonmano\/2025-26\/Kontutan hartzekoa Granollers.png\"\/>Y es que, dado el trasiego en el caso de las Guerreras, llegaron el lunes desde Bratislava, tuvieron d\u00eda libre ayer \u2013salvo Etxeberria y Erauskin-, de modo que el grupo se juntar\u00e1 hoy de nuevo para cambiar de chip y centrarse en las tres semanas y media que vienen.<\/p>\n<p class=\"MsoNormal\">KH7 BM Granollers ser\u00e1 el primer rival al que se medir\u00e1 super amara Bera Bera. Un equipo que se ha recompuesto con los regresos de Vizuete y Torr\u00e0s y los fichajes de Itziar Mart\u00ednez (Guard\u00e9s), Raquel Mor\u00e9 (Zuazo) y Nayla de Andr\u00e9s (La Calzada). Pero que se ha mostrado irregular en los partidos que ha disputado hasta el momento, capaz de ir ganando durante muchos minutos en A Sangri\u00f1a, empezar 1-7 en Zonzamas pero terminar perdiendo con holgura, ganar en Elda recibiendo solo 17 goles o ser remontada en casa con Grafomental La Rioja, en su \u00faltimo partido de liga.<\/p>\n<p class=\"MsoNormal\" style=\"text-align: justify;\">Por esa raz\u00f3n, no ser\u00e1 un rival c\u00f3modo para el retorno a la competici\u00f3n liguera. Tras su frustrado fichaje por Merignac (no pudo competir en la primera francesa), Martina Capdevila regres\u00f3 a Granollers y es la m\u00e1xima goleadora del equipo con 39 goles y segunda de la Liga. A su lado, Bel\u00e9n Rodr\u00edguez, Itziar Mart\u00ednez, Mireia Torr\u00e0s completan una primera l\u00ednea con mucha profundidad, en los extremos destaca Ona Vila, y en el pivote trabajo asegurado con Polonio, De Andr\u00e9s y la joven Bel\u00e9n Gamito. Y porter\u00eda asegurada con Marta Mera y Goundo Gassama. Y en la direcci\u00f3n del equipo, Robert Cuesta. H7 BM Granollers cuenta con cuatro puntos y actualmente pelea por salir de posiciones de play-down.<\/p>\n","protected":false},"excerpt":{"rendered":"Hoy mi\u00e9rcoles, las 15 jugadoras que componen la primera plantilla se volver\u00e1n a juntar tras dos semanas desperdigadas,&hellip;\n","protected":false},"author":2,"featured_media":193657,"comment_status":"","ping_status":"","sticky":false,"template":"","format":"standard","meta":{"footnotes":""},"categories":[278],"tags":[376,168,25,24,375,23,167],"class_list":{"0":"post-193656","1":"post","2":"type-post","3":"status-publish","4":"format-standard","5":"has-post-thumbnail","7":"category-balonmano","8":"tag-balonmano","9":"tag-deportes","10":"tag-es","11":"tag-espana","12":"tag-handball","13":"tag-spain","14":"tag-sports"},"share_on_mastodon":{"url":"https:\/\/pubeurope.com\/@es\/115417739961430172","error":""},"_links":{"self":[{"href":"https:\/\/www.europesays.com\/es\/wp-json\/wp\/v2\/posts\/193656","targetHints":{"allow":["GET"]}}],"collection":[{"href":"https:\/\/www.europesays.com\/es\/wp-json\/wp\/v2\/posts"}],"about":[{"href":"https:\/\/www.europesays.com\/es\/wp-json\/wp\/v2\/types\/post"}],"author":[{"embeddable":true,"href":"https:\/\/www.europesays.com\/es\/wp-json\/wp\/v2\/users\/2"}],"replies":[{"embeddable":true,"href":"https:\/\/www.europesays.com\/es\/wp-json\/wp\/v2\/comments?post=193656"}],"version-history":[{"count":0,"href":"https:\/\/www.europesays.com\/es\/wp-json\/wp\/v2\/posts\/193656\/revisions"}],"wp:featuredmedia":[{"embeddable":true,"href":"https:\/\/www.europesays.com\/es\/wp-json\/wp\/v2\/media\/193657"}],"wp:attachment":[{"href":"https:\/\/www.europesays.com\/es\/wp-json\/wp\/v2\/media?parent=193656"}],"wp:term":[{"taxonomy":"category","embeddable":true,"href":"https:\/\/www.europesays.com\/es\/wp-json\/wp\/v2\/categories?post=193656"},{"taxonomy":"post_tag","embeddable":true,"href":"https:\/\/www.europesays.com\/es\/wp-json\/wp\/v2\/tags?post=193656"}],"curies":[{"name":"wp","href":"https:\/\/api.w.org\/{rel}","templated":true}]}}