{"id":193658,"date":"2025-10-22T12:08:10","date_gmt":"2025-10-22T12:08:10","guid":{"rendered":"https:\/\/www.europesays.com\/es\/193658\/"},"modified":"2025-10-22T12:08:10","modified_gmt":"2025-10-22T12:08:10","slug":"alberto-garcia-alejandro-marquez-y-enrique-guillen-esta-noche-en-tendido-1-de-play-radio-107-7-fm-avance-taurino","status":"publish","type":"post","link":"https:\/\/www.europesays.com\/es\/193658\/","title":{"rendered":"Alberto Garcia, Alejandro M\u00e1rquez y Enrique Guillen esta noche en Tendido 1 de Play Radio, 107.7 FM \u2013 Avance Taurino"},"content":{"rendered":"<p class=\"yiv8143821547ydp46dce360MsoNormal\">Hoy\u00a0mi\u00e9rcoles, d\u00eda 22 de octubre <b>a las 21:00 horas,<\/b>\u00a0en Play Radio 107.7 FM,\u00a0<a href=\"http:\/\/www.playradio.es,\/\" target=\"_blank\" rel=\"noopener nofollow\">http:\/\/www.playradio.es,<\/a> se emitir\u00e1 el programa de informaci\u00f3n taurina TENDIDO UNO bajo la direcci\u00f3n de Enrique Amat. Su contenido cuenta con las siguientes secciones:<\/p>\n<p class=\"yiv8143821547ydp46dce360MsoNormal\">\u2013 Desde el Tendido<\/p>\n<p class=\"yiv8143821547ydp46dce360MsoNormal\">\u2013 El Tintero de Antonio Fuentes<\/p>\n<p class=\"yiv8143821547ydp46dce360MsoNormal\">\u2013 El cuern\u00f3metro<\/p>\n<p class=\"yiv8143821547ydp46dce360MsoNormal\">\u2013 La entrevista<\/p>\n<p class=\"yiv8143821547ydp46dce360MsoNormal\">\u2013 Tal d\u00eda como hoy<\/p>\n<p class=\"yiv8143821547ydp46dce360MsoNormal\">\u2013 Taurocultura<\/p>\n<p class=\"yiv8143821547ydp46dce360MsoNormal\">Concluy\u00f3\u00a0la temporada con la feria de Ja\u00e9n, con un buen encierro de Victorino Mart\u00edn y triunfo de la terna. Tambi\u00e9n en Arenas de San Pedro volv\u00eda a los ruedos\u00a0C\u00e9sar Jim\u00e9nez. En Sanl\u00facar de Barrameda ten\u00eda lugar la final de Circuito \u00a0Nacional\u00a0de Novilladas con el triunfo\u00a0de Mario Vilau. Y la escuela de tauromaquia de Valencia clausuraba su curso en Venta del Moro.<\/p>\n<p class=\"yiv8143821547ydp46dce360MsoNormal\">En Valencia, ten\u00eda lugar la gala de entrega de los premios de la Diputaci\u00f3n de\u00a02024 y 2025, en la que\u00a0Vicente Momp\u00f3, presidente de la Diputaci\u00f3n asegur\u00f3 que Nautalia sigue al frente de la plaza que\u00a0abrir\u00e1 sus puertas en fallas 2026, y se prepara un pliego para 2027.<\/p>\n<p class=\"yiv8143821547ydp46dce360MsoNormal\">Y en el d\u00eda en el que se cumple el XXV aniversario de la retirada definitiva de los ruedos de Curro\u00a0Romero en La Algaba, estar\u00e1\u00a0en antena\u00a0Alberto Garcia, CEO de la empresa Tauroemocion, para hablar\u00a0de la feria de Ja\u00e9n, y\u00a0de una temporada intensa al frente de quince plazas.<\/p>\n<p class=\"yiv8143821547ydp46dce360MsoNormal\">Tambi\u00e9n intervendr\u00e1\u00a0Alejandro M\u00e1rquez, autor del libro Litri, grande del toreo, \u00a0para hablarnos de la figura de este torero, nacido en Gand\u00eda, aunque onubense de cuna, al cumplirse el 75 aniversario de su alternativa en Valencia.<\/p>\n<p class=\"yiv8143821547ydp46dce360MsoNormal\">Y cerrar\u00e1 el elenco de invitados Enrique\u00a0Guillen, director de la escuela\u00a0taurina de Catalu\u00f1a, para hablarnos de la situaci\u00f3n de los toros en aquella zona\u00a0\u00a0y del\u00a0triunfo de su pupilo de Mario\u00a0Vilau en el Certamen Nacional de Novilladas.<\/p>\n<p class=\"yiv8143821547ydp46dce360MsoNormal\">Con las efem\u00e9rides del d\u00eda, las recomendaciones culturales y la m\u00fasica de Romerito de Jerez completar\u00e1 el programa.<\/p>\n","protected":false},"excerpt":{"rendered":"Hoy\u00a0mi\u00e9rcoles, d\u00eda 22 de octubre a las 21:00 horas,\u00a0en Play Radio 107.7 FM,\u00a0http:\/\/www.playradio.es, se emitir\u00e1 el programa de&hellip;\n","protected":false},"author":2,"featured_media":193659,"comment_status":"","ping_status":"","sticky":false,"template":"","format":"standard","meta":{"footnotes":""},"categories":[277],"tags":[373,168,25,24,23,167,374],"class_list":{"0":"post-193658","1":"post","2":"type-post","3":"status-publish","4":"format-standard","5":"has-post-thumbnail","7":"category-toreo","8":"tag-bullfighting","9":"tag-deportes","10":"tag-es","11":"tag-espana","12":"tag-spain","13":"tag-sports","14":"tag-toreo"},"share_on_mastodon":{"url":"https:\/\/pubeurope.com\/@es\/115417743530451024","error":""},"_links":{"self":[{"href":"https:\/\/www.europesays.com\/es\/wp-json\/wp\/v2\/posts\/193658","targetHints":{"allow":["GET"]}}],"collection":[{"href":"https:\/\/www.europesays.com\/es\/wp-json\/wp\/v2\/posts"}],"about":[{"href":"https:\/\/www.europesays.com\/es\/wp-json\/wp\/v2\/types\/post"}],"author":[{"embeddable":true,"href":"https:\/\/www.europesays.com\/es\/wp-json\/wp\/v2\/users\/2"}],"replies":[{"embeddable":true,"href":"https:\/\/www.europesays.com\/es\/wp-json\/wp\/v2\/comments?post=193658"}],"version-history":[{"count":0,"href":"https:\/\/www.europesays.com\/es\/wp-json\/wp\/v2\/posts\/193658\/revisions"}],"wp:featuredmedia":[{"embeddable":true,"href":"https:\/\/www.europesays.com\/es\/wp-json\/wp\/v2\/media\/193659"}],"wp:attachment":[{"href":"https:\/\/www.europesays.com\/es\/wp-json\/wp\/v2\/media?parent=193658"}],"wp:term":[{"taxonomy":"category","embeddable":true,"href":"https:\/\/www.europesays.com\/es\/wp-json\/wp\/v2\/categories?post=193658"},{"taxonomy":"post_tag","embeddable":true,"href":"https:\/\/www.europesays.com\/es\/wp-json\/wp\/v2\/tags?post=193658"}],"curies":[{"name":"wp","href":"https:\/\/api.w.org\/{rel}","templated":true}]}}