{"id":193662,"date":"2025-10-22T12:12:10","date_gmt":"2025-10-22T12:12:10","guid":{"rendered":"https:\/\/www.europesays.com\/es\/193662\/"},"modified":"2025-10-22T12:12:10","modified_gmt":"2025-10-22T12:12:10","slug":"la-ciclista-navarra-paula-ostiz-realizara-el-saque-de-honor-en-el-sadar-este-domingo","status":"publish","type":"post","link":"https:\/\/www.europesays.com\/es\/193662\/","title":{"rendered":"La ciclista navarra Paula Ostiz realizar\u00e1 el saque de honor en El Sadar este domingo"},"content":{"rendered":"<p>\n        La campeona mundial y europea de ciclismo, la navarra <a href=\"https:\/\/www.noticiasdenavarra.com\/tags\/paula-ostiz\/\" title=\"Paula Ostiz\" target=\"_blank\" class=\"link copy\" rel=\"nofollow noopener\"><strong>Paula Ostiz<\/strong><\/a><strong>,<\/strong> realizar\u00e1 el <strong>saque de honor<\/strong> en los proleg\u00f3menos del <strong>Osasuna-Celta de Vigo<\/strong> este <strong>domingo<\/strong> en El Sadar, encuentro correspondiente a la jornada 10 de LaLiga .\n<\/p>\n<p class=\"article-body__text \">\n        La joven ciclista, reciente <strong>campeona del mundo<\/strong> en categor\u00eda j\u00fanior, recibir\u00e1 as\u00ed un merecido reconocimiento por su excelente temporada delante del p\u00fablico rojillo. Ostiz, con apenas <strong>18 a\u00f1os,<\/strong> ya es un referente y una inspiraci\u00f3n para muchos ni\u00f1os y ni\u00f1as de la comunidad.\n<\/p>\n<p class=\"article-body__text \">\n        \u00ab<strong>Ser\u00e1 un placer recibirte en El Sadar <\/strong>y que sientas el reconocimiento de nuestra afici\u00f3n\u00bb, se\u00f1ala Osasuna al respecto en su cuenta de X.<\/p>\n","protected":false},"excerpt":{"rendered":"La campeona mundial y europea de ciclismo, la navarra Paula Ostiz, realizar\u00e1 el saque de honor en los&hellip;\n","protected":false},"author":2,"featured_media":193663,"comment_status":"","ping_status":"","sticky":false,"template":"","format":"standard","meta":{"footnotes":""},"categories":[273],"tags":[313,1757,312,168,25,24,708,43324,8464,10550,23,167],"class_list":{"0":"post-193662","1":"post","2":"type-post","3":"status-publish","4":"format-standard","5":"has-post-thumbnail","7":"category-ciclismo","8":"tag-ciclismo","9":"tag-ciclista","10":"tag-cycling","11":"tag-deportes","12":"tag-es","13":"tag-espana","14":"tag-navarra","15":"tag-ostiz","16":"tag-paula","17":"tag-realizara","18":"tag-spain","19":"tag-sports"},"share_on_mastodon":{"url":"https:\/\/pubeurope.com\/@es\/115417759395705325","error":""},"_links":{"self":[{"href":"https:\/\/www.europesays.com\/es\/wp-json\/wp\/v2\/posts\/193662","targetHints":{"allow":["GET"]}}],"collection":[{"href":"https:\/\/www.europesays.com\/es\/wp-json\/wp\/v2\/posts"}],"about":[{"href":"https:\/\/www.europesays.com\/es\/wp-json\/wp\/v2\/types\/post"}],"author":[{"embeddable":true,"href":"https:\/\/www.europesays.com\/es\/wp-json\/wp\/v2\/users\/2"}],"replies":[{"embeddable":true,"href":"https:\/\/www.europesays.com\/es\/wp-json\/wp\/v2\/comments?post=193662"}],"version-history":[{"count":0,"href":"https:\/\/www.europesays.com\/es\/wp-json\/wp\/v2\/posts\/193662\/revisions"}],"wp:featuredmedia":[{"embeddable":true,"href":"https:\/\/www.europesays.com\/es\/wp-json\/wp\/v2\/media\/193663"}],"wp:attachment":[{"href":"https:\/\/www.europesays.com\/es\/wp-json\/wp\/v2\/media?parent=193662"}],"wp:term":[{"taxonomy":"category","embeddable":true,"href":"https:\/\/www.europesays.com\/es\/wp-json\/wp\/v2\/categories?post=193662"},{"taxonomy":"post_tag","embeddable":true,"href":"https:\/\/www.europesays.com\/es\/wp-json\/wp\/v2\/tags?post=193662"}],"curies":[{"name":"wp","href":"https:\/\/api.w.org\/{rel}","templated":true}]}}