{"id":193673,"date":"2025-10-22T12:18:18","date_gmt":"2025-10-22T12:18:18","guid":{"rendered":"https:\/\/www.europesays.com\/es\/193673\/"},"modified":"2025-10-22T12:18:18","modified_gmt":"2025-10-22T12:18:18","slug":"orrent-inaugura-la-52a-fira-del-llibre-con-una-jornada-literaria-y-festiva-en-la-plaza-de-la-unio-musical","status":"publish","type":"post","link":"https:\/\/www.europesays.com\/es\/193673\/","title":{"rendered":"orrent inaugura la 52\u00aa Fira del Llibre con una jornada literaria y festiva en la Plaza de la Uni\u00f3 Musical"},"content":{"rendered":"<p class=\"ft-text ft-helper-closenews ft-helper-align-justify\">Este jueves 23 de octubre, <a class=\"ft-link ft-link--decoration\" href=\"https:\/\/www.levante-emv.com\/horta\/2025\/10\/21\/falleras-mayores-torrent-peinetas-personalizadas-122840008.html\" rel=\"nofollow noopener\" target=\"_blank\"><strong>Torrent<\/strong><\/a><strong> dar\u00e1 inicio a la 52\u00aa Fira del Llibre, u<\/strong>na de las citas culturales m\u00e1s emblem\u00e1ticas de la ciudad, que comenzar\u00e1 con una jornada inaugural llena de actividades literarias y familiares en la <strong>Plaza de la Uni\u00f3 Musical, a partir de las 18:00 horas.<\/strong><\/p>\n<p class=\"ft-text ft-helper-align-justify\">El acto de apertura estar\u00e1 presidido por<strong> la<\/strong><a class=\"ft-link ft-link--decoration\" href=\"https:\/\/www.levante-emv.com\/horta\/2025\/10\/21\/amparo-folgado-alcaldesa-torrent-barranco-122843404.html\" target=\"_blank\" rel=\"nofollow noopener\"><strong> alcaldesa Amparo Folgado <\/strong><\/a><strong>a<\/strong>compa\u00f1ada del concejal de cultura. Aitor S\u00e1nchez, que comenzar\u00e1 con una gran xocolatada popular, dando la bienvenida a vecinos, lectores y visitantes. La programaci\u00f3n del primer d\u00eda reunir\u00e1 a los primeros autores invitados con una tertulia y firma conjunta de Javier Celada con \u201cEl abrazo del puercoesp\u00edn\u201d, Carlos Crespo con el \u201cEl polvo que yo escog\u00ed\u201d, David Lorca y Ana Isabel Mart\u00ednez con \u201cEl enigma de Voynich\u201d y Aurora R\u00faa con \u201cLa obra maestra de Evilasio Garc\u00eda\u201d, quienes presentar\u00e1n y firmar\u00e1n sus \u00faltimas obras y dialogar\u00e1n con el p\u00fablico, a las 18:00 horas en el escenario.<\/p>\n<p class=\"ft-text ft-helper-align-justify\">La jornada concluir\u00e1 a las 20:00 horas, con un musical infantil de<strong> \u201cLa Bella y la Bestia\u201d, <\/strong>dirigido a las familias y ni\u00f1os, que convertir\u00e1 el escenario de la feria en un espacio de cuento para celebrar los libros desde la imaginaci\u00f3n y la m\u00fasica.<\/p>\n<p><img decoding=\"async\" src=\"https:\/\/www.europesays.com\/es\/wp-content\/uploads\/2025\/10\/8a7d4a2d-6879-4ad4-be1a-3debdf332752_alta-libre-aspect-ratio_default_0.jpg\" width=\"1200\" height=\"800\" alt=\"Torrent prepara su Fira del Llibre.\" class=\"ft-helper-img-rd\" loading=\"lazy\" hasdataaida=\"true\"\/><\/p>\n<p class=\"ft-helper-fontColor-quaternary ft-helper-fontSize-body-S ft-helper-spacer-t-xxs\">Torrent prepara su Fira del Llibre.  \/ A.T.<\/p>\n<p class=\"ft-text ft-helper-align-justify\">La alcaldesa Amparo Folgado ha animado a toda la ciudadan\u00eda a participar desde el primer d\u00eda, <strong>\u201cinvitamos a todos los torrentinos y visitantes a acompa\u00f1arnos en esta inauguraci\u00f3n. L<\/strong><a class=\"ft-link ft-link--decoration\" href=\"https:\/\/www.levante-emv.com\/en-valencia\/2025\/10\/16\/bromera-dona-lots-200-llibres-122687265.html\" target=\"_blank\" rel=\"nofollow noopener\"><strong>a Fira del Llibre<\/strong><\/a><strong> es un encuentro con la cultura, con nuestros autores y con la lectura compartida. Es el mejor lugar para reencontrarnos con los libros y con todo lo que representan\u201d.<\/strong><\/p>\n<p class=\"ft-text ft-helper-align-justify\">El concejal de Cultura, Aitor S\u00e1nchez, ha destacado el valor de esta cita cultural, <strong>\u201cLa Fira del Llibre es mucho m\u00e1s que una feria: es una gran celebraci\u00f3n de la lectura abierta a todos los p\u00fablicos. Hemos preparado una programaci\u00f3n variada, con autores de primer nivel, actividades infantiles, teatro, poes\u00eda y talleres que har\u00e1n disfrutar tanto a quienes aman los libros como a quienes se acercan por primera vez. Queremos que la cultura vuelva a llenar la Pla\u00e7a y que todos los vecinos sientan esta feria como suya.\u201d<\/strong><\/p>\n<p> Santiago Posteguillo<\/p>\n<p class=\"ft-text ft-helper-align-justify\">Con m\u00e1s de una veintena de autores invitados, contar\u00e1 con destacadas figuras como <strong>Santiago Posteguillo, <\/strong>Eloy Moreno, Cherry Chic, Bego\u00f1a Valero, Rosa Ribas, Julio C\u00e9sar Cano, entre muchos otros que conforman un cartel literario de primer nivel y un programa literario y cultural ambicioso con cerca de treinta actividades gratuitas para todas las edades.<\/p>\n<p class=\"ft-text ft-helper-align-justify\"><strong>\u00a0<\/strong><\/p>\n<p class=\"ft-text ft-helper-align-justify\">Durante <strong>el s\u00e1bado 25 de octubre<\/strong> se ofrecer\u00e1n promociones especiales, benefici\u00e1ndose los visitantes de un 10 % de descuento en la compra de libros dentro de la 52\u00ba Fira del Llibre de Torrent. As\u00ed como, al cierre de casetas, cada d\u00eda, se realizar\u00e1 un sorteo de libros entre los participantes, para poder participar, es muy f\u00e1cil, con la compra de libros se entregar\u00e1 un boleto que hay que rellenar y depositar en la urna de la caseta de organizaci\u00f3n.<\/p>\n<p class=\"ft-text ft-helper-align-justify\">Esta edici\u00f3n, adem\u00e1s, coincidir\u00e1 con la conmemoraci\u00f3n d<strong>el 75\u00ba aniversario de las Bibliotecas P\u00fablicas Municipales de Torrent<\/strong> (1950-2025) y el 40\u00ba aniversario de la Casa de la Cultura de Torrent (1985-2025).<\/p>\n<p class=\"ft-text ft-helper-align-justify\"><strong>\u00a0<\/strong><\/p>\n<p class=\"ft-text ft-helper-align-justify\"><strong>Avance de programaci\u00f3n del fin de semana<\/strong><\/p>\n<p class=\"ft-text ft-helper-align-justify\">Tras la inauguraci\u00f3n, la Fira continuar\u00e1 el <strong>viernes 24 de octubre &#8211; D\u00eda de la narrativa actual y p\u00fablico juvenil<\/strong>. La ma\u00f1ana estar\u00e1 dedicada a los escolares con la actividad \u201cContes per a tu\u201d, y al homenaje en valenciano a la escritora Maria Beneyto con recitales po\u00e9ticos.<\/p>\n<p class=\"ft-text ft-helper-align-justify\">Por la tarde, el p\u00fablico podr\u00e1 disfrutar de las esperadas entrevistas con Cherry Chic y Eloy Moreno, quienes presentar\u00e1n sus \u00faltimas novelas y firmar\u00e1n ejemplares. Tambi\u00e9n habr\u00e1 talleres de c\u00f3mic y contenido digital como el taller Booktuber, para atraer a j\u00f3venes lectores.<\/p>\n<p class=\"ft-text ft-helper-align-justify\"><strong>S\u00e1bado 25 de octubre \u2013 Jornada central y magia literaria<\/strong><\/p>\n<p class=\"ft-text ft-helper-align-justify\">Ser\u00e1 el d\u00eda con mayor actividad. Por la ma\u00f1ana, se celebrar\u00e1n encuentros con autoras como Rosa Ribas, tertulias con Julio C\u00e9sar Cano, Emi Zan\u00f3n y Francisco Pascual, y cuentacuentos familiares.<\/p>\n<p class=\"ft-text ft-helper-align-justify\">Por la tarde, la Feria se transformar\u00e1 en un universo m\u00e1gico con la celebraci\u00f3n especial del 60\u00ba aniversario de J.K. Rowling, creadora de Harry Potter. Habr\u00e1 teatro, talleres de varitas, mandr\u00e1goras, libros monstruosos y photocall inspirado en Hogwarts. La jornada concluir\u00e1 con teatro nocturno y actividades literarias para j\u00f3venes y adultos.<\/p>\n<p class=\"ft-text ft-helper-align-justify\"><strong>Domingo 26 de octubre \u2013 Poes\u00eda y gran clausura hist\u00f3rica<\/strong><\/p>\n<p class=\"ft-text ft-helper-align-justify\">La ma\u00f1ana estar\u00e1 consagrada a la poes\u00eda con el recital Torrent de Paraules seguido de una tertulia con poetas valencianos.<\/p>\n<p class=\"ft-text ft-helper-align-justify\">Por la tarde, Torrent recibir\u00e1 al autor internacional Santiago Posteguillo, que presentar\u00e1 su nueva obra Los tres mundos, y a Bego\u00f1a Valero, quien abordar\u00e1 su narrativa hist\u00f3rica. Adem\u00e1s, se celebrar\u00e1 el taller literario El misterio de la Torre antes del acto de clausura oficial.<\/p>\n<p class=\"ft-text ft-helper-align-justify\">Con motivo de esta apertura, el ayuntamiento recuerda que todas las actividades ser\u00e1n gratuitas y que la Fira permanecer\u00e1 abierta del 23 al 26 de octubre, de 11:00 a 14:00 y de 17:00 a 20:30 horas. La programaci\u00f3n completa puede consultarse a trav\u00e9s de la web municipal <a href=\"https:\/\/torrent.es\/feria-del-libro\/\" class=\"ft-link ft-link--decoration\" rel=\"nofollow noopener\" target=\"_blank\">https:\/\/torrent.es\/feria-del-libro\/<\/a> y en la cuenta oficial de Instagram @bpmtorrent.<\/p>\n<p data-close=\"closedContent\" class=\"subscribeHideForDisplay\">Suscr\u00edbete para seguir leyendo<\/p>\n","protected":false},"excerpt":{"rendered":"Este jueves 23 de octubre, Torrent dar\u00e1 inicio a la 52\u00aa Fira del Llibre, una de las citas&hellip;\n","protected":false},"author":2,"featured_media":193674,"comment_status":"","ping_status":"","sticky":false,"template":"","format":"standard","meta":{"footnotes":""},"categories":[172],"tags":[53946,224,209,146,147,25,24,8483,4520,225,2437,2052,8485,23,1651,53945],"class_list":{"0":"post-193673","1":"post","2":"type-post","3":"status-publish","4":"format-standard","5":"has-post-thumbnail","7":"category-libros","8":"tag-52a","9":"tag-books","10":"tag-cultura","11":"tag-entertainment","12":"tag-entretenimiento","13":"tag-es","14":"tag-espana","15":"tag-fira","16":"tag-inaugura","17":"tag-libros","18":"tag-llibre","19":"tag-poesia","20":"tag-programacion","21":"tag-spain","22":"tag-teatro","23":"tag-torrent"},"share_on_mastodon":{"url":"https:\/\/pubeurope.com\/@es\/115417783304782223","error":""},"_links":{"self":[{"href":"https:\/\/www.europesays.com\/es\/wp-json\/wp\/v2\/posts\/193673","targetHints":{"allow":["GET"]}}],"collection":[{"href":"https:\/\/www.europesays.com\/es\/wp-json\/wp\/v2\/posts"}],"about":[{"href":"https:\/\/www.europesays.com\/es\/wp-json\/wp\/v2\/types\/post"}],"author":[{"embeddable":true,"href":"https:\/\/www.europesays.com\/es\/wp-json\/wp\/v2\/users\/2"}],"replies":[{"embeddable":true,"href":"https:\/\/www.europesays.com\/es\/wp-json\/wp\/v2\/comments?post=193673"}],"version-history":[{"count":0,"href":"https:\/\/www.europesays.com\/es\/wp-json\/wp\/v2\/posts\/193673\/revisions"}],"wp:featuredmedia":[{"embeddable":true,"href":"https:\/\/www.europesays.com\/es\/wp-json\/wp\/v2\/media\/193674"}],"wp:attachment":[{"href":"https:\/\/www.europesays.com\/es\/wp-json\/wp\/v2\/media?parent=193673"}],"wp:term":[{"taxonomy":"category","embeddable":true,"href":"https:\/\/www.europesays.com\/es\/wp-json\/wp\/v2\/categories?post=193673"},{"taxonomy":"post_tag","embeddable":true,"href":"https:\/\/www.europesays.com\/es\/wp-json\/wp\/v2\/tags?post=193673"}],"curies":[{"name":"wp","href":"https:\/\/api.w.org\/{rel}","templated":true}]}}