{"id":193677,"date":"2025-10-22T12:20:07","date_gmt":"2025-10-22T12:20:07","guid":{"rendered":"https:\/\/www.europesays.com\/es\/193677\/"},"modified":"2025-10-22T12:20:07","modified_gmt":"2025-10-22T12:20:07","slug":"si-el-publico-viene-vestido-como-mi-padre-me-distrae-no-tiene-sentido","status":"publish","type":"post","link":"https:\/\/www.europesays.com\/es\/193677\/","title":{"rendered":"Si el p\u00fablico viene vestido como mi padre, me distrae, no tiene sentido"},"content":{"rendered":"<p class=\"c-paragraph\">Modelo, cantante y actriz. <a href=\"https:\/\/www.20minutos.es\/tags\/personas\/paris-jackson.html\" title=\"Paris Jackson\" rel=\"nofollow noopener\" target=\"_blank\">Paris Jackson<\/a> es toda una \u00abmocatriz\u00bb, que dir\u00eda <a href=\"https:\/\/www.20minutos.es\/tags\/temas\/ojete-calor.html\" title=\"Ojete Calor\" rel=\"nofollow noopener\" target=\"_blank\">Ojete Calor<\/a>, y disfruta de todas esas facetas. Pero tiene claro que, cuando se sube al escenario para sus shows, <b>siempre hay comparaciones con su padre, <a href=\"https:\/\/www.20minutos.es\/tags\/personas\/michael-jackson.html\" title=\"Michael Jackson\" rel=\"nofollow noopener\" target=\"_blank\">Michael Jackson<\/a><\/b>.<\/p>\n<p class=\"c-paragraph\">As\u00ed lo declar\u00f3 en su reciente entrevista con Elle, revista en la que ha protagonizado una de sus \u00faltimas diez portadas por el 80 aniversario del magazine.<\/p>\n<p class=\"c-paragraph\">La artista habl\u00f3 de su espiritualidad, que es \u00ablo m\u00e1s importante\u00bb en su vida, as\u00ed como su reciente desintoxicaci\u00f3n de adicciones. \u00abAcabo de dejar la nicotina y la cafe\u00edna, que eran mis \u00faltimos vicios\u00bb, destac\u00f3 y celebr\u00f3 estar limpia: \u00ab<b>Mi superpoder es la sobriedad. El \u00fanico vicio que me queda es la oraci\u00f3n<\/b>\u00ab.<\/p>\n<p class=\"c-paragraph\">Paris Jackson tambi\u00e9n reflexion\u00f3 sobre su salud mental, algo que cuida d\u00eda a d\u00eda, pues ser hija del &#8216;Rey del Pop&#8217; ha hecho que siempre tuviera el foco sobre ella:\u00a0\u00ab<b>Me he sentido juzgada todo el tiempo<\/b>, es la historia de mi vida. As\u00ed que trato de aprender a ser amable conmigo misma\u00bb.<\/p>\n<p class=\"c-paragraph\"><b>\u00abMe han estado destrozando desde que ten\u00eda 13 o 14 a\u00f1os<\/b>&#8230; y ha llegado un punto en el que, finalmente, estoy empezando a divertirme con las redes\u00bb, asegur\u00f3.<\/p>\n<p class=\"c-paragraph\">Adem\u00e1s, dentro de este proceso, la m\u00fasica la ayuda mucho y lo que m\u00e1s disfruta \u00abes estar sola con la guitarra\u00bb y dejarse llevar. Otra de las cosas que le encantan es \u00abdar conciertos\u00bb, pero <b>c\u00f3mo se siente \u00absobre el escenario depende mucho del p\u00fablico\u00bb.<\/b><\/p>\n<p class=\"c-paragraph\">\u00abSi responden y veo que conectan con mis canciones, es divertido. Si aparecen vestidos como mi padre, me distrae mucho, y no tiene sentido para el tipo de m\u00fasica que yo hago\u00bb, se quej\u00f3.<\/p>\n","protected":false},"excerpt":{"rendered":"Modelo, cantante y actriz. Paris Jackson es toda una \u00abmocatriz\u00bb, que dir\u00eda Ojete Calor, y disfruta de todas&hellip;\n","protected":false},"author":2,"featured_media":193678,"comment_status":"","ping_status":"","sticky":false,"template":"","format":"standard","meta":{"footnotes":""},"categories":[170],"tags":[208,146,147,25,24,2515,184,185,4759,57,23,20899],"class_list":{"0":"post-193677","1":"post","2":"type-post","3":"status-publish","4":"format-standard","5":"has-post-thumbnail","7":"category-musica","8":"tag-conciertos","9":"tag-entertainment","10":"tag-entretenimiento","11":"tag-es","12":"tag-espana","13":"tag-jackson","14":"tag-music","15":"tag-musica","16":"tag-paris","17":"tag-sobre","18":"tag-spain","19":"tag-sus"},"share_on_mastodon":{"url":"https:\/\/pubeurope.com\/@es\/115417790733961364","error":""},"_links":{"self":[{"href":"https:\/\/www.europesays.com\/es\/wp-json\/wp\/v2\/posts\/193677","targetHints":{"allow":["GET"]}}],"collection":[{"href":"https:\/\/www.europesays.com\/es\/wp-json\/wp\/v2\/posts"}],"about":[{"href":"https:\/\/www.europesays.com\/es\/wp-json\/wp\/v2\/types\/post"}],"author":[{"embeddable":true,"href":"https:\/\/www.europesays.com\/es\/wp-json\/wp\/v2\/users\/2"}],"replies":[{"embeddable":true,"href":"https:\/\/www.europesays.com\/es\/wp-json\/wp\/v2\/comments?post=193677"}],"version-history":[{"count":0,"href":"https:\/\/www.europesays.com\/es\/wp-json\/wp\/v2\/posts\/193677\/revisions"}],"wp:featuredmedia":[{"embeddable":true,"href":"https:\/\/www.europesays.com\/es\/wp-json\/wp\/v2\/media\/193678"}],"wp:attachment":[{"href":"https:\/\/www.europesays.com\/es\/wp-json\/wp\/v2\/media?parent=193677"}],"wp:term":[{"taxonomy":"category","embeddable":true,"href":"https:\/\/www.europesays.com\/es\/wp-json\/wp\/v2\/categories?post=193677"},{"taxonomy":"post_tag","embeddable":true,"href":"https:\/\/www.europesays.com\/es\/wp-json\/wp\/v2\/tags?post=193677"}],"curies":[{"name":"wp","href":"https:\/\/api.w.org\/{rel}","templated":true}]}}