{"id":193689,"date":"2025-10-22T12:27:10","date_gmt":"2025-10-22T12:27:10","guid":{"rendered":"https:\/\/www.europesays.com\/es\/193689\/"},"modified":"2025-10-22T12:27:10","modified_gmt":"2025-10-22T12:27:10","slug":"2-periodistas-encarcelados-en-bielorrusia-y-georgia-ganan-el-premio-sajarov-a-los-derechos-humanos","status":"publish","type":"post","link":"https:\/\/www.europesays.com\/es\/193689\/","title":{"rendered":"2 periodistas encarcelados en Bielorrusia y Georgia ganan el Premio S\u00e1jarov a los Derechos Humanos"},"content":{"rendered":"<p>\n  Por&amp;nbsp<b>Euronews en espa\u00f1ol<\/b>\n<\/p>\n<p>\n                    Publicado                 22\/10\/2025 &#8211; 13:38 CEST<br \/>\n                \u2022Ultima actualizaci\u00f3n<br \/>\n                                     14:05\n                                        <\/p>\n<p>Dos periodistas, uno encarcelado en Bielorrusia y el otro en Georgia, <a href=\"https:\/\/es.euronews.com\/my-europe\/2025\/10\/16\/el-parlamento-europeo-anuncia-los-tres-finalistas-del-premio-sajarov-2025\" rel=\"nofollow noopener\" target=\"_blank\">han ganado el Premio S\u00e1jarov<\/a>, el <strong>m\u00e1ximo galard\u00f3n de derechos humanos de la Uni\u00f3n Europea,<\/strong> seg\u00fan anunci\u00f3 el mi\u00e9rcoles la presidenta del Parlamento Europeo, Roberta Metsola.<\/p>\n<p><strong>Andrzej Poczobut<\/strong>, corresponsal del influyente peri\u00f3dico polaco &#8216;Gazeta Wyborcza&#8217;, <strong>fue declarado culpable<\/strong> de \u00abatentar contra la <a href=\"https:\/\/es.euronews.com\/my-europe\/2025\/10\/18\/agentes-de-la-guardia-fronteriza-descubrieron-el-viernes-un-tunel-que-conecta-bielorrusia-\" rel=\"nofollow noopener\" target=\"_blank\">seguridad nacional de Bielorrusia<\/a>\u00bb y condenado a ocho a\u00f1os de prisi\u00f3n, que cumple en la colonia penal de Novopolotsk.<\/p>\n<p><strong>Mzia Amaghlobeli,<\/strong> destacada periodista fundadora de dos medios de comunicaci\u00f3n independientes de Georgia, <strong>fue condenada en agosto por abofetear a un jefe de Polic\u00eda<\/strong> durante una protesta antigubernamental. Fue condenada a dos a\u00f1os de prisi\u00f3n en un caso que fue condenado por organizaciones de derechos humanos como un intento de <a href=\"https:\/\/es.euronews.com\/my-europe\/2025\/05\/03\/dia-mundial-de-la-libertad-de-prensa-retos-para-salvaguardarla-y-papel-de-la-ia-en-los-med\" rel=\"nofollow noopener\" target=\"_blank\">limitar la libertad de prensa.<\/a><\/p>\n<p>\u00abAmbos periodistas <strong>se encuentran actualmente en prisi\u00f3n por cargos falsos,<\/strong> simplemente por realizar su trabajo y denunciar la injusticia. Su valent\u00eda los ha convertido en s\u00edmbolos de la lucha por la libertad y la democracia\u00bb, <a href=\"https:\/\/es.euronews.com\/my-europe\/2024\/07\/16\/quien-es-roberta-metsola-la-mujer-que-ha-sido-reelegida-presidenta-del-parlamento-europeo\" rel=\"nofollow noopener\" target=\"_blank\">declar\u00f3 Metsola <\/a>en el parlamento de Estrasburgo, Francia.<\/p>\n<p><strong>El premio anual de la UE<\/strong>, que lleva el nombre del disidente sovi\u00e9tico Andr\u00e9i S\u00e1jarov, Premio Nobel de la Paz, <strong>se cre\u00f3 en 1988 para honrar a personas o grupos<\/strong> que defienden los derechos humanos y las libertades fundamentales.<\/p>\n<p>El ganador es elegido por altos legisladores de la UE entre los candidatos propuestos por los distintos grupos pol\u00edticos del Parlamento Europeo. <strong>La asamblea afirma que el premio es \u00abel mayor homenaje que rinde la Uni\u00f3n Europea<\/strong> a la labor en favor de los derechos humanos\u00bb.<\/p>\n<p><strong>La l\u00edder opositora bielorrusa<\/strong>, <a href=\"https:\/\/es.euronews.com\/my-europe\/2025\/03\/27\/los-dictadores-solo-entienden-el-lenguaje-del-poder-o-la-fuerza-dice-tsikhanouskaya\" rel=\"nofollow noopener\" target=\"_blank\">Svetlana Tsikhanouskaya<\/a>, quien junto con su esposo Siarhei Tsikhanouski y otros opositores al r\u00e9gimen del presidente Alexander Lukashenko gan\u00f3 el premio en 2020, <strong>afirm\u00f3 que otorgarlo a los periodistas este a\u00f1o \u00abenv\u00eda un contundente mensaje<\/strong> a todos los presos pol\u00edticos: no est\u00e1n solos y el periodismo no es un delito\u00bb.<\/p>\n<p><strong>Varios galardonados con el Premio S\u00e1jarov<\/strong>, entre ellos Nelson Mandela, Malala Yousafzai, Denis Mukwege y Nadia Murad,fueron reconocidos <strong>posteriormente el Premio Nobel de la Paz.<\/strong> <\/p>\n<p><a href=\"https:\/\/es.euronews.com\/2025\/10\/10\/quien-es-maria-corina-machado-vida-y-trayectoria-politica-de-ingeniera-a-nobel-de-la-paz\" rel=\"nofollow noopener\" target=\"_blank\">La l\u00edder opositora venezolana <strong>Mar\u00eda Corina Machado,<\/strong><\/a> quien gan\u00f3 el Premio Nobel de la Paz a principios de este mes, recogi\u00f3 el S\u00e1jarov el a\u00f1o pasado. El galard\u00f3n, dotado con 50.000 euros, se entregar\u00e1 en una ceremonia en el Parlamento Europeo en Estrasburgo en diciembre.<\/p>\n<p>Fuentes adicionales<strong> \u2022 AP<\/strong><\/p>\n","protected":false},"excerpt":{"rendered":"Por&amp;nbspEuronews en espa\u00f1ol Publicado 22\/10\/2025 &#8211; 13:38 CEST \u2022Ultima actualizaci\u00f3n 14:05 Dos periodistas, uno encarcelado en Bielorrusia y&hellip;\n","protected":false},"author":2,"featured_media":193690,"comment_status":"","ping_status":"","sticky":false,"template":"","format":"standard","meta":{"footnotes":""},"categories":[42],"tags":[31499,17,18,13,14,11,61,62,63,64,19,20,53948,53947,9,10,15,16,6939,53949,12,21,22,65,66,67],"class_list":{"0":"post-193689","1":"post","2":"type-post","3":"status-publish","4":"format-standard","5":"has-post-thumbnail","7":"category-internacional","8":"tag-bielorrusia","9":"tag-breaking-news","10":"tag-breakingnews","11":"tag-featured-news","12":"tag-featurednews","13":"tag-headlines","14":"tag-internacional","15":"tag-international","16":"tag-international-news","17":"tag-internationalnews","18":"tag-latest-news","19":"tag-latestnews","20":"tag-libertad-de-conciencia","21":"tag-libertad-de-prensa","22":"tag-news","23":"tag-noticias","24":"tag-noticias-destacadas","25":"tag-noticiasdestacadas","26":"tag-parlamento-europeo","27":"tag-premio-sajarov","28":"tag-titulares","29":"tag-ultimas-noticias","30":"tag-ultimasnoticias","31":"tag-world","32":"tag-world-news","33":"tag-worldnews"},"share_on_mastodon":{"url":"https:\/\/pubeurope.com\/@es\/115417818336369627","error":""},"_links":{"self":[{"href":"https:\/\/www.europesays.com\/es\/wp-json\/wp\/v2\/posts\/193689","targetHints":{"allow":["GET"]}}],"collection":[{"href":"https:\/\/www.europesays.com\/es\/wp-json\/wp\/v2\/posts"}],"about":[{"href":"https:\/\/www.europesays.com\/es\/wp-json\/wp\/v2\/types\/post"}],"author":[{"embeddable":true,"href":"https:\/\/www.europesays.com\/es\/wp-json\/wp\/v2\/users\/2"}],"replies":[{"embeddable":true,"href":"https:\/\/www.europesays.com\/es\/wp-json\/wp\/v2\/comments?post=193689"}],"version-history":[{"count":0,"href":"https:\/\/www.europesays.com\/es\/wp-json\/wp\/v2\/posts\/193689\/revisions"}],"wp:featuredmedia":[{"embeddable":true,"href":"https:\/\/www.europesays.com\/es\/wp-json\/wp\/v2\/media\/193690"}],"wp:attachment":[{"href":"https:\/\/www.europesays.com\/es\/wp-json\/wp\/v2\/media?parent=193689"}],"wp:term":[{"taxonomy":"category","embeddable":true,"href":"https:\/\/www.europesays.com\/es\/wp-json\/wp\/v2\/categories?post=193689"},{"taxonomy":"post_tag","embeddable":true,"href":"https:\/\/www.europesays.com\/es\/wp-json\/wp\/v2\/tags?post=193689"}],"curies":[{"name":"wp","href":"https:\/\/api.w.org\/{rel}","templated":true}]}}