{"id":193709,"date":"2025-10-22T12:39:08","date_gmt":"2025-10-22T12:39:08","guid":{"rendered":"https:\/\/www.europesays.com\/es\/193709\/"},"modified":"2025-10-22T12:39:08","modified_gmt":"2025-10-22T12:39:08","slug":"irene-rosales-se-sincera-y-habla-de-los-motivos-de-su-ruptura-con-kiko-rivera-he-sido-mas-madre-que-esposa","status":"publish","type":"post","link":"https:\/\/www.europesays.com\/es\/193709\/","title":{"rendered":"Irene Rosales se sincera y habla de los motivos de su ruptura con Kiko Rivera: \u201cHe sido m\u00e1s madre que esposa\u201d"},"content":{"rendered":"<p><img alt=\"Irene Rosales y Kiko Rivera,\" class=\"global-image\" decoding=\"async\" fetchpriority=\"high\" height=\"1080\" loading=\"eager\" src=\"https:\/\/www.europesays.com\/es\/wp-content\/uploads\/2025\/10\/AHLEVXWMQFHFFIYGZ5OYQG73ZQ.jpg\" width=\"1920\"\/>Irene Rosales y Kiko Rivera, en una boda en Sevilla en 2021. (Firma: Europa Press Reportajes)<\/p>\n<p class=\"paragraph\">Despu\u00e9s de varios meses de rumores, el pasado 27 de agosto se confirm\u00f3 lo que para muchos era un secreto a voces. <b>Irene Rosales y Kiko Rivera<\/b> pusieron fin a sus once a\u00f1os de relaci\u00f3n, nueve de ellos como matrimonio. Despu\u00e9s de haber formado una familia con la llegada de sus dos hijas en com\u00fan, <a rel=\"noopener noreferrer nofollow\" href=\"https:\/\/www.infobae.com\/espana\/2025\/10\/14\/irene-rosales-enamorada-de-nuevo-tras-su-separacion-de-kiko-rivera-su-relacion-con-un-empresario-sevillano\/\" target=\"_self\" title=\"https:\/\/www.infobae.com\/espana\/2025\/10\/14\/irene-rosales-enamorada-de-nuevo-tras-su-separacion-de-kiko-rivera-su-relacion-con-un-empresario-sevillano\/\">la entonces pareja<\/a> decidi\u00f3 de mutuo acuerdo continuar sus vidas por separado. <\/p>\n<p class=\"paragraph\">Tan solo unas despu\u00e9s, sal\u00eda a la luz que el amor hab\u00eda vuelto a tocar la puerta de la creadora de contenido, quien fue fotografiada <a rel=\"noopener noreferrer nofollow\" href=\"https:\/\/www.infobae.com\/espana\/2025\/10\/15\/quien-es-guillermo-el-empresario-sevillano-con-el-que-se-ha-visto-a-irene-rosales-tras-su-ruptura-con-kiko-rivera\/\" target=\"_self\" title=\"https:\/\/www.infobae.com\/espana\/2025\/10\/15\/quien-es-guillermo-el-empresario-sevillano-con-el-que-se-ha-visto-a-irene-rosales-tras-su-ruptura-con-kiko-rivera\/\">junto al empresario sevillano Guillermo<\/a>, quien tambi\u00e9n era conocido del DJ. Este mi\u00e9rcoles, 22 de octubre, se conoce que la exnuera de Isabel Pantoja <b>ha roto su silencio en una entrevista en exclusiva para <\/b><b>Semana<\/b>, donde ha hablado de su ruptura con el hijo de Paquirri.<\/p>\n<p><img alt=\"Irene Rosales en una imagen\" class=\"global-image\" decoding=\"async\" fetchpriority=\"low\" height=\"1375\" loading=\"lazy\" src=\"https:\/\/www.europesays.com\/es\/wp-content\/uploads\/2025\/10\/LVGXGBFRBZE2ZOIKGZS57BEELI.jpg\" width=\"1833\"\/>Irene Rosales en una imagen de archivo (Europa Press)<\/p>\n<p class=\"paragraph\">Irene Rosales se ha sincerado y ha hablado de los motivos que le llevaron a poner fin a su relaci\u00f3n con el primo de Anabel Pantoja. \u201cMi matrimonio se ha roto porque <b>he sido m\u00e1s madre que esposa<\/b>\u201d, ha afirmado a la revista del coraz\u00f3n, dejando entrever que este ser\u00eda el motivo principal de su ruptura. \u201cKiko y yo tomamos la decisi\u00f3n de separarnos de mutuo acuerdo cuando volvimos de nuestras vacaciones\u201d, ha dicho, poniendo el foco de atenci\u00f3n a los d\u00edas de descanso que ambos vivieron junto a sus hijas y el hijo mayor de Rivera en Menorca este verano. <\/p>\n<p class=\"paragraph\">Irene Rosales ha afirmado que todo se debi\u00f3 a que hubo \u201cun enfriamiento mutuo que nos llev\u00f3 a una rutina y a una monoton\u00eda en la que no \u00e9ramos felices. <b>Conviv\u00edamos como familia, pero no como pareja<\/b>. Eso s\u00ed, el cari\u00f1o y el respeto han estado siempre\u201d. \u201cEn esas vacaciones en Menorca hubo un distanciamiento importante que ninguno de los dos provocamos y que se dio de manera natural. Al volver, eso nos hizo decir \u2018\u00bfqu\u00e9 nos est\u00e1 pasando?\u2019. Entonces, nos sentamos a hablar y tomamos la decisi\u00f3n\u00bb. <\/p>\n<p>Entrevista a Kiko Rivera.<\/p>\n<p class=\"paragraph\">\u201cCreo que ha influido el rol que yo asum\u00ed en nuestra relaci\u00f3n. Fue mi culpa 100% querer hacerlo yo todo y asumir que todo depend\u00eda de m\u00ed. Al final, he entendido que tanto una mujer como un hombre necesita tener su espacio, disponer de tiempo para disfrutar fuera de la familia y yo no supe gestionarlo\u201d, ha continuado explicado, agregando que abarcaba \u201cabsolutamente todo con tal de ayudarlo a \u00e9l\u201d. <\/p>\n<p class=\"paragraph\">Otro tema del que ha hablado en profundidad ha sido de su nueva pareja, Guillermo, y ha zanjado los rumores que apuntaban que, incluso, llevaba una doble vida. \u00ab<b>Nunca he sido infiel a Kiko Rivera<\/b>\u201c, ha asegurado, que su relaci\u00f3n con Guillermo se forj\u00f3 despu\u00e9s de su ruptura. Tanto es as\u00ed que ha subrayado que al DJ le ha dado \u201dlas explicaciones que cre\u00eda necesarias\u00bb con el fin de evitar malos entendidos.<\/p>\n<p class=\"paragraph\">\u201cMi matrimonio con Kiko t\u00e9rmino y yo empec\u00e9 a tener una amistad con este chico y no ha tenido nada que ver con mi separaci\u00f3n\u201d, ha continuado diciendo, agregando que, pese a que se conoc\u00edan de a\u00f1os atr\u00e1s, \u201cno hubo absolutamente nada\u201d entre ellos hasta despu\u00e9s de su separaci\u00f3n. \u201cGuillermo y yo solo <b>somos dos personas adultas y sin compromiso <\/b>que se est\u00e1n conociendo\u201d, ha expresado la entrevistada a la ya citada publicaci\u00f3n. Asimismo, ha manifestado que se encuentra \u201cmuy bien y feliz, no me voy a negar a admitirlo\u201d. \u201cPor primera vez pienso en m\u00ed y me priorizo. Soy joven, solo tengo 34 a\u00f1os y <a rel=\"noopener noreferrer nofollow\" href=\"https:\/\/www.infobae.com\/espana\/2025\/09\/03\/los-motivos-que-llevaron-a-irene-rosales-a-separarse-de-kiko-rivera-de-las-humillaciones-del-dj-a-la-guerra-familiar-con-el-clan-pantoja\/\" target=\"_self\" title=\"https:\/\/www.infobae.com\/espana\/2025\/09\/03\/los-motivos-que-llevaron-a-irene-rosales-a-separarse-de-kiko-rivera-de-las-humillaciones-del-dj-a-la-guerra-familiar-con-el-clan-pantoja\/\">me merezco vivir<\/a> y disfrutar de la vida\u201d. <\/p>\n","protected":false},"excerpt":{"rendered":"Irene Rosales y Kiko Rivera, en una boda en Sevilla en 2021. (Firma: Europa Press Reportajes) Despu\u00e9s de&hellip;\n","protected":false},"author":2,"featured_media":193710,"comment_status":"","ping_status":"","sticky":false,"template":"","format":"standard","meta":{"footnotes":""},"categories":[174],"tags":[255,146,147,25,24,700,256,492,23],"class_list":{"0":"post-193709","1":"post","2":"type-post","3":"status-publish","4":"format-standard","5":"has-post-thumbnail","7":"category-famosos","8":"tag-celebrities","9":"tag-entertainment","10":"tag-entretenimiento","11":"tag-es","12":"tag-espana","13":"tag-europa","14":"tag-famosos","15":"tag-sociedad","16":"tag-spain"},"share_on_mastodon":{"url":"https:\/\/pubeurope.com\/@es\/115417865824123583","error":""},"_links":{"self":[{"href":"https:\/\/www.europesays.com\/es\/wp-json\/wp\/v2\/posts\/193709","targetHints":{"allow":["GET"]}}],"collection":[{"href":"https:\/\/www.europesays.com\/es\/wp-json\/wp\/v2\/posts"}],"about":[{"href":"https:\/\/www.europesays.com\/es\/wp-json\/wp\/v2\/types\/post"}],"author":[{"embeddable":true,"href":"https:\/\/www.europesays.com\/es\/wp-json\/wp\/v2\/users\/2"}],"replies":[{"embeddable":true,"href":"https:\/\/www.europesays.com\/es\/wp-json\/wp\/v2\/comments?post=193709"}],"version-history":[{"count":0,"href":"https:\/\/www.europesays.com\/es\/wp-json\/wp\/v2\/posts\/193709\/revisions"}],"wp:featuredmedia":[{"embeddable":true,"href":"https:\/\/www.europesays.com\/es\/wp-json\/wp\/v2\/media\/193710"}],"wp:attachment":[{"href":"https:\/\/www.europesays.com\/es\/wp-json\/wp\/v2\/media?parent=193709"}],"wp:term":[{"taxonomy":"category","embeddable":true,"href":"https:\/\/www.europesays.com\/es\/wp-json\/wp\/v2\/categories?post=193709"},{"taxonomy":"post_tag","embeddable":true,"href":"https:\/\/www.europesays.com\/es\/wp-json\/wp\/v2\/tags?post=193709"}],"curies":[{"name":"wp","href":"https:\/\/api.w.org\/{rel}","templated":true}]}}