{"id":193719,"date":"2025-10-22T12:46:09","date_gmt":"2025-10-22T12:46:09","guid":{"rendered":"https:\/\/www.europesays.com\/es\/193719\/"},"modified":"2025-10-22T12:46:09","modified_gmt":"2025-10-22T12:46:09","slug":"investacion-avances-medicos-el-hospital-reina-sofia-implementa-un-nuevo-protocolo-para-reducir-la-mortalidad-por-patologias-cardiovasculares","status":"publish","type":"post","link":"https:\/\/www.europesays.com\/es\/193719\/","title":{"rendered":"INVESTACI\u00d3N AVANCES M\u00c9DICOS | El Hospital Reina Sof\u00eda implementa un nuevo protocolo para reducir la mortalidad por patolog\u00edas cardiovasculares"},"content":{"rendered":"<p class=\"ft-text ft-helper-align-justify\">El <a class=\"ft-link ft-link--decoration\" href=\"https:\/\/www.diariocordoba.com\/tags\/hospital-reina-sofia\/\" rel=\"nofollow noopener\" target=\"_blank\">Hospital Universitario Reina Sof\u00eda<\/a> ha puesto en marcha un nuevo <strong>protocolo diagn\u00f3stico y terap\u00e9utico para el manejo del Tromboembolismo Pulmonar (TEP) Agudo<\/strong>, la tercera causa de mortalidad cardiovascular tras la cardiopat\u00eda isqu\u00e9mica y la enfermedad cerebrovascular. As\u00ed lo indica el citado hosptial en una nota, en la que se\u00f1ala que, concretamente, la tasa de mortalidad hospitalaria de esta patolog\u00eda en Espa\u00f1a oscila entre el 8 y el 10% y la incidencia de hospitalizaciones es de 35 casos por cada 100.000 habitantes al a\u00f1o.<\/p>\n<p class=\"ft-text ft-helper-align-justify\">Esta herramienta asistencial ha sido desarrollada tras m\u00e1s de un a\u00f1o de trabajo por un equipo multidisciplinar coordinado por profesionales de <strong>Neumolog\u00eda, Medicina Interna y Radiolog\u00eda Intervencionista del hospital,<\/strong> con la colaboraci\u00f3n de <strong>UCI, Hematolog\u00eda, Urgencias, Cardiolog\u00eda y Anestesia<\/strong>. Este nuevo protocolo, incorpora actualizaciones clave en la estratificaci\u00f3n pron\u00f3stica, el diagn\u00f3stico diferencial y el uso racional de recursos terap\u00e9uticos.<\/p>\n<p class=\"ft-text ft-helper-align-justify\">El objetivo del trabajo es optimizar las decisiones cl\u00ednicas ante casos de TEP, garantizando una actuaci\u00f3n homog\u00e9nea y basada en la evidencia cient\u00edfica m\u00e1s reciente, atendiendo a las caracter\u00edsticas particulares de cada paciente. Seg\u00fan explica <strong>el jefe de servicio de Neumolog\u00eda, Jos\u00e9 Manuel Vaquero<\/strong>, \u201cel tromboembolismo pulmonar tiene un abanico cl\u00ednico muy amplio y puede derivar en secuelas graves o incluso desenlaces fatales si no se act\u00faa con rapidez y precisi\u00f3n\u201d.<\/p>\n<p>Enfoque integral<\/p>\n<p class=\"ft-text ft-helper-align-justify\">Este protocolo refuerza la toma de decisiones compartida y \u201cprioriza la estratificaci\u00f3n pron\u00f3stica desde el primer contacto con el paciente\u201d, una actuaci\u00f3n que queda protocolizada en el documento. Esto ha sido posible gracias a que el manual integra la visi\u00f3n de los servicios implicados en su abordaje, lo que permite adaptar la respuesta asistencial al perfil de riesgo de cada paciente, desde cuadros leves hasta situaciones de alta complejidad.<\/p>\n<p class=\"ft-text\">El documento incluye algoritmos espec\u00edficos para distintas situaciones cl\u00ednicas (pacientes gestantes, anticoagulaci\u00f3n en situaciones de riesgo hemorr\u00e1gico, terapias de reperfusi\u00f3n, etc.), apoy\u00e1ndose en escalas pron\u00f3sticas estandarizadas como PESIs, biomarcadores y herramientas diagn\u00f3sticas como la angio-TC y la ecocardiograf\u00eda. Adem\u00e1s, se contemplan alternativas terap\u00e9uticas como la trombectom\u00eda mec\u00e1nica y el uso de ECMO en casos seleccionados.<\/p>\n<p class=\"ft-text ft-helper-align-justify\">Para garantizar su implementaci\u00f3n eficaz, el protocolo tambi\u00e9n especifica los criterios de ingreso y monitorizaci\u00f3n en funci\u00f3n del perfil cl\u00ednico, as\u00ed como la participaci\u00f3n de los diferentes equipos en cada fase del proceso, lo que favorece una atenci\u00f3n m\u00e1s segura y personalizada. En este sentido,<strong> el especialista en Medicina Interna, Juan Criado Garc\u00eda<\/strong>, destaca que \u201cuno de los aspectos m\u00e1s valiosos de este protocolo es que nace del consenso. Hemos generado un marco com\u00fan que permite que distintas especialidades trabajen de forma alineada, con una visi\u00f3n compartida del paciente\u201d.<\/p>\n","protected":false},"excerpt":{"rendered":"El Hospital Universitario Reina Sof\u00eda ha puesto en marcha un nuevo protocolo diagn\u00f3stico y terap\u00e9utico para el manejo&hellip;\n","protected":false},"author":2,"featured_media":193720,"comment_status":"","ping_status":"","sticky":false,"template":"","format":"standard","meta":{"footnotes":""},"categories":[92],"tags":[25,24,165,3345,3746,18474,1294,681,524,10717,166,11647,23],"class_list":{"0":"post-193719","1":"post","2":"type-post","3":"status-publish","4":"format-standard","5":"has-post-thumbnail","7":"category-salud","8":"tag-es","9":"tag-espana","10":"tag-health","11":"tag-hospital","12":"tag-hospital-reina-sofia","13":"tag-implementa","14":"tag-investigacion","15":"tag-medicina","16":"tag-nuevo","17":"tag-reina","18":"tag-salud","19":"tag-sofia","20":"tag-spain"},"share_on_mastodon":{"url":"https:\/\/pubeurope.com\/@es\/115417893092339441","error":""},"_links":{"self":[{"href":"https:\/\/www.europesays.com\/es\/wp-json\/wp\/v2\/posts\/193719","targetHints":{"allow":["GET"]}}],"collection":[{"href":"https:\/\/www.europesays.com\/es\/wp-json\/wp\/v2\/posts"}],"about":[{"href":"https:\/\/www.europesays.com\/es\/wp-json\/wp\/v2\/types\/post"}],"author":[{"embeddable":true,"href":"https:\/\/www.europesays.com\/es\/wp-json\/wp\/v2\/users\/2"}],"replies":[{"embeddable":true,"href":"https:\/\/www.europesays.com\/es\/wp-json\/wp\/v2\/comments?post=193719"}],"version-history":[{"count":0,"href":"https:\/\/www.europesays.com\/es\/wp-json\/wp\/v2\/posts\/193719\/revisions"}],"wp:featuredmedia":[{"embeddable":true,"href":"https:\/\/www.europesays.com\/es\/wp-json\/wp\/v2\/media\/193720"}],"wp:attachment":[{"href":"https:\/\/www.europesays.com\/es\/wp-json\/wp\/v2\/media?parent=193719"}],"wp:term":[{"taxonomy":"category","embeddable":true,"href":"https:\/\/www.europesays.com\/es\/wp-json\/wp\/v2\/categories?post=193719"},{"taxonomy":"post_tag","embeddable":true,"href":"https:\/\/www.europesays.com\/es\/wp-json\/wp\/v2\/tags?post=193719"}],"curies":[{"name":"wp","href":"https:\/\/api.w.org\/{rel}","templated":true}]}}