{"id":193744,"date":"2025-10-22T13:00:14","date_gmt":"2025-10-22T13:00:14","guid":{"rendered":"https:\/\/www.europesays.com\/es\/193744\/"},"modified":"2025-10-22T13:00:14","modified_gmt":"2025-10-22T13:00:14","slug":"vuelve-la-preocupacion-al-barca-por-las-lesiones-y-los-no-fichajes-somos-los-que-somos","status":"publish","type":"post","link":"https:\/\/www.europesays.com\/es\/193744\/","title":{"rendered":"Vuelve la preocupaci\u00f3n al Bar\u00e7a por las lesiones y los no fichajes: \u00absomos los que somos\u00bb"},"content":{"rendered":"<p class=\"ft-text\"><strong>La mala fortuna del Bar\u00e7a con las <\/strong><a class=\"ft-link ft-link--decoration\" href=\"https:\/\/www.sport.es\/es\/noticias\/barca\/baloncesto\/brizuela-nuevo-lesionado-122887377\" rel=\"nofollow noopener\" target=\"_blank\"><strong>lesiones<\/strong><\/a><strong> no termina de irse.<\/strong> Al calvario vivido por el equipo azulgrana el curso pasado, con la gravedad de los percances f\u00edsicos de <strong>Nico Laprovittola, Juan N\u00fa\u00f1ez y Chimezie Metu, Joan Pe\u00f1arroya <\/strong>sigue sin poder respirar tranquilo con su enfermer\u00eda.<\/p>\n<p class=\"ft-text\">El base espa\u00f1ol estar\u00e1 en el dique seco durante la primera mitad de la temporada. Adem\u00e1s, para el partido de este jueves (20:30h CET) ante Zalgiris, el t\u00e9cnico del Bar\u00e7a tendr\u00e1 las ausencias de &#8216;Lapro&#8217;, recuper\u00e1ndose de unas molestias en el abductor de su pierna izquierda, y de un <strong>Dar\u00edo Brizuela que ante Dubai sufri\u00f3 unas molestias en el gl\u00fateo. <\/strong>Su tiempo de baja est\u00e1 previsto en torno a los <strong>siete d\u00edas.<\/strong><\/p>\n<p class=\"ft-text\">Ante esta situaci\u00f3n de ausencias y lesionados, espec\u00edficamente en la l\u00ednea exterior, Pe\u00f1arroya no escondi\u00f3 en la previa ante el partido frente el cuadro lituano su <strong>preocupaci\u00f3n<\/strong> por estas bajas y el acumulado que puede tener el resto del roster. Adem\u00e1s, y tal y como avanz\u00f3 &#8216;SPORT&#8217; semanas atr\u00e1s,<strong> confirm\u00f3 que la puerta para posibles fichajes est\u00e1 m\u00e1s que cerrada.<\/strong><\/p>\n<p>As\u00ed afectan las lesiones a la plantilla<\/p>\n<p class=\"ft-text\">\u00abEl roster se queda con pocos jugadores con la lesi\u00f3n de Juan (N\u00fa\u00f1ez). Tengo en cuenta el minutaje, los dos jugadores que m\u00e1s juegan lo hacen 24 minutos de media, son Will (Clyburn) y Toko (Shengelia). <strong>De momento lo estamos llevando bien, pero s\u00ed que est\u00e1 claro que nos preocupa tener las bajas que tenemos en una competici\u00f3n tan larga, porque continuar\u00e1n pasando cosas.<\/strong> Lo medimos desde la parte t\u00e9cnica, habr\u00e1 partidos que los jugadores tendr\u00e1n que jugar 30 minutos, pero intentamos que no pasan. <strong>Somos los que somos y con los que estamos, adelante.<\/strong> Tenemos la lesi\u00f3n de Lapro, Brizuela tuvo un problema . Cosas de estas ir\u00e1n pasando y hay que ir encontrando soluciones. <strong>La plantilla ya sabemos cu\u00e1l es\u00bb.<\/strong><\/p>\n<p>Los peligros y virtudes de Zalgiris<\/p>\n<p class=\"ft-text\"><strong>\u00abZalgiris ha hecho un cambio importante en su ambici\u00f3n, se refleja en su presupuesto.<\/strong> Han podido mantener a <strong>Sylvain Francisco,<\/strong> han incorporado a <strong>Nigel Williams-Goss, Maodo Lo, Moses Wright,<\/strong> y el nivel, a priori, es m\u00e1s alto que el de las anteriores temporadas. Su pareja Goss-Francisco es muy importante por todo lo que generan. Hablamos de un equipo solidario en defensa y en estos dos jugadores tienen una capacidad importante para correr la pista. Zalgiris es un proyecto s\u00f3lido, el baloncesto es el primer deporte en Lituania. Ahora han encontrado m\u00e1s recursos econ\u00f3micos, han dado un salto en ese sentido, y es un equipo que est\u00e1 bien confeccionado y est\u00e1n haciendo bien las cosas\u00bb.<\/p>\n<p>La vuelta al Palau<\/p>\n<p class=\"ft-text\">\u00abNos gustar\u00eda que el factor Palau nos ayudase a tener ese punto que tienen los equipos cuando juegan como local. <strong>Somos consciente que somos nosotros los que debemos animar a la gente para que est\u00e9 con el equipo. Tener una fortaleza como local ser\u00eda muy importante. <\/strong>Nuestra parte es jugar mejor cada d\u00eda para que la gente venga\u00bb.<\/p>\n<p><img decoding=\"async\" src=\"https:\/\/www.europesays.com\/es\/wp-content\/uploads\/2025\/10\/2c06665c-f9e6-4a75-a2da-58264e4b69f4_alta-libre-aspect-ratio_default_0.jpg\" width=\"1200\" height=\"675\" alt=\"Joan Pe\u00f1arroya, el t\u00e9cnico del Bar\u00e7a, durante el encuentro contra el Virtus Bolonia en el Palau Blaugrana.\" class=\"ft-helper-img-rd\" loading=\"lazy\" hasdataaida=\"true\"\/><\/p>\n<p class=\"ft-helper-fontColor-quaternary ft-helper-fontSize-body-S ft-helper-spacer-t-xxs\">Joan Pe\u00f1arroya, el t\u00e9cnico del Bar\u00e7a, durante el encuentro contra el Virtus Bolonia en el Palau Blaugrana.  \/ Efe<\/p>\n<p>El papel de Sayon Keita en el equipo<\/p>\n<p class=\"ft-text\">\u00abSayon Keita nos da energ\u00eda, pero tiene 17 a\u00f1os y todav\u00eda est\u00e1 verde.<strong> Est\u00e1 saliendo a jugar a hacer las cosas que \u00e9l sabe hacer, en estos \u00faltimos tres partidos nos ha dado eso que le ped\u00edamos y est\u00e1 cumpliendo muy bien con su papel.<\/strong> Sus condiciones atl\u00e9ticas nos permiten tener a un jugador que no tenemos en plantilla y no se trata de que sea el tercer o cuarto p\u00edvot. Estamos muy contento con el rendimiento que nos ha dado en pista. Ser\u00eda un error pensar que \u00e9l nos debe salvar de algo o ser un jugador muy importante\u00bb.<\/p>\n<p>El regreso de la Euroliga a Israel<\/p>\n<p class=\"ft-text\">\u00abSomos deportistas, nos preocupa la seguridad de los jugadores y los aficionados. Son decisiones que no dependen de nosotros y hay otros responsables.<strong> Que la situaci\u00f3n b\u00e9lica en el territorio mejore es una buena noticia. Si la situaci\u00f3n mejora en la franja, es una buena noticia poder jugar all\u00ed\u00bb.<\/strong><\/p>\n<p><img decoding=\"async\" src=\"https:\/\/www.europesays.com\/es\/wp-content\/uploads\/2025\/10\/21b4ca74-ee60-4eae-a98b-c7bcb3416fdc_alta-libre-aspect-ratio_default_0.jpg\" width=\"1200\" height=\"675\" alt=\"'Juani' Marcos sigue dando pasos adelante\" class=\"ft-helper-img-rd\" loading=\"lazy\" hasdataaida=\"true\"\/><\/p>\n<p class=\"ft-helper-fontColor-quaternary ft-helper-fontSize-body-S ft-helper-spacer-t-xxs\">&#8216;Juani&#8217; Marcos sigue dando pasos adelante  \/ FCB<\/p>\n<p>Juani Marcos quiere alargar su gran momento<\/p>\n<p class=\"ft-text\">Por su parte, y tras su gran partido en M\u00e1laga (11 puntos, 3 asistencias y 2 rebotes), Juani Marcos se mostr\u00f3 con ganas de medirse a un Zalgiris contra el que contar\u00e1 presumiblemente con m\u00e1s minutos ante todas las ausencias en la l\u00ednea exterior. \u00abVoy a intentar dar el m\u00e1ximo y asumir m\u00e1s responsabilidades.<strong> Esta \u00faltima semana he cogido muchos minutos y confianza, me he sentido m\u00e1s c\u00f3modo y es lo que necesito para ayudar al equipo. El partido en M\u00e1laga me ayud\u00f3 much\u00edsimo.<\/strong> En Euroliga, cualquier equipo puede ganar en cualquier pabell\u00f3n. Est\u00e1 siendo una temporada muy competitiva. Se nota el nivel de los rivales en la preparaci\u00f3n, estamos hablando de uno de los niveles m\u00e1s altos del mundo\u00bb.<\/p>\n","protected":false},"excerpt":{"rendered":"La mala fortuna del Bar\u00e7a con las lesiones no termina de irse. Al calvario vivido por el equipo&hellip;\n","protected":false},"author":2,"featured_media":182999,"comment_status":"","ping_status":"","sticky":false,"template":"","format":"standard","meta":{"footnotes":""},"categories":[269],"tags":[299,2296,298,168,25,24,833,285,5170,10480,4819,23,167,53969],"class_list":{"0":"post-193744","1":"post","2":"type-post","3":"status-publish","4":"format-standard","5":"has-post-thumbnail","7":"category-baloncesto","8":"tag-baloncesto","9":"tag-barca","10":"tag-basketball","11":"tag-deportes","12":"tag-es","13":"tag-espana","14":"tag-euroliga","15":"tag-fichajes","16":"tag-joan","17":"tag-lesiones","18":"tag-penarroya","19":"tag-spain","20":"tag-sports","21":"tag-zalgiris"},"share_on_mastodon":{"url":"https:\/\/pubeurope.com\/@es\/115417948098527965","error":""},"_links":{"self":[{"href":"https:\/\/www.europesays.com\/es\/wp-json\/wp\/v2\/posts\/193744","targetHints":{"allow":["GET"]}}],"collection":[{"href":"https:\/\/www.europesays.com\/es\/wp-json\/wp\/v2\/posts"}],"about":[{"href":"https:\/\/www.europesays.com\/es\/wp-json\/wp\/v2\/types\/post"}],"author":[{"embeddable":true,"href":"https:\/\/www.europesays.com\/es\/wp-json\/wp\/v2\/users\/2"}],"replies":[{"embeddable":true,"href":"https:\/\/www.europesays.com\/es\/wp-json\/wp\/v2\/comments?post=193744"}],"version-history":[{"count":0,"href":"https:\/\/www.europesays.com\/es\/wp-json\/wp\/v2\/posts\/193744\/revisions"}],"wp:featuredmedia":[{"embeddable":true,"href":"https:\/\/www.europesays.com\/es\/wp-json\/wp\/v2\/media\/182999"}],"wp:attachment":[{"href":"https:\/\/www.europesays.com\/es\/wp-json\/wp\/v2\/media?parent=193744"}],"wp:term":[{"taxonomy":"category","embeddable":true,"href":"https:\/\/www.europesays.com\/es\/wp-json\/wp\/v2\/categories?post=193744"},{"taxonomy":"post_tag","embeddable":true,"href":"https:\/\/www.europesays.com\/es\/wp-json\/wp\/v2\/tags?post=193744"}],"curies":[{"name":"wp","href":"https:\/\/api.w.org\/{rel}","templated":true}]}}