{"id":193745,"date":"2025-10-22T13:01:10","date_gmt":"2025-10-22T13:01:10","guid":{"rendered":"https:\/\/www.europesays.com\/es\/193745\/"},"modified":"2025-10-22T13:01:10","modified_gmt":"2025-10-22T13:01:10","slug":"afe-reivindica-la-unidad-y-firmeza-mostrada-por-los-futbolistas-en-defensa-de-sus-derechos-laborales","status":"publish","type":"post","link":"https:\/\/www.europesays.com\/es\/193745\/","title":{"rendered":"AFE reivindica la unidad y firmeza mostrada por los futbolistas en defensa de sus derechos laborales"},"content":{"rendered":"<p>La <strong>Asociaci\u00f3n de Futbolistas Espa\u00f1oles<\/strong> <strong>(AFE)<\/strong> considera que el anuncio oficial de LALIGA sobre la <strong>cancelaci\u00f3n <\/strong>de la disputa de un partido del Campeonato Nacional de Liga de Primera Divisi\u00f3n de Espa\u00f1a en <strong>Estados Unidos<\/strong> confirma las continuas contradicciones de la patronal sobre un proyecto propuesto, impulsado y gestionado por LALIGA que <strong>modificaba el modelo de la competici\u00f3n<\/strong> y, como consecuencia, <strong>afectaba de forma directa las condiciones laborales<\/strong> de los futbolistas.<\/p>\n<p>Ante la <strong>falta de transparencia, di\u00e1logo y coherencia<\/strong> de la instituci\u00f3n presidida por Javier Tebas, los futbolistas se pronunciaron durante la pasada jornada de forma un\u00e1nime en el terreno de juego para lanzar un potente mensaje: <strong>sin futbolistas no hay f\u00fatbol<\/strong>. El sindicato quiere poner en valor la unidad de los jugadores durante los \u00faltimos meses y la fortaleza que han demostrado en la defensa de sus derechos laborales ante las <strong>en\u00e9rgicas y constantes presiones<\/strong> que han sufrido durante los \u00faltimos d\u00edas ante el ejercicio de su libertad de expresi\u00f3n.<\/p>\n<blockquote class=\"wp-block-quote is-layout-flow wp-block-quote-is-layout-flow\"><p>\nLos futbolistas se pronunciaron durante la pasada jornada de forma clara y un\u00e1nime para lanzar un potente mensaje: <strong>sin futbolistas no hay f\u00fatbol<\/strong>\n<\/p><\/blockquote>\n<p>LALIGA debe<strong> respetar y atender las reivindicaciones<\/strong> y requerimientos de los futbolistas como <strong>actores principales de nuestro deporte<\/strong> y como parte determinante en la toma de decisiones ante los retos de futuro que afectan, fundamentalmente, a <strong>sus condiciones laborales<\/strong>.<\/p>\n","protected":false},"excerpt":{"rendered":"La Asociaci\u00f3n de Futbolistas Espa\u00f1oles (AFE) considera que el anuncio oficial de LALIGA sobre la cancelaci\u00f3n de la&hellip;\n","protected":false},"author":2,"featured_media":63206,"comment_status":"","ping_status":"","sticky":false,"template":"","format":"standard","meta":{"footnotes":""},"categories":[268],"tags":[168,25,24,280,282,26057,26058,281,23,167],"class_list":{"0":"post-193745","1":"post","2":"type-post","3":"status-publish","4":"format-standard","5":"has-post-thumbnail","7":"category-futbol","8":"tag-deportes","9":"tag-es","10":"tag-espana","11":"tag-football","12":"tag-futbol","13":"tag-juridico","14":"tag-sindical","15":"tag-soccer","16":"tag-spain","17":"tag-sports"},"share_on_mastodon":{"url":"https:\/\/pubeurope.com\/@es\/115417952084822896","error":""},"_links":{"self":[{"href":"https:\/\/www.europesays.com\/es\/wp-json\/wp\/v2\/posts\/193745","targetHints":{"allow":["GET"]}}],"collection":[{"href":"https:\/\/www.europesays.com\/es\/wp-json\/wp\/v2\/posts"}],"about":[{"href":"https:\/\/www.europesays.com\/es\/wp-json\/wp\/v2\/types\/post"}],"author":[{"embeddable":true,"href":"https:\/\/www.europesays.com\/es\/wp-json\/wp\/v2\/users\/2"}],"replies":[{"embeddable":true,"href":"https:\/\/www.europesays.com\/es\/wp-json\/wp\/v2\/comments?post=193745"}],"version-history":[{"count":0,"href":"https:\/\/www.europesays.com\/es\/wp-json\/wp\/v2\/posts\/193745\/revisions"}],"wp:featuredmedia":[{"embeddable":true,"href":"https:\/\/www.europesays.com\/es\/wp-json\/wp\/v2\/media\/63206"}],"wp:attachment":[{"href":"https:\/\/www.europesays.com\/es\/wp-json\/wp\/v2\/media?parent=193745"}],"wp:term":[{"taxonomy":"category","embeddable":true,"href":"https:\/\/www.europesays.com\/es\/wp-json\/wp\/v2\/categories?post=193745"},{"taxonomy":"post_tag","embeddable":true,"href":"https:\/\/www.europesays.com\/es\/wp-json\/wp\/v2\/tags?post=193745"}],"curies":[{"name":"wp","href":"https:\/\/api.w.org\/{rel}","templated":true}]}}