{"id":193762,"date":"2025-10-22T13:12:12","date_gmt":"2025-10-22T13:12:12","guid":{"rendered":"https:\/\/www.europesays.com\/es\/193762\/"},"modified":"2025-10-22T13:12:12","modified_gmt":"2025-10-22T13:12:12","slug":"estos-son-los-10-productos-mas-virales-de-la-historia-de-primark","status":"publish","type":"post","link":"https:\/\/www.europesays.com\/es\/193762\/","title":{"rendered":"Estos son los 10 productos m\u00e1s virales de la historia de Primark"},"content":{"rendered":"<p data-journey-content=\"true\" data-node-id=\"0\" class=\"css-6wxqfj emevuu60\"><strong data-node-id=\"0.0\">Creo que nunca he buscado algo m\u00e1s en mi vida que a la tierna tacita &#8216;Chip&#8217; de la Bella y la Bestia<\/strong> cuando sali\u00f3 a la venta en Primark. Despu\u00e9s me volv\u00ed loca haciendo cola para conseguir el abrigo rosa de <a href=\"https:\/\/www.elle.com\/es\/moda\/noticias\/a69027129\/paula-echevarria-coleccion-primark-otono-invierno-tendencias-2025\/\" data-vars-ga-outbound-link=\"https:\/\/www.elle.com\/es\/moda\/noticias\/a69027129\/paula-echevarria-coleccion-primark-otono-invierno-tendencias-2025\/\" data-vars-ga-ux-element=\"Hyperlink\" data-vars-ga-call-to-action=\"Paula Echevarr\u00eda X Primark\" data-node-id=\"0.2\" class=\"body-link css-103hk4r emevuu60\" rel=\"nofollow noopener\" target=\"_blank\">Paula Echevarr\u00eda X Primark<\/a>. Por no hablar de Navidad tras Navidad deseando encontrar mi &#8216;ugly jumper&#8217; favorito. Vamos, que me he dado cuenta de que s\u00ed, SOY. <strong data-node-id=\"0.4\">Soy esa persona que quiere las cosas que quiere, y si son virales y de Primark, las quiero m\u00e1s. <\/strong><\/p>\n<p data-journey-content=\"true\" data-node-id=\"1\" class=\"css-6wxqfj emevuu60\"><strong data-node-id=\"1.0\">Se acaban de cumplir 10 a\u00f1os de la inauguraci\u00f3n de la tienda que la firma irlandesa tiene en Gran V\u00eda<\/strong>. Bueno, quien dice tienda, dice &#8216;Catedral&#8217; como la llam\u00f3 ayer <strong data-node-id=\"1.2\">Laureano Turienzo<\/strong> presidente de la Asociaci\u00f3n Espa\u00f1ola del Retail hablando de ella. Hace 10 a\u00f1os. Era 2015 y yo estaba a punto de dar a la luz a mi segundo hijo. Y ahora me parece como si hubiese estado siempre ah\u00ed, pero la realidad es que hay un antes y un despu\u00e9s tras esta apertura.<strong data-node-id=\"1.4\"><a href=\"https:\/\/www.elle.com\/es\/primark-mujer\/\" data-vars-ga-outbound-link=\"https:\/\/www.elle.com\/es\/primark-mujer\/\" data-vars-ga-ux-element=\"Hyperlink\" data-vars-ga-call-to-action=\" Primark\" data-node-id=\"1.4.0\" class=\"body-link css-103hk4r emevuu60\" rel=\"nofollow noopener\" target=\"_blank\"> Primark<\/a><\/strong> revitaliz\u00f3 la Gran V\u00eda madrile\u00f1a, hizo que<strong data-node-id=\"1.6\"> hasta las hijas de Obama cogieran un taxi para visitarla.<\/strong> Tiene un aforo de 1800 personas, y en Navidad tienes que esperar porque hay toda esa gente en su interior. <\/p>\n<p><img draggable=\"true\" alt=\"primark\" title=\"Primark\" loading=\"lazy\" width=\"1100\" height=\"1600\" decoding=\"async\" data-nimg=\"1\" style=\"color:transparent;width:100%;height:auto;\"   src=\"https:\/\/www.europesays.com\/es\/wp-content\/uploads\/2025\/10\/gran-via-madrid-68f8cf4807e0d.jpeg\" class=\"css-0 e1g79fud0\"\/><a target=\"_blank\" rel=\"noopener nofollow\" data-theme-key=\"base-link\" href=\"https:\/\/pinterest.com\/pin\/create\/button\/?url=https:\/\/www.elle.com\/es\/moda\/noticias\/a69119980\/primark-espana-hace-historia-comparte-sus-10-productos-mas-virales-para-celebrar-el-decimo-aniversario-en-gran-via\/&amp;description=- ElleSpain&amp;media=https:\/\/hips.hearstapps.com\/hmg-prod\/images\/gran-via-madrid-68f8cf4807e0d.jpeg?resize=1600:*\" class=\"pinterest css-on9hn5 e1c1bym14\"><img decoding=\"async\" data-dynamic-svg=\"true\" src=\"https:\/\/www.elle.com\/_assets\/design-tokens\/fre\/static\/icons\/social\/pinterest.e8cf655.svg?primary=%2523ffffff\" loading=\"lazy\" data-testid=\"dynamic-svg-base\" height=\"auto\" width=\"auto\" alt=\"pinterest\" class=\"css-4lml0h e1mlxuuw1\"\/><\/a><\/p>\n<p>Cortes\u00eda de Primark<\/p>\n<p data-journey-content=\"true\" data-node-id=\"3\" class=\"css-6wxqfj emevuu60\">Primark no es una tienda m\u00e1s, Primark es un lugar donde, como dice <strong data-node-id=\"3.1\">Laura Vilamor<\/strong> \u00absabes cuando entras pero no cuando sales\u00bb.  Es una experiencia, una manera de comprar de toda la vida, no tienen tienda online y te aseguro, que no la necesitan. Es m\u00e1s, es que ya ni quiero que la tengan, me enamora que haya una firma que me &#8216;obligue&#8217; a ir, a tocar, a probarme. Hace poco estuve en sus probadores, y en el de al lado hab\u00eda un grupo de amigas adolescentes que se probaban, se ense\u00f1aban, se re\u00edan. Y <strong data-node-id=\"3.5\">record\u00e9 cu\u00e1nto me gustaba hacerlo con mis amigas, y c\u00f3mo se ha perdido ese momento social de disfrute por tanta venta por el canal digital.<\/strong> Las envidi\u00e9, y me promet\u00ed que la siguiente vez lo har\u00eda de nuevo, ir de compras a Primark con amigas a nuestros 48 a\u00f1os. <\/p>\n<p><img draggable=\"true\" alt=\"primark\" title=\"primark\" loading=\"lazy\" width=\"1600\" height=\"1067\" decoding=\"async\" data-nimg=\"1\" style=\"color:transparent;width:100%;height:auto;\"   src=\"https:\/\/www.europesays.com\/es\/wp-content\/uploads\/2025\/10\/gran-via-madrid-10-aniversario-2-68f8cf1a6a7dc.jpeg\" class=\"css-0 e1g79fud0\"\/><a target=\"_blank\" rel=\"noopener nofollow\" data-theme-key=\"base-link\" href=\"https:\/\/pinterest.com\/pin\/create\/button\/?url=https:\/\/www.elle.com\/es\/moda\/noticias\/a69119980\/primark-espana-hace-historia-comparte-sus-10-productos-mas-virales-para-celebrar-el-decimo-aniversario-en-gran-via\/&amp;description=- ElleSpain&amp;media=https:\/\/hips.hearstapps.com\/hmg-prod\/images\/gran-via-madrid-10-aniversario-2-68f8cf1a6a7dc.jpeg?resize=1600:*\" class=\"pinterest css-on9hn5 e1c1bym14\"><img decoding=\"async\" data-dynamic-svg=\"true\" src=\"https:\/\/www.elle.com\/_assets\/design-tokens\/fre\/static\/icons\/social\/pinterest.e8cf655.svg?primary=%2523ffffff\" loading=\"lazy\" data-testid=\"dynamic-svg-base\" height=\"auto\" width=\"auto\" alt=\"pinterest\" class=\"css-4lml0h e1mlxuuw1\"\/><\/a><\/p>\n<p>Primark<\/p>\n<p>Los 10 art\u00edculos de moda y hogar m\u00e1s virales de Primark desde 2015 a 2025<\/p>\n<p data-journey-content=\"true\" data-node-id=\"7\" class=\"css-6wxqfj emevuu60\"><strong data-node-id=\"7.0\">En estos 10 a\u00f1os he visto crecer tanto a mi hijo peque\u00f1o como a Primark<\/strong>, he visto como han ido siendo m\u00e1s inclusivos, m\u00e1s sostenibles, m\u00e1s solidarios. Mejores, al fin y al cabo. He ido conociendo cada detalle, cada talento tras este \u00e9xito. A mis amadas y admiradas &#8216;Primark girls&#8217;, <strong data-node-id=\"7.2\">Bel\u00e9n Peralba, Alicia San Rom\u00e1n y Sof\u00eda Leyn, las tres mujeres tras el departamento de m\u00e1rketing y comunicaci\u00f3n de la firma<\/strong>, y como no al din\u00e1mico y vitalista, siempre aportando nuevas ideas de negocio, <strong data-node-id=\"7.4\">Carlos In\u00e1cio, <\/strong>el <strong data-node-id=\"7.6\">director general de Primark Iberia. <\/strong> Y tambi\u00e9n he ido viendo como llegaban las nuevas colaboraciones, con Paula Echevarr\u00eda, Rita Ora, las incre\u00edbles colecciones para mujeres con c\u00e1ncer de mama, para personas que van en silla de ruedas, para mujeres con menopausia&#8230; <strong data-node-id=\"7.9\">La moda es m\u00e1s que moda, porque cuando ayuda a tanta gente a sentirse bien, entonces es una emoci\u00f3n.<\/strong> Y <strong data-node-id=\"7.11\"><a href=\"https:\/\/www.primark.com\/es-es\" data-vars-ga-outbound-link=\"https:\/\/www.primark.com\/es-es\" data-vars-ga-ux-element=\"Hyperlink\" data-vars-ga-call-to-action=\"Primark\" data-node-id=\"7.11.0\" class=\"body-link css-103hk4r emevuu60\" rel=\"nofollow noopener\" target=\"_blank\">Primark<\/a><\/strong> lo consigue. Y de eso nos hablaba ayer <strong data-node-id=\"7.13\">Juana Rodero, <\/strong><strong data-node-id=\"7.14\">directora de People &amp; Culture de<\/strong> <strong data-node-id=\"7.16\">Primark Iberia<\/strong>, orgullosa de ser adem\u00e1s una empresa en la que los empleados se sienten en familia, ascienden por sus m\u00e9ritos, y aman su trabajo. <\/p>\n<p data-journey-content=\"true\" data-node-id=\"8\" class=\"css-6wxqfj emevuu60\">Y en estos 10 a\u00f1os, tambi\u00e9n han pasado por delante de mi 10 productos virales, como los que te he comentado al principio, y ahora, con motivo de este d\u00e9cimo aniversario de la flagship de Gran V\u00eda,<strong data-node-id=\"8.1\"> Primark Espa\u00f1a hace historia compartiendo las 10 art\u00edculos m\u00e1s virales en este tiempo<\/strong>. Te los ense\u00f1o, para ver cu\u00e1ntos tienes t\u00fa, yo podr\u00eda decir que he sucumbido a la mitad.<\/p>\n<p>La Maleta mini con ruedas desmontables<img draggable=\"true\" alt=\"virales de primark\" title=\"Virales de Primark\" loading=\"lazy\" width=\"1000\" height=\"1334\" decoding=\"async\" data-nimg=\"1\" style=\"color:transparent;width:100%;height:auto;\"   src=\"https:\/\/www.europesays.com\/es\/wp-content\/uploads\/2025\/10\/la-maleta-viral-68f8ca2a62469.jpeg\" class=\"css-0 e1g79fud0\"\/><a target=\"_blank\" rel=\"noopener nofollow\" data-theme-key=\"base-link\" href=\"https:\/\/pinterest.com\/pin\/create\/button\/?url=https:\/\/www.elle.com\/es\/moda\/noticias\/a69119980\/primark-espana-hace-historia-comparte-sus-10-productos-mas-virales-para-celebrar-el-decimo-aniversario-en-gran-via\/&amp;description=- ElleSpain&amp;media=https:\/\/hips.hearstapps.com\/hmg-prod\/images\/la-maleta-viral-68f8ca2a62469.jpeg?resize=1600:*\" class=\"pinterest css-on9hn5 e1c1bym14\"><img decoding=\"async\" data-dynamic-svg=\"true\" src=\"https:\/\/www.elle.com\/_assets\/design-tokens\/fre\/static\/icons\/social\/pinterest.e8cf655.svg?primary=%2523ffffff\" loading=\"lazy\" data-testid=\"dynamic-svg-base\" height=\"auto\" width=\"auto\" alt=\"pinterest\" class=\"css-4lml0h e1mlxuuw1\"\/><\/a><\/p>\n<p>Primark<\/p>\n<p>El abrigo rosa de la primera colecci\u00f3n Paula Echevarr\u00eda<img draggable=\"true\" alt=\"virales de primark\" title=\"Virales de Primark\" loading=\"lazy\" width=\"4483\" height=\"5641\" decoding=\"async\" data-nimg=\"1\" style=\"color:transparent;width:100%;height:auto;\"   src=\"https:\/\/www.europesays.com\/es\/wp-content\/uploads\/2025\/10\/pau-eche-primark43841-v1-68f8ca2b81029.jpg\" class=\"css-0 e1g79fud0\"\/><a target=\"_blank\" rel=\"noopener nofollow\" data-theme-key=\"base-link\" href=\"https:\/\/pinterest.com\/pin\/create\/button\/?url=https:\/\/www.elle.com\/es\/moda\/noticias\/a69119980\/primark-espana-hace-historia-comparte-sus-10-productos-mas-virales-para-celebrar-el-decimo-aniversario-en-gran-via\/&amp;description=- ElleSpain&amp;media=https:\/\/hips.hearstapps.com\/hmg-prod\/images\/pau-eche-primark43841-v1-68f8ca2b81029.jpg?resize=1600:*\" class=\"pinterest css-on9hn5 e1c1bym14\"><img decoding=\"async\" data-dynamic-svg=\"true\" src=\"https:\/\/www.elle.com\/_assets\/design-tokens\/fre\/static\/icons\/social\/pinterest.e8cf655.svg?primary=%2523ffffff\" loading=\"lazy\" data-testid=\"dynamic-svg-base\" height=\"auto\" width=\"auto\" alt=\"pinterest\" class=\"css-4lml0h e1mlxuuw1\"\/><\/a><\/p>\n<p>Primark<\/p>\n<p>Llos leggings forrados con pelo <img draggable=\"true\" alt=\"virales de primark\" title=\"Virales de Primark\" loading=\"lazy\" width=\"1920\" height=\"2560\" decoding=\"async\" data-nimg=\"1\" style=\"color:transparent;width:100%;height:auto;\"   src=\"https:\/\/www.europesays.com\/es\/wp-content\/uploads\/2025\/10\/leggins-pelo-copia-68f8ca9b3e222.jpg\" class=\"css-0 e1g79fud0\"\/><a target=\"_blank\" rel=\"noopener nofollow\" data-theme-key=\"base-link\" href=\"https:\/\/pinterest.com\/pin\/create\/button\/?url=https:\/\/www.elle.com\/es\/moda\/noticias\/a69119980\/primark-espana-hace-historia-comparte-sus-10-productos-mas-virales-para-celebrar-el-decimo-aniversario-en-gran-via\/&amp;description=- ElleSpain&amp;media=https:\/\/hips.hearstapps.com\/hmg-prod\/images\/leggins-pelo-copia-68f8ca9b3e222.jpg?resize=1600:*\" class=\"pinterest css-on9hn5 e1c1bym14\"><img decoding=\"async\" data-dynamic-svg=\"true\" src=\"https:\/\/www.elle.com\/_assets\/design-tokens\/fre\/static\/icons\/social\/pinterest.e8cf655.svg?primary=%2523ffffff\" loading=\"lazy\" data-testid=\"dynamic-svg-base\" height=\"auto\" width=\"auto\" alt=\"pinterest\" class=\"css-4lml0h e1mlxuuw1\"\/><\/a><\/p>\n<p>Primark<\/p>\n<p>El abrigo blanco de la colecci\u00f3n de Dulceida<img draggable=\"true\" alt=\"virales de primark\" title=\"Virales de Primark\" loading=\"lazy\" width=\"980\" height=\"1491\" decoding=\"async\" data-nimg=\"1\" style=\"color:transparent;width:100%;height:auto;\"   src=\"https:\/\/www.europesays.com\/es\/wp-content\/uploads\/2025\/10\/abrigo-blanco-dulceida-copia-68f8ca9b2a00f.jpg\" class=\"css-0 e1g79fud0\"\/><\/p>\n<p>Primark<\/p>\n<p>  Chip, la taza de La Bella y La Bestia <img draggable=\"true\" alt=\"primark virales\" title=\"Primark virales\" loading=\"lazy\" width=\"6000\" height=\"8000\" decoding=\"async\" data-nimg=\"1\" style=\"color:transparent;width:100%;height:auto;\"   src=\"https:\/\/www.europesays.com\/es\/wp-content\/uploads\/2025\/10\/la-taza-de-chip-68f8cbd4851cb.jpg\" class=\"css-0 e1g79fud0\"\/><a target=\"_blank\" rel=\"noopener nofollow\" data-theme-key=\"base-link\" href=\"https:\/\/pinterest.com\/pin\/create\/button\/?url=https:\/\/www.elle.com\/es\/moda\/noticias\/a69119980\/primark-espana-hace-historia-comparte-sus-10-productos-mas-virales-para-celebrar-el-decimo-aniversario-en-gran-via\/&amp;description=- ElleSpain&amp;media=https:\/\/hips.hearstapps.com\/hmg-prod\/images\/la-taza-de-chip-68f8cbd4851cb.jpg?resize=1600:*\" class=\"pinterest css-on9hn5 e1c1bym14\"><img decoding=\"async\" data-dynamic-svg=\"true\" src=\"https:\/\/www.elle.com\/_assets\/design-tokens\/fre\/static\/icons\/social\/pinterest.e8cf655.svg?primary=%2523ffffff\" loading=\"lazy\" data-testid=\"dynamic-svg-base\" height=\"auto\" width=\"auto\" alt=\"pinterest\" class=\"css-4lml0h e1mlxuuw1\"\/><\/a><\/p>\n<p>Cortes\u00eda de Primark<\/p>\n<p>La camiseta blanca perfecta<img draggable=\"true\" alt=\"primark virales\" title=\"Primark virales\" loading=\"lazy\" width=\"6000\" height=\"8000\" decoding=\"async\" data-nimg=\"1\" style=\"color:transparent;width:100%;height:auto;\"   src=\"https:\/\/www.europesays.com\/es\/wp-content\/uploads\/2025\/10\/la-camiseta-blanca-68f8cbd48902a.jpg\" class=\"css-0 e1g79fud0\"\/><a target=\"_blank\" rel=\"noopener nofollow\" data-theme-key=\"base-link\" href=\"https:\/\/pinterest.com\/pin\/create\/button\/?url=https:\/\/www.elle.com\/es\/moda\/noticias\/a69119980\/primark-espana-hace-historia-comparte-sus-10-productos-mas-virales-para-celebrar-el-decimo-aniversario-en-gran-via\/&amp;description=- ElleSpain&amp;media=https:\/\/hips.hearstapps.com\/hmg-prod\/images\/la-camiseta-blanca-68f8cbd48902a.jpg?resize=1600:*\" class=\"pinterest css-on9hn5 e1c1bym14\"><img decoding=\"async\" data-dynamic-svg=\"true\" src=\"https:\/\/www.elle.com\/_assets\/design-tokens\/fre\/static\/icons\/social\/pinterest.e8cf655.svg?primary=%2523ffffff\" loading=\"lazy\" data-testid=\"dynamic-svg-base\" height=\"auto\" width=\"auto\" alt=\"pinterest\" class=\"css-4lml0h e1mlxuuw1\"\/><\/a><\/p>\n<p>Cortes\u00eda de Primark<\/p>\n<p>El &#8216;snuddie&#8217; de cada invierno<img draggable=\"true\" alt=\"primark virales\" title=\"Primark virales\" loading=\"lazy\" width=\"6000\" height=\"8000\" decoding=\"async\" data-nimg=\"1\" style=\"color:transparent;width:100%;height:auto;\"   src=\"https:\/\/www.europesays.com\/es\/wp-content\/uploads\/2025\/10\/snuddie-68f8cbd527018.jpg\" class=\"css-0 e1g79fud0\"\/><a target=\"_blank\" rel=\"noopener nofollow\" data-theme-key=\"base-link\" href=\"https:\/\/pinterest.com\/pin\/create\/button\/?url=https:\/\/www.elle.com\/es\/moda\/noticias\/a69119980\/primark-espana-hace-historia-comparte-sus-10-productos-mas-virales-para-celebrar-el-decimo-aniversario-en-gran-via\/&amp;description=- ElleSpain&amp;media=https:\/\/hips.hearstapps.com\/hmg-prod\/images\/snuddie-68f8cbd527018.jpg?resize=1600:*\" class=\"pinterest css-on9hn5 e1c1bym14\"><img decoding=\"async\" data-dynamic-svg=\"true\" src=\"https:\/\/www.elle.com\/_assets\/design-tokens\/fre\/static\/icons\/social\/pinterest.e8cf655.svg?primary=%2523ffffff\" loading=\"lazy\" data-testid=\"dynamic-svg-base\" height=\"auto\" width=\"auto\" alt=\"pinterest\" class=\"css-4lml0h e1mlxuuw1\"\/><\/a><\/p>\n<p>Cortes\u00eda de Primark<\/p>\n<p>El &#8216;ugly jumper&#8217; de cada Navidad<img draggable=\"true\" alt=\"primark virales\" title=\"Primark virales\" loading=\"lazy\" width=\"6000\" height=\"8000\" decoding=\"async\" data-nimg=\"1\" style=\"color:transparent;width:100%;height:auto;\"   src=\"https:\/\/www.europesays.com\/es\/wp-content\/uploads\/2025\/10\/ugly-jumper-68f8cbd574fe2.jpg\" class=\"css-0 e1g79fud0\"\/><a target=\"_blank\" rel=\"noopener nofollow\" data-theme-key=\"base-link\" href=\"https:\/\/pinterest.com\/pin\/create\/button\/?url=https:\/\/www.elle.com\/es\/moda\/noticias\/a69119980\/primark-espana-hace-historia-comparte-sus-10-productos-mas-virales-para-celebrar-el-decimo-aniversario-en-gran-via\/&amp;description=- ElleSpain&amp;media=https:\/\/hips.hearstapps.com\/hmg-prod\/images\/ugly-jumper-68f8cbd574fe2.jpg?resize=1600:*\" class=\"pinterest css-on9hn5 e1c1bym14\"><img decoding=\"async\" data-dynamic-svg=\"true\" src=\"https:\/\/www.elle.com\/_assets\/design-tokens\/fre\/static\/icons\/social\/pinterest.e8cf655.svg?primary=%2523ffffff\" loading=\"lazy\" data-testid=\"dynamic-svg-base\" height=\"auto\" width=\"auto\" alt=\"pinterest\" class=\"css-4lml0h e1mlxuuw1\"\/><\/a><\/p>\n<p>Cortes\u00eda de Primark<\/p>\n<p>El vaquero pitillo tipazo<img draggable=\"true\" alt=\"primark virales\" title=\"Primark virales\" loading=\"lazy\" width=\"6000\" height=\"8000\" decoding=\"async\" data-nimg=\"1\" style=\"color:transparent;width:100%;height:auto;\"   src=\"https:\/\/www.europesays.com\/es\/wp-content\/uploads\/2025\/10\/el-vaquero-pitillo-68f8cbda65ac6.jpg\" class=\"css-0 e1g79fud0\"\/><a target=\"_blank\" rel=\"noopener nofollow\" data-theme-key=\"base-link\" href=\"https:\/\/pinterest.com\/pin\/create\/button\/?url=https:\/\/www.elle.com\/es\/moda\/noticias\/a69119980\/primark-espana-hace-historia-comparte-sus-10-productos-mas-virales-para-celebrar-el-decimo-aniversario-en-gran-via\/&amp;description=- ElleSpain&amp;media=https:\/\/hips.hearstapps.com\/hmg-prod\/images\/el-vaquero-pitillo-68f8cbda65ac6.jpg?resize=1600:*\" class=\"pinterest css-on9hn5 e1c1bym14\"><img decoding=\"async\" data-dynamic-svg=\"true\" src=\"https:\/\/www.elle.com\/_assets\/design-tokens\/fre\/static\/icons\/social\/pinterest.e8cf655.svg?primary=%2523ffffff\" loading=\"lazy\" data-testid=\"dynamic-svg-base\" height=\"auto\" width=\"auto\" alt=\"pinterest\" class=\"css-4lml0h e1mlxuuw1\"\/><\/a><\/p>\n<p>Cortes\u00eda de Primark<\/p>\n<p data-journey-content=\"true\" data-node-id=\"29\" class=\"css-6wxqfj emevuu60\"><strong data-node-id=\"29.0\">\u00bfCu\u00e1ntos tienes? \u00bfDe cu\u00e1ntos te quedastecon las ganas porque se agotaron r\u00e1pido?<\/strong> Primark Gran V\u00eda se ha convertido en estos 10 a\u00f1os en el lugar de referencia y visita obligada de los madrile\u00f1os, espa\u00f1oles, europeos y turistas de todas partes del mundo. Por eso, cuando ayer <strong data-node-id=\"29.2\">Diego Vizca\u00edno,<\/strong> socio director del \u00e1rea de Econom\u00eda Aplicada de Afi, nos dio a conocer los datos, entendimos que <strong data-node-id=\"29.4\">es normal que triunfe:<\/strong><\/p>\n<ul data-node-id=\"30\" class=\"css-kw9lqy emevuu60\">\n<li data-node-id=\"30.0\">\u00abSolo en <strong data-node-id=\"30.0.1\">2024<\/strong>, la tienda alcanz\u00f3 un impacto econ\u00f3mico r\u00e9cord, contribuyendo con <strong data-node-id=\"30.0.3\">83 millones de euros al PIB nacional<\/strong> y gener\u00f3 <strong data-node-id=\"30.0.5\">42 millones de euros en impuestos y cotizaciones sociales.\u00bb<\/strong><\/li>\n<li data-node-id=\"30.1\"><strong data-node-id=\"30.1.0\">\u00abPor cada euro de valor<\/strong> <strong data-node-id=\"30.1.2\">que Primark genera<\/strong> a trav\u00e9s de sus operaciones, <strong data-node-id=\"30.1.4\">otros negocios y sectores de Gran V\u00eda generan 0,50 euros adicionales<\/strong>.\u00bb<\/li>\n<li data-node-id=\"30.2\">\u00abLa tienda es adem\u00e1s un importante <strong data-node-id=\"30.2.1\">motor<\/strong> <strong data-node-id=\"30.2.3\">de<\/strong> <strong data-node-id=\"30.2.5\">empleo local<\/strong>: cuenta con <strong data-node-id=\"30.2.7\">m\u00e1s de 1.000 empleados directos<\/strong>, creando <strong data-node-id=\"30.2.9\">0,4 puestos de trabajo indirectos<\/strong> <strong data-node-id=\"30.2.11\">en la zona<\/strong> por cada empleo directo.\u00bb<\/li>\n<\/ul>\n<p data-journey-content=\"true\" data-node-id=\"31\" class=\"css-6wxqfj emevuu60\"><strong data-node-id=\"31.0\">BRAVO. <\/strong>Deseando saber cu\u00e1l ser\u00e1 el siguiente art\u00edculo viral. <\/p>\n","protected":false},"excerpt":{"rendered":"Creo que nunca he buscado algo m\u00e1s en mi vida que a la tierna tacita &#8216;Chip&#8217; de la&hellip;\n","protected":false},"author":2,"featured_media":193763,"comment_status":"","ping_status":"","sticky":false,"template":"","format":"standard","meta":{"footnotes":""},"categories":[80],"tags":[1655,82,253,95,94,25,24,23],"class_list":{"0":"post-193762","1":"post","2":"type-post","3":"status-publish","4":"format-standard","5":"has-post-thumbnail","7":"category-economia","8":"tag-afiliacion","9":"tag-business","10":"tag-discover","11":"tag-economia","12":"tag-economy","13":"tag-es","14":"tag-espana","15":"tag-spain"},"share_on_mastodon":{"url":"https:\/\/pubeurope.com\/@es\/115417995567943789","error":""},"_links":{"self":[{"href":"https:\/\/www.europesays.com\/es\/wp-json\/wp\/v2\/posts\/193762","targetHints":{"allow":["GET"]}}],"collection":[{"href":"https:\/\/www.europesays.com\/es\/wp-json\/wp\/v2\/posts"}],"about":[{"href":"https:\/\/www.europesays.com\/es\/wp-json\/wp\/v2\/types\/post"}],"author":[{"embeddable":true,"href":"https:\/\/www.europesays.com\/es\/wp-json\/wp\/v2\/users\/2"}],"replies":[{"embeddable":true,"href":"https:\/\/www.europesays.com\/es\/wp-json\/wp\/v2\/comments?post=193762"}],"version-history":[{"count":0,"href":"https:\/\/www.europesays.com\/es\/wp-json\/wp\/v2\/posts\/193762\/revisions"}],"wp:featuredmedia":[{"embeddable":true,"href":"https:\/\/www.europesays.com\/es\/wp-json\/wp\/v2\/media\/193763"}],"wp:attachment":[{"href":"https:\/\/www.europesays.com\/es\/wp-json\/wp\/v2\/media?parent=193762"}],"wp:term":[{"taxonomy":"category","embeddable":true,"href":"https:\/\/www.europesays.com\/es\/wp-json\/wp\/v2\/categories?post=193762"},{"taxonomy":"post_tag","embeddable":true,"href":"https:\/\/www.europesays.com\/es\/wp-json\/wp\/v2\/tags?post=193762"}],"curies":[{"name":"wp","href":"https:\/\/api.w.org\/{rel}","templated":true}]}}