{"id":193785,"date":"2025-10-22T13:25:08","date_gmt":"2025-10-22T13:25:08","guid":{"rendered":"https:\/\/www.europesays.com\/es\/193785\/"},"modified":"2025-10-22T13:25:08","modified_gmt":"2025-10-22T13:25:08","slug":"la-divertida-anecdota-de-itziar-ituno-en-el-programa-de-marc-giro-que-soy-vasca","status":"publish","type":"post","link":"https:\/\/www.europesays.com\/es\/193785\/","title":{"rendered":"La divertida an\u00e9cdota de Itziar Itu\u00f1o en el programa de Marc Gir\u00f3: \u00abQue soy vasca\u00bb"},"content":{"rendered":"<p class=\"v-mdl-ath__p v-mdl-ath__p--6\">\nMi\u00e9rcoles, 22 de octubre 2025, 11:07<\/p>\n<p class=\"v-p\">Ni un reto picante asusta a <a href=\"https:\/\/www.diariovasco.com\/culturas\/itziar-ituno-20240205181039-nt.html\" title=\"www.diariovasco.com\" data-voc-vtm-id=\"in-text-traffic\" data-mrf-link=\"www.diariovasco.com\" rel=\"nofollow noopener\" target=\"_blank\">Itziar Itu\u00f1o<\/a>. La actriz vasca protagoniz\u00f3 uno de los momentos m\u00e1s divertidos del programa Late Xou de La 1 cuando, junto al actor y director Daniel Guzm\u00e1n, acept\u00f3 masticar una cayena fingiendo disfrutarla. Mientras el presentador Marc Gir\u00f3 advert\u00eda que no era necesario tragarla, la int\u00e9rprete de &#8216;La casa de papel&#8217; sorprendi\u00f3 al afirmar que ya se la hab\u00eda tragado: \u00abQue yo soy vasca\u00bb. <\/p>\n<p class=\"v-p\">Durante la entrevista, la actriz de Basauri habl\u00f3 tambi\u00e9n del impacto que tuvo el \u00e9xito internacional de &#8216;La casa de papel&#8217; en su vida. Confes\u00f3 que la fama le cambi\u00f3 la forma de viajar y de vivir. \u00abYo siempre he sido mochilera. No he tenido un duro pero he sido muy viajera. Despu\u00e9s de del \u00e9xito de &#8216;La casa de papel&#8217; eso era imposible\u00bb, explic\u00f3.<\/p>\n<p class=\"v-p\">Tan dif\u00edcil se volvi\u00f3 moverse por el mundo sin ser reconocida que incluso lleg\u00f3 a investigar en qu\u00e9 pa\u00edses no operaba Netflix para poder viajar en paz. \u00abTodo esto de la fama te arrebata una parte de tu vida\u00bb, a\u00f1adi\u00f3 la actriz, que tambi\u00e9n es vocalista del grupo euskaldun Ingot.<\/p>\n<p>Reporta un error<\/p>\n","protected":false},"excerpt":{"rendered":"Mi\u00e9rcoles, 22 de octubre 2025, 11:07 Ni un reto picante asusta a Itziar Itu\u00f1o. La actriz vasca protagoniz\u00f3&hellip;\n","protected":false},"author":2,"featured_media":193786,"comment_status":"","ping_status":"","sticky":false,"template":"","format":"standard","meta":{"footnotes":""},"categories":[174],"tags":[255,146,147,25,24,256,50634,36593,23430,23,11777],"class_list":{"0":"post-193785","1":"post","2":"type-post","3":"status-publish","4":"format-standard","5":"has-post-thumbnail","7":"category-famosos","8":"tag-celebrities","9":"tag-entertainment","10":"tag-entretenimiento","11":"tag-es","12":"tag-espana","13":"tag-famosos","14":"tag-itziar-ituno","15":"tag-late-xou","16":"tag-marc-giro","17":"tag-spain","18":"tag-vasca"},"share_on_mastodon":{"url":"https:\/\/pubeurope.com\/@es\/115418046336355756","error":""},"_links":{"self":[{"href":"https:\/\/www.europesays.com\/es\/wp-json\/wp\/v2\/posts\/193785","targetHints":{"allow":["GET"]}}],"collection":[{"href":"https:\/\/www.europesays.com\/es\/wp-json\/wp\/v2\/posts"}],"about":[{"href":"https:\/\/www.europesays.com\/es\/wp-json\/wp\/v2\/types\/post"}],"author":[{"embeddable":true,"href":"https:\/\/www.europesays.com\/es\/wp-json\/wp\/v2\/users\/2"}],"replies":[{"embeddable":true,"href":"https:\/\/www.europesays.com\/es\/wp-json\/wp\/v2\/comments?post=193785"}],"version-history":[{"count":0,"href":"https:\/\/www.europesays.com\/es\/wp-json\/wp\/v2\/posts\/193785\/revisions"}],"wp:featuredmedia":[{"embeddable":true,"href":"https:\/\/www.europesays.com\/es\/wp-json\/wp\/v2\/media\/193786"}],"wp:attachment":[{"href":"https:\/\/www.europesays.com\/es\/wp-json\/wp\/v2\/media?parent=193785"}],"wp:term":[{"taxonomy":"category","embeddable":true,"href":"https:\/\/www.europesays.com\/es\/wp-json\/wp\/v2\/categories?post=193785"},{"taxonomy":"post_tag","embeddable":true,"href":"https:\/\/www.europesays.com\/es\/wp-json\/wp\/v2\/tags?post=193785"}],"curies":[{"name":"wp","href":"https:\/\/api.w.org\/{rel}","templated":true}]}}