{"id":193787,"date":"2025-10-22T13:26:08","date_gmt":"2025-10-22T13:26:08","guid":{"rendered":"https:\/\/www.europesays.com\/es\/193787\/"},"modified":"2025-10-22T13:26:08","modified_gmt":"2025-10-22T13:26:08","slug":"varios-fotografos-capturan-un-fenomeno-luminoso-extremadamente-raro","status":"publish","type":"post","link":"https:\/\/www.europesays.com\/es\/193787\/","title":{"rendered":"varios fot\u00f3grafos capturan un fen\u00f3meno luminoso extremadamente raro"},"content":{"rendered":"<p class=\"c-paragraph\">Un grupo de fot\u00f3grafos logr\u00f3 captar en el cielo de Nueva Zelanda uno de los fen\u00f3menos atmosf\u00e9ricos m\u00e1s inusuales y esquivos del planeta: los llamados <b><a href=\"https:\/\/www.20minutos.es\/noticia\/3464093\/0\/observatorio-puig-des-molins-ibiza-capta-espectros-rojos-durante-tormenta-mallorca\/\" title=\"El Observatorio de Puig des Molins (Ibiza) capta espectros rojos durante la tormenta de Mallorca\" rel=\"nofollow noopener\" target=\"_blank\">red sprites o \u00abduendes rojos\u00bb<\/a><\/b>, destellos el\u00e9ctricos que surgen en la atm\u00f3sfera superior y que apenas duran una mil\u00e9sima de segundo.<\/p>\n<p class=\"c-paragraph\">Los fot\u00f3grafos Tom Rae (Nueva Zelanda) y los espa\u00f1oles Dan Zafra y Jos\u00e9 Cantabrana se encontraban el pasado 11 de octubre fotografiando la V\u00eda L\u00e1ctea sobre los acantilados de arcilla de \u014cm\u0101rama, en la Isla Sur, cuando presenciaron el inusual espect\u00e1culo. Lo que iba a ser una sesi\u00f3n nocturna en busca de cielos despejados se convirti\u00f3, en palabras de Rae, en \u00ab<b>una noche inolvidable<\/b>\u00ab, tal y como recoge el medio brit\u00e1nico The Guardian<b\/>.<\/p>\n<p class=\"c-paragraph\">Los red sprites son <b>descargas el\u00e9ctricas generadas por tormentas<\/b>, pero a diferencia de los rel\u00e1mpagos convencionales, no se dirigen hacia el suelo, sino <b>hacia la atm\u00f3sfera superior<\/b>. Adoptan formas verticales y ramificadas que recuerdan a columnas, y se presentan en un rojo intenso apenas perceptible a simple vista. El primer registro fotogr\u00e1fico de este fen\u00f3meno se remonta a 1989, cuando un equipo de la Universidad de Minnesota los capt\u00f3 por accidente.<\/p>\n<p class=\"c-paragraph\">\u00abEstaba mirando justo hacia el punto donde apareci\u00f3 uno; <b>vi un destello rojo fugaz, y no pod\u00eda creerlo<\/b>\u00ab, relat\u00f3 Rae, fot\u00f3grafo especializado en paisajes nocturnos. \u00abEs algo et\u00e9reo, casi irreal, y desaparece en un instante\u00bb. Su compa\u00f1ero Zafra a\u00f1adi\u00f3 que fue \u00abuna de las noches m\u00e1s extraordinarias\u201d de su vida: \u00abLa V\u00eda L\u00e1ctea brillaba sobre el horizonte mientras enormes filamentos rojos danzaban sobre una tormenta a cientos de kil\u00f3metros\u00bb.<\/p>\n<p class=\"c-paragraph\">Los fot\u00f3grafos creen que sus im\u00e1genes podr\u00edan ser las \u00fanicas conocidas que muestran simult\u00e1neamente la V\u00eda L\u00e1ctea del hemisferio sur y los red sprites en una sola toma. \u00abSab\u00edamos que est\u00e1bamos presenciando algo que <b>probablemente no volver\u00edamos a ver jam\u00e1s<\/b>\u00ab, concluy\u00f3 Zafra.<\/p>\n","protected":false},"excerpt":{"rendered":"Un grupo de fot\u00f3grafos logr\u00f3 captar en el cielo de Nueva Zelanda uno de los fen\u00f3menos atmosf\u00e9ricos m\u00e1s&hellip;\n","protected":false},"author":2,"featured_media":193788,"comment_status":"","ping_status":"","sticky":false,"template":"","format":"standard","meta":{"footnotes":""},"categories":[173],"tags":[229,233,231,230,53975,232,234,146,147,25,24,10328,4417,795,23,53976],"class_list":{"0":"post-193787","1":"post","2":"type-post","3":"status-publish","4":"format-standard","5":"has-post-thumbnail","7":"category-arte-y-diseno","8":"tag-arte","9":"tag-arte-y-diseno","10":"tag-arts","11":"tag-arts-and-design","12":"tag-capturan","13":"tag-design","14":"tag-diseno","15":"tag-entertainment","16":"tag-entretenimiento","17":"tag-es","18":"tag-espana","19":"tag-fotografos","20":"tag-los","21":"tag-nueva","22":"tag-spain","23":"tag-zelanda"},"share_on_mastodon":{"url":"https:\/\/pubeurope.com\/@es\/115418050327178230","error":""},"_links":{"self":[{"href":"https:\/\/www.europesays.com\/es\/wp-json\/wp\/v2\/posts\/193787","targetHints":{"allow":["GET"]}}],"collection":[{"href":"https:\/\/www.europesays.com\/es\/wp-json\/wp\/v2\/posts"}],"about":[{"href":"https:\/\/www.europesays.com\/es\/wp-json\/wp\/v2\/types\/post"}],"author":[{"embeddable":true,"href":"https:\/\/www.europesays.com\/es\/wp-json\/wp\/v2\/users\/2"}],"replies":[{"embeddable":true,"href":"https:\/\/www.europesays.com\/es\/wp-json\/wp\/v2\/comments?post=193787"}],"version-history":[{"count":0,"href":"https:\/\/www.europesays.com\/es\/wp-json\/wp\/v2\/posts\/193787\/revisions"}],"wp:featuredmedia":[{"embeddable":true,"href":"https:\/\/www.europesays.com\/es\/wp-json\/wp\/v2\/media\/193788"}],"wp:attachment":[{"href":"https:\/\/www.europesays.com\/es\/wp-json\/wp\/v2\/media?parent=193787"}],"wp:term":[{"taxonomy":"category","embeddable":true,"href":"https:\/\/www.europesays.com\/es\/wp-json\/wp\/v2\/categories?post=193787"},{"taxonomy":"post_tag","embeddable":true,"href":"https:\/\/www.europesays.com\/es\/wp-json\/wp\/v2\/tags?post=193787"}],"curies":[{"name":"wp","href":"https:\/\/api.w.org\/{rel}","templated":true}]}}