{"id":193806,"date":"2025-10-22T13:37:12","date_gmt":"2025-10-22T13:37:12","guid":{"rendered":"https:\/\/www.europesays.com\/es\/193806\/"},"modified":"2025-10-22T13:37:12","modified_gmt":"2025-10-22T13:37:12","slug":"las-irlandesas-de-loreto-expresa-su-compromiso-con-la-deteccion-y-actuacion-ante-casos-que-afecten-a-la-salud-mental","status":"publish","type":"post","link":"https:\/\/www.europesays.com\/es\/193806\/","title":{"rendered":"Las Irlandesas de Loreto expresa su compromiso con la \u00abdetecci\u00f3n y actuaci\u00f3n\u00bb ante casos que afecten a la salud mental"},"content":{"rendered":"<p style=\"\">El <strong>Colegio Irlandesas Loreto<\/strong> ha lanzado un comunicado cuando ha transcurrido apenas una semana desde el suceso en que muri\u00f3 una de sus alumnas, <strong>Sandra<\/strong>, presuntamente v\u00edctima de acoso escolar por parte de algunas compa\u00f1eras del centro educativo. En el mismo, este colegio  &#8230; lamenta y acompa\u00f1a en el dolor a la familia, a la vez que afirma que est\u00e1n comprometidos con la <strong>\u00abprevenci\u00f3n, detecci\u00f3n temprana y actuaci\u00f3n\u00bb<\/strong> de actuaciones que puedan perjudicar a la salud mental y el bienestar de sus alumnos.<\/p>\n<p class=\"voc-p\" style=\"\">Tambi\u00e9n aseguran que van a dar <strong>\u00abun paso adelante\u00bb para conseguir estar \u00ablo mejor preparados posibles\u00bb<\/strong> ante alumnos en situaci\u00f3n de vulnerabilidad o necesidad. Para ello, el colegio confiesa en el comunicado que han \u00abiniciado un an\u00e1lisis en el entorno educativo\u00bb y que van avanzar en un plan de acci\u00f3n con el apoyo de psic\u00f3logos y personal de servicios sociales para comunicarlo a las instituciones y la comunidad educativa <strong>para \u00abque sirva a otros centros escolares\u00bb<\/strong>.<\/p>\n<p class=\"voc-p\" style=\"\">Tambi\u00e9n reflejan en su texto la necesidad de abordar el \u00abcontexto altamente sensible\u00bb en el que se manejan actualmente los j\u00f3venes, ahondando en el mundo digital, poniendo como ejemplo \u00ab<strong>la publicaci\u00f3n de contenido en redes sociales altamente perjudicial para los propios menores<\/strong>\u00bb que se ha vivido en los d\u00edas posteriores a la muerte de Sandra.<\/p>\n<p class=\"voc-p\" style=\"\">Culmina su texto se\u00f1alando que \u00ababriremos un espacio de di\u00e1logo\u00bb en los pr\u00f3ximos d\u00edas para concretar propuestas concretas de actuaci\u00f3n tras hablar con instituciones, familias, centros escolares, expertos y alumnado. Todo para, seg\u00fan concluyen, \u00ab<strong>conseguir que Andaluc\u00eda se sit\u00fae a la vanguardia\u00bb<\/strong> de un proceso para convertir Espa\u00f1a en un pa\u00eds mejor.<\/p>\n<p>\nEl expediente, en manos de la Fiscal\u00eda\n<\/p>\n<p class=\"voc-p\" style=\"\">Sea como fuere, el caso de Sandra sigue en manos de la Fiscal\u00eda, que deber\u00e1 determinar las responsabilidades derivadas de la muerte de la ni\u00f1a y el proceder del centro en las actuaciones previas. El informe de Inspecci\u00f3n Educativa reflej\u00f3 que <strong>el colegio no activ\u00f3 los protocolos de actuaci\u00f3n<\/strong> pertinentes ante casos de acoso y de actitudes autol\u00edticas, a pesar de que ten\u00eda un <strong>informe psicol\u00f3gico aportado por la madre<\/strong> en la que se especificaba que Sandra sufr\u00eda acoso por parte de compa\u00f1eras. <\/p>\n<p class=\"voc-p\" style=\"\">El protocolo establece que el caso <strong>debe ser registrado en la plataforma S\u00e9neca<\/strong>, para poder seguir el caso y continuar con el seguimiento del mismo, independientemente de que las conductas de acoso se detecten dentro o fuera del recinto educativo. Con varios registros de reuniones de la madre con el personal del colegio en el que se informa de los problemas que sufr\u00eda la menor, el protocolo deb\u00eda de haberse activado.<\/p>\n<p class=\"voc-p\" style=\"\">Cabe recordar que este lunes la Fiscal\u00eda, tras estudiar todo el material entregado por la Junta de Andaluc\u00eda, <strong>acord\u00f3 la apertura de dos expedientes de investigaci\u00f3n<\/strong>. De un lado, se abrir\u00e1 un expediente de reforma juvenil en el que ser\u00e1 relevante el atestado que est\u00e1 elaborando la Polic\u00eda Nacional sobre los <strong>hechos, sus protagonistas y la edad de las mismas<\/strong>. De otro lado, se abri\u00f3 un expediente de protecci\u00f3n, en el que el representante del Ministerio P\u00fablico encargado del caso <strong>supervisar\u00e1 la actuaci\u00f3n de todas las entidades y administraciones en este asunto<\/strong>.<\/p>\n<p class=\"voc-p\" style=\"\">Tambi\u00e9n se han abierto<strong> diligencias de investigaci\u00f3n penal por la difusi\u00f3n en redes sociales de las fotograf\u00edas con la identidad de las supuestas acosadoras<\/strong> y los mensajes de amenazas recibidas por las mismas. En dicho escrito, adem\u00e1s, revela que en su funci\u00f3n de protecci\u00f3n de la imagen de los menores \u00abel acoso no se puede combatir con el acoso y amenazas\u00bb.<\/p>\n<p class=\"voc-p\" style=\"\">El comunicado completo de las Irlandesas de Loreto es el siguiente:<\/p>\n<p class=\"voc-p\" style=\"\">En el Colegio Irlandesas Loreto estamos profundamente consternados por el fallecimiento de Sandra. Nuestro profesorado, alumnado y nuestra comunidad educativa acompa\u00f1amos a su familia en el profundo dolor por el que est\u00e1 atravesando. Compartimos la conmoci\u00f3n que se est\u00e1 viviendo en Sevilla ante un hecho que nunca deber\u00eda producirse.<\/p>\n<p class=\"voc-p\" style=\"\">En nuestro colegio estamos profundamente comprometidos con la prevenci\u00f3n, detecci\u00f3n temprana y actuaci\u00f3n ante cualquier circunstancia que pueda ser perjudicial para la salud mental y el bienestar de nuestro alumnado. Contamos con los mecanismos para hacer frente a estas situaciones, formamos a nuestro profesorado y, ante cualquier se\u00f1al, se ponen en marcha las medidas necesarias.<\/p>\n<p class=\"voc-p\" style=\"\">Desde el mismo momento en que se conoci\u00f3 la noticia nos pusimos a disposici\u00f3n de las autoridades competentes que est\u00e1n investigando lo sucedido. Paralelamente, hemos tomado la decisi\u00f3n de dar un paso adelante para conseguir que los centros educativos estemos lo mejor preparados posibles para atender a los alumnos que, por cualquier circunstancia, se encuentren en una situaci\u00f3n de vulnerabilidad o necesidad.<\/p>\n<p class=\"voc-p\" style=\"\">Hemos iniciado un an\u00e1lisis de nuestro entorno educativo con el objetivo de seguir profundizando en los mecanismos actuales de atenci\u00f3n integral a nuestro alumnado. Para avanzar en \u00e9l y concretar un plan de acci\u00f3n, vamos a solicitar el apoyo de visiones externas, especializadas en psicolog\u00eda y en servicios sociales. Terminado este proceso, compartiremos nuestras conclusiones con las instituciones y el resto de la comunidad educativa con el \u00e1nimo de que sirva a otros centros escolares.<\/p>\n<p class=\"voc-p\" style=\"\">Nos encontramos en un contexto altamente sensible en el que urge abordar con m\u00e1s rapidez, flexibilidad y determinaci\u00f3n situaciones de necesidad o vulnerabilidad que nuestros j\u00f3venes pueden atravesar a lo largo de sus a\u00f1os de desarrollo. Todo, dentro de la proliferaci\u00f3n de ecosistemas digitales que tambi\u00e9n deben situarse en el centro de nuestra reflexi\u00f3n como sociedad. Buena prueba de ello son estos \u00faltimos d\u00edas, en los que estamos asistiendo a la publicaci\u00f3n de contenido en redes sociales altamente perjudicial para los propios menores. Como sociedad merecemos una profunda reflexi\u00f3n.<\/p>\n<p class=\"voc-p\" style=\"\">Nosotros, como centro educativo, queremos participar de manera activa en ella. En los pr\u00f3ximos d\u00edas abriremos un espacio de di\u00e1logo en el que, a trav\u00e9s de la experiencia y conocimiento de las instituciones, familias, centros escolares, alumnado, asociaciones y expertos puedan acordar propuestas concretas de actuaci\u00f3n.<\/p>\n<p class=\"voc-p\" style=\"\">Los retos a los que nos enfrentamos son may\u00fasculos y la respuesta debe ser contundente y un\u00e1nime. Estamos convencidos de que, entre todos, podremos conseguir que Andaluc\u00eda se sit\u00fae a la vanguardia de un gran proceso de cambio que nos convierta en un pa\u00eds mejor.<\/p>\n","protected":false},"excerpt":{"rendered":"El Colegio Irlandesas Loreto ha lanzado un comunicado cuando ha transcurrido apenas una semana desde el suceso en&hellip;\n","protected":false},"author":2,"featured_media":193807,"comment_status":"","ping_status":"","sticky":false,"template":"","format":"standard","meta":{"footnotes":""},"categories":[8],"tags":[4641,53980,1575,17,18,858,1625,6525,25,24,36796,13,14,11,51356,19,20,51357,4214,9,10,15,16,166,23,12,21,22],"class_list":{"0":"post-193806","1":"post","2":"type-post","3":"status-publish","4":"format-standard","5":"has-post-thumbnail","7":"category-espana","8":"tag-actuacion","9":"tag-afecten","10":"tag-ante","11":"tag-breaking-news","12":"tag-breakingnews","13":"tag-casos","14":"tag-compromiso","15":"tag-deteccion","16":"tag-es","17":"tag-espana","18":"tag-expresa","19":"tag-featured-news","20":"tag-featurednews","21":"tag-headlines","22":"tag-irlandesas","23":"tag-latest-news","24":"tag-latestnews","25":"tag-loreto","26":"tag-mental","27":"tag-news","28":"tag-noticias","29":"tag-noticias-destacadas","30":"tag-noticiasdestacadas","31":"tag-salud","32":"tag-spain","33":"tag-titulares","34":"tag-ultimas-noticias","35":"tag-ultimasnoticias"},"share_on_mastodon":{"url":"https:\/\/pubeurope.com\/@es\/115418093608182749","error":""},"_links":{"self":[{"href":"https:\/\/www.europesays.com\/es\/wp-json\/wp\/v2\/posts\/193806","targetHints":{"allow":["GET"]}}],"collection":[{"href":"https:\/\/www.europesays.com\/es\/wp-json\/wp\/v2\/posts"}],"about":[{"href":"https:\/\/www.europesays.com\/es\/wp-json\/wp\/v2\/types\/post"}],"author":[{"embeddable":true,"href":"https:\/\/www.europesays.com\/es\/wp-json\/wp\/v2\/users\/2"}],"replies":[{"embeddable":true,"href":"https:\/\/www.europesays.com\/es\/wp-json\/wp\/v2\/comments?post=193806"}],"version-history":[{"count":0,"href":"https:\/\/www.europesays.com\/es\/wp-json\/wp\/v2\/posts\/193806\/revisions"}],"wp:featuredmedia":[{"embeddable":true,"href":"https:\/\/www.europesays.com\/es\/wp-json\/wp\/v2\/media\/193807"}],"wp:attachment":[{"href":"https:\/\/www.europesays.com\/es\/wp-json\/wp\/v2\/media?parent=193806"}],"wp:term":[{"taxonomy":"category","embeddable":true,"href":"https:\/\/www.europesays.com\/es\/wp-json\/wp\/v2\/categories?post=193806"},{"taxonomy":"post_tag","embeddable":true,"href":"https:\/\/www.europesays.com\/es\/wp-json\/wp\/v2\/tags?post=193806"}],"curies":[{"name":"wp","href":"https:\/\/api.w.org\/{rel}","templated":true}]}}