{"id":193809,"date":"2025-10-22T13:39:08","date_gmt":"2025-10-22T13:39:08","guid":{"rendered":"https:\/\/www.europesays.com\/es\/193809\/"},"modified":"2025-10-22T13:39:08","modified_gmt":"2025-10-22T13:39:08","slug":"alianza-ocupo-el-octavo-puesto-en-el-certamen-nacional-de-adultos-a","status":"publish","type":"post","link":"https:\/\/www.europesays.com\/es\/193809\/","title":{"rendered":"Alianza ocup\u00f3 el octavo puesto en el certamen Nacional de Adultos A"},"content":{"rendered":"\n<p> El elenco villamariense clasific\u00f3 en una zona muy complicada, en la que enfrent\u00f3 al campe\u00f3n SAG de Villa Ballester, con el que perdi\u00f3 por 7 puntos (28-21), logrando la clasificaci\u00f3n, tras igualar 24-24 ante Sol de Mayo de Viedma.<\/p>\n<p>Luego fue derrotado claramente 33-15 por el subcampe\u00f3n Dorrego de Buenos Aires, y muy ajustadamente cay\u00f3 ante el local Municipalidad de Alta Gracia 31-29; y frente a Municipalidad de Maip\u00fa 30-29.<\/p>\n<p>El torneo fiscalizado por la Confederaci\u00f3n Argentina de Handball, ratific\u00f3 el dominio de Femebal, ya que SAG Villa Ballester se adjudic\u00f3 el campeonato masculino al imponerse tras 2 tiempos extra a Dorrego por 30 a 29, con su arquero D\u00edaz V\u00e9lez como h\u00e9roe y figura. <\/p>\n<p>Los resultados en los cruces fueron los siguientes:<\/p>\n<p>Cuartos de Final: Dorrego 33 &#8211; Alianza Villa Mar\u00eda 15; Municipalidad de Alta Gracia 28 &#8211; River Plate 36; Universitario de C\u00f3rdoba 25 &#8211; Ferro 29; y SAG Villa Ballester 29 &#8211; Municipalidad de Maip\u00fa 23.<\/p>\n<p>Reclasificaci\u00f3n: Alianza Villa Mar\u00eda 29 &#8211; Municipalidad de Alta Gracia 31; y Universitario 30 \u2013 Municipalidad de Maip\u00fa 29.<\/p>\n<p>Semifinales: Dorrego 24 \u2013 River Plate 22; y Ferro 25 &#8211; SAG Villa Ballester 31.<\/p>\n<p>S\u00e9ptimo puesto: Alianza 29 &#8211; Municipalidad de Maip\u00fa 30<\/p>\n<p>Quinto: Universitario 30 &#8211; Municipalidad de Alta Gracia 17.<\/p>\n<p>Tercero: River Plate 25 \u2013 Ferro 21<\/p>\n<p>Final: Dorrego Handball 29 &#8211; SAG Villa Ballester 30. <\/p>\n<p>En la rama femenina, Sedalo de Lan\u00fas fue campe\u00f3n tras vencer en la final 29-24 a Jockey de C\u00f3rdoba (cont\u00f3 con Sof\u00eda Palermo Fuentes y el entrenador Diego Miranda).            <\/p>\n","protected":false},"excerpt":{"rendered":"El elenco villamariense clasific\u00f3 en una zona muy complicada, en la que enfrent\u00f3 al campe\u00f3n SAG de Villa&hellip;\n","protected":false},"author":2,"featured_media":193810,"comment_status":"","ping_status":"","sticky":false,"template":"","format":"standard","meta":{"footnotes":""},"categories":[278],"tags":[376,168,25,24,375,23,167],"class_list":{"0":"post-193809","1":"post","2":"type-post","3":"status-publish","4":"format-standard","5":"has-post-thumbnail","7":"category-balonmano","8":"tag-balonmano","9":"tag-deportes","10":"tag-es","11":"tag-espana","12":"tag-handball","13":"tag-spain","14":"tag-sports"},"share_on_mastodon":{"url":"https:\/\/pubeurope.com\/@es\/115418101480246648","error":""},"_links":{"self":[{"href":"https:\/\/www.europesays.com\/es\/wp-json\/wp\/v2\/posts\/193809","targetHints":{"allow":["GET"]}}],"collection":[{"href":"https:\/\/www.europesays.com\/es\/wp-json\/wp\/v2\/posts"}],"about":[{"href":"https:\/\/www.europesays.com\/es\/wp-json\/wp\/v2\/types\/post"}],"author":[{"embeddable":true,"href":"https:\/\/www.europesays.com\/es\/wp-json\/wp\/v2\/users\/2"}],"replies":[{"embeddable":true,"href":"https:\/\/www.europesays.com\/es\/wp-json\/wp\/v2\/comments?post=193809"}],"version-history":[{"count":0,"href":"https:\/\/www.europesays.com\/es\/wp-json\/wp\/v2\/posts\/193809\/revisions"}],"wp:featuredmedia":[{"embeddable":true,"href":"https:\/\/www.europesays.com\/es\/wp-json\/wp\/v2\/media\/193810"}],"wp:attachment":[{"href":"https:\/\/www.europesays.com\/es\/wp-json\/wp\/v2\/media?parent=193809"}],"wp:term":[{"taxonomy":"category","embeddable":true,"href":"https:\/\/www.europesays.com\/es\/wp-json\/wp\/v2\/categories?post=193809"},{"taxonomy":"post_tag","embeddable":true,"href":"https:\/\/www.europesays.com\/es\/wp-json\/wp\/v2\/tags?post=193809"}],"curies":[{"name":"wp","href":"https:\/\/api.w.org\/{rel}","templated":true}]}}