{"id":193813,"date":"2025-10-22T13:41:17","date_gmt":"2025-10-22T13:41:17","guid":{"rendered":"https:\/\/www.europesays.com\/es\/193813\/"},"modified":"2025-10-22T13:41:17","modified_gmt":"2025-10-22T13:41:17","slug":"joel-alvarez-analiza-su-primera-victoria-en-el-peso-welter-de-la-ufc-y-apunta-a-catar-mas-deportes","status":"publish","type":"post","link":"https:\/\/www.europesays.com\/es\/193813\/","title":{"rendered":"Joel \u00c1lvarez analiza su primera victoria en el peso w\u00e9lter de la UFC y apunta a Catar | M\u00e1s deportes"},"content":{"rendered":"<p class=\"loc\">Gij\u00f3n<\/p>\n<p>Tras su exitoso debut en el peso w\u00e9lter de la UFC, Joel \u00c1lvarez sigue marc\u00e1ndose nuevas metas. Tras un triunfo inapelable en Brasil ante Vicente Luque, destacado como el mejor debut en una divisi\u00f3n por parte de muchos expertos, El Fen\u00f3meno no descarta volver a competir en la velada que se celebrar\u00e1 en noviembre en Catar. <\/p>\n<p>El gijon\u00e9s valora en una entrevista en SER Gij\u00f3n el alivio que ha supuesto para \u00e9l cambiar de peso, considera que el debut sali\u00f3 \u00aba pedir de boca\u00bb y, pese a que por una vez no pudo vencer por finalizaci\u00f3n, piensa que los quince minutos en el oct\u00f3gono le han servido para \u00abcrecer como deportista\u00bb y conocer mejor una categor\u00eda en la que hay \u00abmayor dureza\u00bb en los combates.<\/p>\n","protected":false},"excerpt":{"rendered":"Gij\u00f3n Tras su exitoso debut en el peso w\u00e9lter de la UFC, Joel \u00c1lvarez sigue marc\u00e1ndose nuevas metas.&hellip;\n","protected":false},"author":2,"featured_media":193814,"comment_status":"","ping_status":"","sticky":false,"template":"","format":"standard","meta":{"footnotes":""},"categories":[276],"tags":[168,25,24,23,167,343],"class_list":{"0":"post-193813","1":"post","2":"type-post","3":"status-publish","4":"format-standard","5":"has-post-thumbnail","7":"category-ufc","8":"tag-deportes","9":"tag-es","10":"tag-espana","11":"tag-spain","12":"tag-sports","13":"tag-ufc"},"share_on_mastodon":{"url":"https:\/\/pubeurope.com\/@es\/115418109220521731","error":""},"_links":{"self":[{"href":"https:\/\/www.europesays.com\/es\/wp-json\/wp\/v2\/posts\/193813","targetHints":{"allow":["GET"]}}],"collection":[{"href":"https:\/\/www.europesays.com\/es\/wp-json\/wp\/v2\/posts"}],"about":[{"href":"https:\/\/www.europesays.com\/es\/wp-json\/wp\/v2\/types\/post"}],"author":[{"embeddable":true,"href":"https:\/\/www.europesays.com\/es\/wp-json\/wp\/v2\/users\/2"}],"replies":[{"embeddable":true,"href":"https:\/\/www.europesays.com\/es\/wp-json\/wp\/v2\/comments?post=193813"}],"version-history":[{"count":0,"href":"https:\/\/www.europesays.com\/es\/wp-json\/wp\/v2\/posts\/193813\/revisions"}],"wp:featuredmedia":[{"embeddable":true,"href":"https:\/\/www.europesays.com\/es\/wp-json\/wp\/v2\/media\/193814"}],"wp:attachment":[{"href":"https:\/\/www.europesays.com\/es\/wp-json\/wp\/v2\/media?parent=193813"}],"wp:term":[{"taxonomy":"category","embeddable":true,"href":"https:\/\/www.europesays.com\/es\/wp-json\/wp\/v2\/categories?post=193813"},{"taxonomy":"post_tag","embeddable":true,"href":"https:\/\/www.europesays.com\/es\/wp-json\/wp\/v2\/tags?post=193813"}],"curies":[{"name":"wp","href":"https:\/\/api.w.org\/{rel}","templated":true}]}}