{"id":193819,"date":"2025-10-22T13:45:08","date_gmt":"2025-10-22T13:45:08","guid":{"rendered":"https:\/\/www.europesays.com\/es\/193819\/"},"modified":"2025-10-22T13:45:08","modified_gmt":"2025-10-22T13:45:08","slug":"el-nuevo-genio-de-aston-martin-analiza-a-fernando-alonso-es-intimidante-porque","status":"publish","type":"post","link":"https:\/\/www.europesays.com\/es\/193819\/","title":{"rendered":"El nuevo genio de Aston Martin analiza a Fernando Alonso: \u00abEs intimidante porque&#8230;\u00bb"},"content":{"rendered":"<p class=\"L6-news-detail__text\"><b>Fernando Alonso<\/b> es la gran baza de <b><a title=\"Aston Martin\" href=\"https:\/\/www.lasexta.com\/noticias\/deportes\/motor\/formula1\/revelador-silencio-fernando-alonso-radio-mensaje-aston-martin_2025102168f78c6ff7eba841481e088b.html\" target=\"_blank\" rel=\"nofollow noopener\">Aston Martin<\/a><\/b> para aspirar al mundial de la F\u00f3rmula 1 en 2026. Si le dan un coche competitivo, \u00e9l estar\u00e1 arriba. Lo saben en la f\u00e1brica y lo sabe uno de los nuevos genios del equipo verde, <b>Enrico Cardile<\/b>, que alucina con la manera de trabajar que tiene el piloto espa\u00f1ol.<\/p>\n<p class=\"L6-news-detail__text\">En el podcast oficial de la F1, Cardile analiza as\u00ed a Fernando Alonso: \u00abTiene <b>memoria fotogr\u00e1fica,<\/b> me resulta intimidante c\u00f3mo puede <b>recordar cosas que yo ni siquiera podr\u00eda haber pensado que eran importantes\u00bb.<\/b><\/p>\n<p class=\"L6-news-detail__text\">El bicampe\u00f3n siempre ha demostrado que es mucho m\u00e1s que un piloto. Ha actuado de ingeniero y siempre est\u00e1 pendiente de la estrategia y de todo lo que se mueve alrededor del coche y del equipo. Es un activo muy valioso para la escuder\u00eda verde, que espera dar la sorpresa con las nuevas normas.<\/p>\n<p class=\"L6-news-detail__text\">Cardile tambi\u00e9n ha hablado de <b>Lance Stroll.<\/b> Reconoce que es diferente a Fernando: \u00abHabla menos que \u00e9l&#8230;\u00bb.<\/p>\n<p class=\"L6-news-detail__text\">Y le compara con un campe\u00f3n de la competici\u00f3n: <b>\u00abEs m\u00e1s n\u00edtido, es como Kimi Raikkonen\u00bb.<\/b><\/p>\n<p class=\"L6-news-detail__text\">Para Aston Martin Fernando y Lance forman la pareja perfecta para asaltar el t\u00edtulo. Y el a\u00f1o que viene, con <b><a title=\"Adrian Newey\" href=\"https:\/\/www.lasexta.com\/noticias\/deportes\/motor\/formula1\/fernando-alonso-puede-ganar-2026-alguersuari-ensalza-combo-newey_2025100868e667ac0e3c6c5098282fb6.html\" target=\"_blank\" rel=\"nofollow noopener\">Adrian Newey<\/a><\/b> como ingeniero jefe, quieren empezar a escribir su historia en el Gran Circo.<\/p>\n<p class=\"L6-support-news-video__title\">MotoGP<\/p>\n<p>            <a href=\"https:\/\/www.lasexta.com\/noticias\/deportes\/motor\/vertigo-puro-tremendo-doble-adelantamiento-acosta-marquez-miller-sprint-australia_2025101868f36b1dde40d8089e14b02c.html\" class=\"L6-news__link\" rel=\"nofollow noopener\" target=\"_blank\"><br \/>\n                \u00a1V\u00e9rtigo puro! El tremendo doble adelantamiento de Acosta a M\u00e1rquez y Miller en la &#8216;sprint&#8217; de Australia<\/p>\n<p class=\"recirculation-video-desc\">&#8216;El Tibur\u00f3n de Mazarr\u00f3n&#8217; dej\u00f3 una acci\u00f3n sensacional en la recta del circuito de Phillip Island pasando a la vez a \u00c1lex M\u00e1rquex y a Jack Miller.<\/p>\n<p>            <\/a><\/p>\n","protected":false},"excerpt":{"rendered":"Fernando Alonso es la gran baza de Aston Martin para aspirar al mundial de la F\u00f3rmula 1 en&hellip;\n","protected":false},"author":2,"featured_media":16732,"comment_status":"","ping_status":"","sticky":false,"template":"","format":"standard","meta":{"footnotes":""},"categories":[270],"tags":[168,25,24,306,271,272,23,167],"class_list":{"0":"post-193819","1":"post","2":"type-post","3":"status-publish","4":"format-standard","5":"has-post-thumbnail","7":"category-formula-1","8":"tag-deportes","9":"tag-es","10":"tag-espana","11":"tag-f1","12":"tag-formula-1","13":"tag-formula1","14":"tag-spain","15":"tag-sports"},"share_on_mastodon":{"url":"https:\/\/pubeurope.com\/@es\/115418125227942246","error":""},"_links":{"self":[{"href":"https:\/\/www.europesays.com\/es\/wp-json\/wp\/v2\/posts\/193819","targetHints":{"allow":["GET"]}}],"collection":[{"href":"https:\/\/www.europesays.com\/es\/wp-json\/wp\/v2\/posts"}],"about":[{"href":"https:\/\/www.europesays.com\/es\/wp-json\/wp\/v2\/types\/post"}],"author":[{"embeddable":true,"href":"https:\/\/www.europesays.com\/es\/wp-json\/wp\/v2\/users\/2"}],"replies":[{"embeddable":true,"href":"https:\/\/www.europesays.com\/es\/wp-json\/wp\/v2\/comments?post=193819"}],"version-history":[{"count":0,"href":"https:\/\/www.europesays.com\/es\/wp-json\/wp\/v2\/posts\/193819\/revisions"}],"wp:featuredmedia":[{"embeddable":true,"href":"https:\/\/www.europesays.com\/es\/wp-json\/wp\/v2\/media\/16732"}],"wp:attachment":[{"href":"https:\/\/www.europesays.com\/es\/wp-json\/wp\/v2\/media?parent=193819"}],"wp:term":[{"taxonomy":"category","embeddable":true,"href":"https:\/\/www.europesays.com\/es\/wp-json\/wp\/v2\/categories?post=193819"},{"taxonomy":"post_tag","embeddable":true,"href":"https:\/\/www.europesays.com\/es\/wp-json\/wp\/v2\/tags?post=193819"}],"curies":[{"name":"wp","href":"https:\/\/api.w.org\/{rel}","templated":true}]}}