{"id":193824,"date":"2025-10-22T13:48:13","date_gmt":"2025-10-22T13:48:13","guid":{"rendered":"https:\/\/www.europesays.com\/es\/193824\/"},"modified":"2025-10-22T13:48:13","modified_gmt":"2025-10-22T13:48:13","slug":"la-boda-de-stella-banderas-y-la-entrevista-de-irene-rosales","status":"publish","type":"post","link":"https:\/\/www.europesays.com\/es\/193824\/","title":{"rendered":"la boda de Stella Banderas y la entrevista de Irene Rosales"},"content":{"rendered":"<p>La <a href=\"https:\/\/okdiario.com\/look\/actualidad\/sharon-stone-intima-antonio-banderas-reacciona-boda-stella-del-carmen-2407034\" rel=\"nofollow noopener\" target=\"_blank\">boda de Stella Banderas<\/a> es, sin lugar a dudas, el tema m\u00e1s destacado de las portadas de las revistas esta semana. \u00a1Hola! publica un extenso reportaje con las mejores im\u00e1genes de la ceremonia, que se celebr\u00f3 en Valladolid. Aunque la novia vive en Los \u00c1ngeles, sigue muy vinculada a Espa\u00f1a -pa\u00eds en el que naci\u00f3- y no ten\u00eda dudas de que quer\u00eda que su boda fuera aqu\u00ed. Un d\u00eda perfecto en el que acompa\u00f1aron a los novios familiares y amigos, hasta 200 invitados estuvieron junto a ellos en su gran d\u00eda.<\/p>\n<p>Pero la de Stella no es la \u00fanica boda que copa las portadas de las revistas. El enlace de Alberto Herrera y Blanca Llandres ocupa la primera plana de Lecturas.<a href=\"https:\/\/okdiario.com\/look\/actualidad\/alberto-herrera-aclara-que-no-ido-luna-miel-blanca-llandres-boda-2407298\" rel=\"nofollow noopener\" target=\"_blank\"> El hijo de Carlos Herrera y Maril\u00f3 Montero<\/a> y la prima de Lourdes y Sibo Montes contrajeron matrimonio el pasado fin de semana en una rom\u00e1ntica celebraci\u00f3n en la bas\u00edlica de Nuestra Se\u00f1ora de la Caridad, patrona de Sanl\u00facar de Barrameda. La revista Diez Minutos tambi\u00e9n lleva a su portada la boda, aunque en este caso se centra en la figura de Maril\u00f3 Montero, que ejerci\u00f3 de madrina en este d\u00eda tan especial.<\/p>\n<p>\n<img decoding=\"async\" loading=\"lazy\" class=\"size-full wp-image-2407651\" alt=\"Portadas de revistas\" width=\"1026\" height=\"1392\"  src=\"https:\/\/www.europesays.com\/es\/wp-content\/uploads\/2025\/10\/placeholder.jpg\"  bad-src=\"https:\/\/www.europesays.com\/es\/wp-content\/uploads\/2025\/10\/placeholder.jpg\"\/><\/p>\n<p><img decoding=\"async\" loading=\"lazy\" class=\"size-full wp-image-2407651\" src=\"https:\/\/www.europesays.com\/es\/wp-content\/uploads\/2025\/10\/revistas4.jpg\" alt=\"Portadas de revistas\" width=\"1026\" height=\"1392\"  \/><\/p>\n<p> Portada de la revista \u00a1Hola!. (\u00a1Hola!)\n<\/p>\n<p>El regreso de <a href=\"https:\/\/okdiario.com\/look\/actualidad\/clubes-fans-lodvg-dividen-vuelta-amaia-algunos-han-disuelto-2406260\" rel=\"nofollow noopener\" target=\"_blank\">Amaia Montero a La Oreja de Van Gogh<\/a> ha revolucionado el pa\u00eds y ha dividido a los seguidores entre los partidarios de la cantante original del grupo y quien ha sido los \u00faltimos a\u00f1os la vocalista, Leire Mart\u00ednez. Diez Minutos publica en la portada las primeras im\u00e1genes de Amaia tras el anuncio de su vuelta. Un reportaje en el que se ve a la artista vestida de manera casual, sin maquillaje y con el pelo recogido, a la salida de un local de ensayo en el que comparti\u00f3 una jornada con sus compa\u00f1eros. El grupo est\u00e1 preparando ya su nueva gira, una de las m\u00e1s esperadas de los \u00faltimos tiempos.<\/p>\n<p>\n<img decoding=\"async\" loading=\"lazy\" class=\"size-full wp-image-2407654\" alt=\"Portadas de revistas\" width=\"1178\" height=\"1556\"  src=\"https:\/\/www.europesays.com\/es\/wp-content\/uploads\/2025\/10\/placeholder.jpg\"  bad-src=\"https:\/\/www.europesays.com\/es\/wp-content\/uploads\/2025\/10\/placeholder.jpg\"\/><\/p>\n<p><img decoding=\"async\" loading=\"lazy\" class=\"size-full wp-image-2407654\" src=\"https:\/\/www.europesays.com\/es\/wp-content\/uploads\/2025\/10\/revistas1.jpg\" alt=\"Portadas de revistas\" width=\"1178\" height=\"1556\"  \/><\/p>\n<p> Portada de la revista Lecturas. (Lecturas)\n<\/p>\n<p>Varias semanas despu\u00e9s de que se confirmara la ruptura de Kiko Rivera e Irene Rosales, la ex del DJ se ha sincerado en exclusiva en la portada de la revista Semana. \u00abNunca he sido infiel a Kiko\u00bb, asegura Irene Rosales, que explica por primera vez los motivos de su separaci\u00f3n y habla de su nueva relaci\u00f3n con Guillermo. <strong>\u00abMi matrimonio se ha roto porque he sido m\u00e1s madre que esposa\u00bb,<\/strong> sostiene la ex de Kiko Rivera, que recalca que le ha dado las explicaciones pertinentes al hijo de Isabel Pantoja y dice que Guillermo y ella son dos personas adultas que se est\u00e1n conociendo. A tenor de esto \u00faltimo, Lecturas publica en su portada unas im\u00e1genes en las que se ve a la pareja juntas y el titular reza lo siguiente: <strong>\u00abEl novio de Irene Rosales se muda cerca de ella\u00bb<\/strong>.<\/p>\n<p>\n<img decoding=\"async\" loading=\"lazy\" class=\"size-full wp-image-2407658\" alt=\"Portadas de revistas\" width=\"1196\" height=\"1550\"  src=\"https:\/\/www.europesays.com\/es\/wp-content\/uploads\/2025\/10\/placeholder.jpg\"  bad-src=\"https:\/\/www.europesays.com\/es\/wp-content\/uploads\/2025\/10\/placeholder.jpg\"\/><\/p>\n<p><img decoding=\"async\" loading=\"lazy\" class=\"size-full wp-image-2407658\" src=\"https:\/\/www.europesays.com\/es\/wp-content\/uploads\/2025\/10\/revistas3.jpg\" alt=\"Portadas de revistas\" width=\"1196\" height=\"1550\"  \/><\/p>\n<p> Portada de la revista Semana. (Semana)\n<\/p>\n<p>Entre otros temas destacados en las portadas de las revistas se encuentran la nueva ilusi\u00f3n de Edmundo Arrocet, que ha sido fotografiado durante una escapada a Caribe con una joven 35 a\u00f1os menor que \u00e9l o las im\u00e1genes m\u00e1s cari\u00f1osas de Sara Carbonero con su novio, Jota.<\/p>\n","protected":false},"excerpt":{"rendered":"La boda de Stella Banderas es, sin lugar a dudas, el tema m\u00e1s destacado de las portadas de&hellip;\n","protected":false},"author":2,"featured_media":193825,"comment_status":"","ping_status":"","sticky":false,"template":"","format":"standard","meta":{"footnotes":""},"categories":[174],"tags":[255,146,147,25,24,256,21138,23],"class_list":{"0":"post-193824","1":"post","2":"type-post","3":"status-publish","4":"format-standard","5":"has-post-thumbnail","7":"category-famosos","8":"tag-celebrities","9":"tag-entertainment","10":"tag-entretenimiento","11":"tag-es","12":"tag-espana","13":"tag-famosos","14":"tag-portadas-de-revistas","15":"tag-spain"},"share_on_mastodon":{"url":"https:\/\/pubeurope.com\/@es\/115418137306105799","error":""},"_links":{"self":[{"href":"https:\/\/www.europesays.com\/es\/wp-json\/wp\/v2\/posts\/193824","targetHints":{"allow":["GET"]}}],"collection":[{"href":"https:\/\/www.europesays.com\/es\/wp-json\/wp\/v2\/posts"}],"about":[{"href":"https:\/\/www.europesays.com\/es\/wp-json\/wp\/v2\/types\/post"}],"author":[{"embeddable":true,"href":"https:\/\/www.europesays.com\/es\/wp-json\/wp\/v2\/users\/2"}],"replies":[{"embeddable":true,"href":"https:\/\/www.europesays.com\/es\/wp-json\/wp\/v2\/comments?post=193824"}],"version-history":[{"count":0,"href":"https:\/\/www.europesays.com\/es\/wp-json\/wp\/v2\/posts\/193824\/revisions"}],"wp:featuredmedia":[{"embeddable":true,"href":"https:\/\/www.europesays.com\/es\/wp-json\/wp\/v2\/media\/193825"}],"wp:attachment":[{"href":"https:\/\/www.europesays.com\/es\/wp-json\/wp\/v2\/media?parent=193824"}],"wp:term":[{"taxonomy":"category","embeddable":true,"href":"https:\/\/www.europesays.com\/es\/wp-json\/wp\/v2\/categories?post=193824"},{"taxonomy":"post_tag","embeddable":true,"href":"https:\/\/www.europesays.com\/es\/wp-json\/wp\/v2\/tags?post=193824"}],"curies":[{"name":"wp","href":"https:\/\/api.w.org\/{rel}","templated":true}]}}