{"id":193850,"date":"2025-10-22T14:03:13","date_gmt":"2025-10-22T14:03:13","guid":{"rendered":"https:\/\/www.europesays.com\/es\/193850\/"},"modified":"2025-10-22T14:03:13","modified_gmt":"2025-10-22T14:03:13","slug":"record-de-participacion-en-el-concurso-fotografico-de-la-pena-taurina","status":"publish","type":"post","link":"https:\/\/www.europesays.com\/es\/193850\/","title":{"rendered":"R\u00e9cord de participaci\u00f3n en el concurso fotogr\u00e1fico de la Pe\u00f1a Taurina"},"content":{"rendered":"<p><strong>Se han recibido 105 instant\u00e1neas. Los ganadores de la \u00faltima edici\u00f3n \u2018Una tarde en im\u00e1genes\u2019 se conocer\u00e1n ma\u00f1ana jueves. Lo anunciaba en Radio Daimiel el secretario de la pe\u00f1a, Paco C\u00f3rdoba, que avanzaba otros actos para este cierre de temporada. Entre ellos, la misa de difuntos por los socios fallecidos, que celebrar\u00e1n este domingo 26 de noviembre en la Plaza de Toros. \u00a0<\/strong><\/p>\n<p><strong>Daimiel Noticias.\u2013<\/strong> La Pe\u00f1a Taurina Daimiele\u00f1a ha dado a conocer el intenso programa de actividades con el que cerrar\u00e1 su temporada. Una agenda donde aparece la misa de difuntos por los socios fallecidos en el \u00faltimo a\u00f1o, exposiciones culturales y la resoluci\u00f3n de su popular certamen fotogr\u00e1fico \u2018Una tarde en im\u00e1genes\u2019.\u00a0<\/p>\n<p>La m\u00e1s inmediata en el calendario ser\u00e1 la misa que celebrar\u00e1n este pr\u00f3ximo domingo 26 de noviembre, a partir de las 10:00 horas en la Plaza de Toros. Una cita anual que, aprovechando la cercan\u00eda de la festividad de Todos los Santos, se hace en recuerdo y memoria de los socios fallecidos.\u00a0<\/p>\n<p>  <img loading=\"lazy\" decoding=\"async\" src=\"https:\/\/www.europesays.com\/es\/wp-content\/uploads\/2025\/10\/mini_pena_taurina_2.jpeg\" width=\"770\" height=\"364\" alt=\"Pe\u00f1a taurina\" typeof=\"foaf:Image\" class=\"img-fluid\"\/><br \/>\nMisa en la Plaza de Toros (archivo).<\/p>\n<p>Este a\u00f1o se dedicar\u00e1 de manera especial a Francisco Silva Baeza, m\u00e1s conocido por Casto, como anunciaba este mi\u00e9rcoles en Radio Daimiel Paco C\u00f3rdoba, secretario de la pe\u00f1a.\u00a0<\/p>\n<p><strong>Una tarde en im\u00e1genes<\/strong><br \/>En la\u00a0entrevista en \u2018Aqu\u00ed y Ahora\u2019 ha destacado, igualmente, el r\u00e9cord de participaci\u00f3n que ha registrado la \u00faltima edici\u00f3n de su certamen fotogr\u00e1fico \u2018Una tarde en im\u00e1genes\u2019. 105 instant\u00e1neas que reflejan la consolidaci\u00f3n de esta cita que recoge todo lo que rodea a la celebraci\u00f3n de los festejos taurinos celebrados en la pasada Feria. \u00a0<\/p>\n<p>El jurado se reunir\u00e1 precisamente ma\u00f1ana jueves para deliberar y, tras comunicar el premio a los ganadores, se har\u00e1 p\u00fablico ese fallo. Los premios se mantienen: un primero de 75 euros y trofeo, un segundo de 50 euros, y un tercero de 40 euros (todos con diploma). Adem\u00e1s, hay un premio especial de 50 euros para la foto m\u00e1s simp\u00e1tica u original, en la que tambi\u00e9n entrar\u00e1n los momentos de la suelta de vaquillas, algo que ha dado otro empuj\u00f3n a la participaci\u00f3n y que ha dejado fotos sorprendentes. \u00a0 \u00a0<\/p>\n<p><strong>Exposiciones\u00a0<\/strong><br \/>La programaci\u00f3n continuar\u00e1 el viernes 14 de noviembre con la inauguraci\u00f3n de dos exposiciones paralelas en la Casa de Cultura: la de las fotograf\u00edas participantes en \u2018Una tarde en im\u00e1genes\u2019 y una de pintura, con obras del artista \u00a0albacete\u00f1o, Toro Tribal.\u00a0<\/p>\n<p>Un pintor con \u201cacreditada fama internacional\u201d, que ha expuesto en ciudades como Nueva York, Londres; y en cosos taurinos de Francia como Nimes, Arles o Bayona. C\u00f3rdoba ha avanzado que \u201cest\u00e1 pintando un toro espec\u00edfico y especial para Daimiel\u201d, que ser\u00e1 utilizado como cartel anunciador de la exposici\u00f3n. Ambas muestras estar\u00e1n abiertas hasta finales de noviembre en el horario habitual de la Casa de Cultura.<\/p>\n<p><strong>Mesa redonda y entrega de trofeo<\/strong>\u00a0<br \/>El cierre a esta intensa agenda llegar\u00e1 el s\u00e1bado 15 de noviembre con su \u00a0tradicional mesa redonda y cena de hermandad. El tema a tratar en el debate ser\u00e1 \u2018Luces y sombras de la tauromaquia\u2019, con la participaci\u00f3n de Jorge Fajardo, presidente nacional de la UCTAE (Uni\u00f3n de Criadores de Toros de Lidia); el torero local Luis Miguel V\u00e1zquez, \u00a0y David Galv\u00e1n, torero triunfador de la feria 2025, que recibir\u00e1 el trofeo que otorga la pe\u00f1a tras el coloquio.\u00a0<\/p>\n","protected":false},"excerpt":{"rendered":"Se han recibido 105 instant\u00e1neas. Los ganadores de la \u00faltima edici\u00f3n \u2018Una tarde en im\u00e1genes\u2019 se conocer\u00e1n ma\u00f1ana&hellip;\n","protected":false},"author":2,"featured_media":193851,"comment_status":"","ping_status":"","sticky":false,"template":"","format":"standard","meta":{"footnotes":""},"categories":[277],"tags":[373,53986,3010,168,25,24,241,33713,23,167,374],"class_list":{"0":"post-193850","1":"post","2":"type-post","3":"status-publish","4":"format-standard","5":"has-post-thumbnail","7":"category-toreo","8":"tag-bullfighting","9":"tag-concurso-fotografico","10":"tag-daimiel","11":"tag-deportes","12":"tag-es","13":"tag-espana","14":"tag-exposiciones","15":"tag-pena-taurina","16":"tag-spain","17":"tag-sports","18":"tag-toreo"},"share_on_mastodon":{"url":"https:\/\/pubeurope.com\/@es\/115418196286239847","error":""},"_links":{"self":[{"href":"https:\/\/www.europesays.com\/es\/wp-json\/wp\/v2\/posts\/193850","targetHints":{"allow":["GET"]}}],"collection":[{"href":"https:\/\/www.europesays.com\/es\/wp-json\/wp\/v2\/posts"}],"about":[{"href":"https:\/\/www.europesays.com\/es\/wp-json\/wp\/v2\/types\/post"}],"author":[{"embeddable":true,"href":"https:\/\/www.europesays.com\/es\/wp-json\/wp\/v2\/users\/2"}],"replies":[{"embeddable":true,"href":"https:\/\/www.europesays.com\/es\/wp-json\/wp\/v2\/comments?post=193850"}],"version-history":[{"count":0,"href":"https:\/\/www.europesays.com\/es\/wp-json\/wp\/v2\/posts\/193850\/revisions"}],"wp:featuredmedia":[{"embeddable":true,"href":"https:\/\/www.europesays.com\/es\/wp-json\/wp\/v2\/media\/193851"}],"wp:attachment":[{"href":"https:\/\/www.europesays.com\/es\/wp-json\/wp\/v2\/media?parent=193850"}],"wp:term":[{"taxonomy":"category","embeddable":true,"href":"https:\/\/www.europesays.com\/es\/wp-json\/wp\/v2\/categories?post=193850"},{"taxonomy":"post_tag","embeddable":true,"href":"https:\/\/www.europesays.com\/es\/wp-json\/wp\/v2\/tags?post=193850"}],"curies":[{"name":"wp","href":"https:\/\/api.w.org\/{rel}","templated":true}]}}