{"id":193860,"date":"2025-10-22T14:08:09","date_gmt":"2025-10-22T14:08:09","guid":{"rendered":"https:\/\/www.europesays.com\/es\/193860\/"},"modified":"2025-10-22T14:08:09","modified_gmt":"2025-10-22T14:08:09","slug":"red-bull-esta-en-guerra","status":"publish","type":"post","link":"https:\/\/www.europesays.com\/es\/193860\/","title":{"rendered":"Red Bull est\u00e1 en guerra"},"content":{"rendered":"<p class=\"\">No ha pasado demasiado tiempo entre ese argumento donde \u201c<b>McLaren<\/b> era inalcanzable\u201d y la ret\u00f3rica actual, en la que todo es posible. Despu\u00e9s de que la escuder\u00eda de <b>Woking <\/b>sentenciase a su favor el t\u00edtulo de constructores de <b>F1, <\/b>en una temporada donde parec\u00edan inalcanzables, las cosas han cambiado. Y<a href=\"https:\/\/as.com\/motor\/formula_1\/la-peor-pesadilla-de-mclaren-f202510-n\/\" target=\"_self\" rel=\"nofollow noopener\" title=\"https:\/\/as.com\/motor\/formula_1\/la-peor-pesadilla-de-mclaren-f202510-n\/\"> ahora <b>Max Verstappen<\/b> se ha convertido en el tercero en discordia<\/a> dentro de la lucha por un t\u00edtulo, donde el favoritismo gira cada vez m\u00e1s a su favor. Porque el neerland\u00e9s ha devuelto la esperanza a <b>Red Bull <\/b>tras anotarse 119 puntos de los 133 que el Gran Circo ha puesto en juego en las \u00faltimas cinco carreras y los de <b>Milton Keynes<\/b> conf\u00edan m\u00e1s que nunca en una remontada, donde parten con 40 unidades de desventaja.<\/p>\n<p class=\"\">Con cinco grandes premios por delante todo es posible para la escuder\u00eda energ\u00e9tica, que ha decidido <a href=\"https:\/\/as.com\/motor\/formula_1\/guerra-sucia-entre-red-bull-y-mclaren-f202510-n\/\" target=\"_self\" rel=\"nofollow noopener\" title=\"https:\/\/as.com\/motor\/formula_1\/guerra-sucia-entre-red-bull-y-mclaren-f202510-n\/\">ir a la guerra con todo<\/a>; a pesar de que <b>Helmut Marko<\/b>, asesor del equipo, pretende rebajar la euforia inicial. Ganar el t\u00edtulo a\u00fan \u201cno est\u00e1 al alcance inmediato\u201d, aseguraba el austriaco en Sky Sports F1. Pero no tard\u00f3 demasiado en contagiarse de esa oportunidad que tambi\u00e9n contempla <b>Verstappen<\/b>: \u201cQuedan cinco carreras, dos de ellas fines de semana con esprint, y si mantenemos esta forma (el Mundial) puede ponerse realmente emocionante\u201d. <\/p>\n<p class=\"\">El gran estado de forma que exhibe <b>Max <\/b>hace que ahora todo parezca m\u00e1s f\u00e1cil en<b> Red Bull<\/b>. De hecho, hab\u00eda escenarios cr\u00edticos como <b>Singapur <\/b>donde los de<b> Milton Keynes <\/b>esperaban sufrir (gan\u00f3 <b>Russell),<\/b> pero la gran actuaci\u00f3n del neerland\u00e9s acab\u00f3 de golpe con todas las preocupaciones en torno a un <b>RB21 <\/b>que en esta parte final ha sido competitivo en diferentes escenarios.<\/p>\n<p class=\"\">Por ese motivo, <b>Red Bull <\/b>ya no encuentra puntos d\u00e9biles espec\u00edficos para lo que resta de calendario. \u201cEn teor\u00eda, las curvas de velocidad media ser\u00edan complicadas para nosotros, pero ya no es el caso. Creo que depende realmente de la forma. Con <b>Max <\/b>en una forma tan excepcional, no hay circuito donde digamos: all\u00ed tenemos desventaja\u201d, explicaba <b>Marko<\/b>, sobre un cambio de mentalidad que les hace so\u00f1ar en grande. Porque la escuder\u00eda energ\u00e9tica no solo ha comprobado que el paso adelante del <b>RB21 <\/b>es real, sino que han exhibido \u201csuficiente velocidad para mantener nuestra posici\u00f3n en carrera, incluso por delante de <b>Lando\u201d. <\/b>Y en una temporada como esta, ser capaz de batir a <b>McLaren <\/b>es el mejor indicador posible de que las cosas van bien. <\/p>\n<p><img decoding=\"async\" src=\"https:\/\/www.europesays.com\/es\/wp-content\/uploads\/2025\/10\/R4KELEIYO5C53KAMAWT35NITNQ.jpg\" alt=\"Red Bull est\u00e1 en guerra\" height=\"2560\" width=\"3840\"   loading=\"lazy\"\/>Max Verstappen con Helmut Marko y Laurent Mekies, jefe de Red Bull en la F1.Red Bull Content Pool\u201cRed Bull se ha unido\u201dNoticias relacionadas<\/p>\n<p class=\"\">La progresi\u00f3n de la escuder\u00eda de <b>Woking <\/b>se ha estancado mientras que las tablas muestran un avance evidente de <b>Red Bull<\/b>, que hasta ahora parec\u00eda imposible. Pero, \u00bfa qu\u00e9 se debe ese paso adelante en <b>Milton Keynes? <\/b>Seg\u00fan <b>Marko<\/b>, uno de los factores decisivos ha sido <a href=\"https:\/\/as.com\/motor\/formula_1\/asi-es-laurent-mekies-el-sustituto-de-christian-horner-en-red-bull-n\/\" target=\"_self\" rel=\"nofollow noopener\" title=\"https:\/\/as.com\/motor\/formula_1\/asi-es-laurent-mekies-el-sustituto-de-christian-horner-en-red-bull-n\/\">la llegada de <b>Laurent Mekies<\/b><\/a> como jefe de equipo: \u201cHa conseguido introducir un enfoque diferente en la configuraci\u00f3n t\u00e9cnica y en la manera general de trabajar. Ya no estamos muy lejos los viernes. Y de repente, <b>Max<\/b>, tras su victoria en <b>N\u00fcrburgring en GT3, <\/b>regres\u00f3 con una motivaci\u00f3n incre\u00edble\u00bb.<\/p>\n<p class=\"\">Resulta complejo creer que en la escuder\u00eda energ\u00e9tica hab\u00eda \u201cdado un poco por perdida durante el verano\u201d cualquier opci\u00f3n de luchar por el t\u00edtulo de<b> F\u00f3rmula 1. <\/b>Pero en la sede brit\u00e1nica, las dudas se han despejado de golpe: \u201cAhora todos tienen hambre de triunfo de nuevo. Eso genera una din\u00e1mica completamente nueva. Y se nota: <b>Max <\/b>no comete errores, est\u00e1 lleno de confianza. Todo el equipo se une\u201d. <\/p>\n","protected":false},"excerpt":{"rendered":"No ha pasado demasiado tiempo entre ese argumento donde \u201cMcLaren era inalcanzable\u201d y la ret\u00f3rica actual, en la&hellip;\n","protected":false},"author":2,"featured_media":193861,"comment_status":"","ping_status":"","sticky":false,"template":"","format":"standard","meta":{"footnotes":""},"categories":[270],"tags":[168,25,24,306,271,272,23,167],"class_list":{"0":"post-193860","1":"post","2":"type-post","3":"status-publish","4":"format-standard","5":"has-post-thumbnail","7":"category-formula-1","8":"tag-deportes","9":"tag-es","10":"tag-espana","11":"tag-f1","12":"tag-formula-1","13":"tag-formula1","14":"tag-spain","15":"tag-sports"},"share_on_mastodon":{"url":"https:\/\/pubeurope.com\/@es\/115418215699544329","error":""},"_links":{"self":[{"href":"https:\/\/www.europesays.com\/es\/wp-json\/wp\/v2\/posts\/193860","targetHints":{"allow":["GET"]}}],"collection":[{"href":"https:\/\/www.europesays.com\/es\/wp-json\/wp\/v2\/posts"}],"about":[{"href":"https:\/\/www.europesays.com\/es\/wp-json\/wp\/v2\/types\/post"}],"author":[{"embeddable":true,"href":"https:\/\/www.europesays.com\/es\/wp-json\/wp\/v2\/users\/2"}],"replies":[{"embeddable":true,"href":"https:\/\/www.europesays.com\/es\/wp-json\/wp\/v2\/comments?post=193860"}],"version-history":[{"count":0,"href":"https:\/\/www.europesays.com\/es\/wp-json\/wp\/v2\/posts\/193860\/revisions"}],"wp:featuredmedia":[{"embeddable":true,"href":"https:\/\/www.europesays.com\/es\/wp-json\/wp\/v2\/media\/193861"}],"wp:attachment":[{"href":"https:\/\/www.europesays.com\/es\/wp-json\/wp\/v2\/media?parent=193860"}],"wp:term":[{"taxonomy":"category","embeddable":true,"href":"https:\/\/www.europesays.com\/es\/wp-json\/wp\/v2\/categories?post=193860"},{"taxonomy":"post_tag","embeddable":true,"href":"https:\/\/www.europesays.com\/es\/wp-json\/wp\/v2\/tags?post=193860"}],"curies":[{"name":"wp","href":"https:\/\/api.w.org\/{rel}","templated":true}]}}