{"id":193866,"date":"2025-10-22T14:11:22","date_gmt":"2025-10-22T14:11:22","guid":{"rendered":"https:\/\/www.europesays.com\/es\/193866\/"},"modified":"2025-10-22T14:11:22","modified_gmt":"2025-10-22T14:11:22","slug":"de-la-perdida-de-su-hermano-a-su-relacion-con-mario-vargas-llosa","status":"publish","type":"post","link":"https:\/\/www.europesays.com\/es\/193866\/","title":{"rendered":"de la p\u00e9rdida de su hermano a su relaci\u00f3n con Mario Vargas Llosa"},"content":{"rendered":"<p id=\"e_g6DYPQGN\" data-wc=\"96\">Mucho se ha dicho de<strong>\u00a0Isabel Preysler<\/strong> desde que en 1970 saltara por primera vez a los titulares de la prensa de nuestro pa\u00eds por su relaci\u00f3n con Julio Iglesias. Llevaba poco tiempo en Espa\u00f1a, donde lleg\u00f3 con la intenci\u00f3n de quedarse solo un par de a\u00f1os, pero <a class=\"hm-link ho-link\" href=\"https:\/\/www.hola.com\/actualidad\/20250904853720\/isabel-preysler-portadas-revista-hola\/\" data-mrf-recirculation=\"article-body-link\" rel=\"nofollow noopener\" target=\"_blank\">el destino quiso que se quedara para siempre y que se convirtiera en uno de los personajes m\u00e1s importantes de la cr\u00f3nica social.<\/a> Desde entonces, <strong>cada uno de los cap\u00edtulos de su vida ha generado un gran inter\u00e9s<\/strong> y todo el mundo ha seguido con atenci\u00f3n sus pasos.<\/p>\n<p id=\"eJ5KLV8zW8t\" data-wc=\"86\">Se han escrito miles de art\u00edculos sobre ella dentro y fuera de nuestras fronteras, <strong>se han dicho verdades, mentiras, han circulado muchos rumores\u2026<\/strong> Todos creen conocer a Isabel Preysler y los detalles de los momentos que han marcado su trayectoria. Muchas veces ha sido ella quien ha contado su historia y en \u00a1HOLA! hemos tenido el privilegio de ser testigos directos de los grandes acontecimientos de su vida, pero <a class=\"hm-link ho-link\" href=\"https:\/\/www.hola.com\/actualidad\/20250904853831\/isabel-presyler-memorias-se-inspiraron-en-una-portada-de-hola\/\" data-mrf-recirculation=\"article-body-link\" rel=\"nofollow noopener\" target=\"_blank\">nunca antes hab\u00eda hablado en primera persona como ha hecho ahora en su autobiograf\u00eda, Mi verdadera historia.<\/a><\/p>\n<p> <img src=\"https:\/\/www.europesays.com\/es\/wp-content\/uploads\/2025\/10\/888d7d8a6d2a-6x3a1680-vantonioterron.jpg\"   width=\"1080\" height=\"1800\" loading=\"lazy\" decoding=\"async\" alt=\"Media Image\" fetchpriority=\"auto\" class=\"image ho-image\"\/>\u00a9 Antonio Terr\u00f3n<\/p>\n<p id=\"ebMjM4ZbfFT\" data-wc=\"90\">\u201cSe han dicho tantas cosas falsas sobre m\u00ed a lo largo de los a\u00f1os <strong>sin que me molestara en desmentirlas, que he decidido hacerlo ahora<\/strong>\u201d, adelantaba Isabel a \u00a1HOLA!, poco antes de la publicaci\u00f3n de su libro, que ha salido a la luz este mi\u00e9rcoles 22 de octubre. Decidida como nunca a contar su verdad y a<strong>\u00a0desmontar los falsos mitos sobre ella<\/strong>, encontramos a lo largo de las p\u00e1ginas de esta autobiograf\u00eda <strong>muchos desmentidos y aclaraciones sorprendentes<\/strong>, desde su infancia en Filipinas a su relaci\u00f3n con Mario Vargas Llosa.\u00a0<\/p>\n<p> <img src=\"https:\/\/www.europesays.com\/es\/wp-content\/uploads\/2025\/10\/275d9de85ba1-bk0a1400-ii-2018buckingham.jpg\"   width=\"1080\" height=\"1800\" loading=\"lazy\" decoding=\"async\" alt=\"Isabel y Mario Vargas Llosa\" fetchpriority=\"auto\" class=\"image ho-image\"\/>\u00a9 Antonio Terr\u00f3nIsabel y Mario Vargas Llosa<\/p>\n<ul data-wc=\"26\" id=\"ul-10mkn94mh22mjye\">\n<li class=\"\">\u201cA lo largo de mi carrera he desfilado varias veces y <strong>siempre con fines ben\u00e9ficos<\/strong> y en ning\u00fan caso profesionalmente como se ha llegado a decir\u201d.<\/li>\n<\/ul>\n<p> <img src=\"https:\/\/www.europesays.com\/es\/wp-content\/uploads\/2025\/10\/bf6999b2a4a8-6x3a1143-ii.jpg\"   width=\"1080\" height=\"1800\" loading=\"lazy\" decoding=\"async\" alt=\"Media Image\" fetchpriority=\"auto\" class=\"image ho-image\"\/>\u00a9 Antonio Terr\u00f3n<\/p>\n<ul style=\"list-style-type:disc\" data-wc=\"92\" id=\"ul-10mkn94mh22mjyf\">\n<li>\u201c<strong>Me enter\u00e9 por la prensa de la muerte de la hija de Neile Adams<\/strong> (hija que el abuelo de Isabel tuvo fuera del matrimonio, que se cas\u00f3 con Steve McQueen) y de unas declaraciones en las que me acusaba de haber vetado una entrevista suya sobre su p\u00e9rdida en la revista HELLO!, algo absolutamente falso, puesto que yo no ten\u00eda ninguna informaci\u00f3n sobre su vida, menos a\u00fan sobre la tragedia que le hab\u00eda ocurrido y no tampoco la intenci\u00f3n, el poder ni el menor motivo para impedir ning\u00fan art\u00edculo de esa publicaci\u00f3n\u201d.<\/li>\n<\/ul>\n<p> <img src=\"https:\/\/www.europesays.com\/es\/wp-content\/uploads\/2025\/10\/ca09f45407d2-jaa1140-mejorado-nrrev.jpg\"   width=\"1080\" height=\"1800\" loading=\"lazy\" decoding=\"async\" alt=\"Media Image\" fetchpriority=\"auto\" class=\"image ho-image\"\/>\u00a9 Javier Alonso<\/p>\n<ul data-wc=\"81\" id=\"ul-10mkn94mh22mjyg\">\n<li dir=\"ltr\">\u201cLa muerte de Enrique (su hermano, a los 25 a\u00f1os) fue algo horrible, pero adem\u00e1s tuvimos que soportar la publicaci\u00f3n en<strong> varios medios de distintas hip\u00f3tesis totalmente falsas sobre las circunstancias que rodearon su tr\u00e1gico final<\/strong>. Se dijo que en aquella habitaci\u00f3n de hotel hab\u00edan encontrado alcohol y restos de droga, algo absolutamente falso, ya que a mi hermano sus amigos le tomaban el pelo porque era abstemio y le apodaban \u201ctomato juice\u201d, porque era lo \u00fanico que beb\u00eda cuando sal\u00edan\u201d.<\/li>\n<\/ul>\n<p> <img src=\"https:\/\/www.europesays.com\/es\/wp-content\/uploads\/2025\/10\/0d04e0a3c25c-holapreyslerisabelshoot01028cmykcut.jpg\"   width=\"1080\" height=\"1800\" loading=\"lazy\" decoding=\"async\" alt=\"Media Image\" fetchpriority=\"auto\" class=\"image ho-image\"\/>\u00a9 F\u00e9lix Valiente<\/p>\n<ul data-wc=\"25\" id=\"ul-10mkn94mh22mjyh\">\n<li dir=\"ltr\">\u201cNunca pronunci\u00e9 la absurda frase (a Julio Iglesias) que tantas veces se ha repetido a lo largo de cincuenta a\u00f1os: <strong>\u2018Tendr\u00e9 m\u00e1s portadas que t\u00fa<\/strong>\u2019\u201d<\/li>\n<\/ul>\n<p> <img src=\"https:\/\/www.europesays.com\/es\/wp-content\/uploads\/2025\/10\/c39cc3db148f-preysler24-r.jpg\"   width=\"1080\" height=\"1800\" loading=\"lazy\" decoding=\"async\" alt=\"Media Image\" fetchpriority=\"auto\" class=\"image ho-image\"\/>\u00a9 \u00c1lbum personal<\/p>\n<ul data-wc=\"58\" id=\"ul-10mkn94mh22mjyi\">\n<li dir=\"ltr\">\u201cAl salir del despacho de Jaime (Pe\u00f1afiel) le ped\u00ed a Carmen (Mart\u00ednez Bordi\u00fa) que esperase y volv\u00ed a entrar para aclararle mi situaci\u00f3n con Julio: \u2018Quiero que sepas que llevamos casi un a\u00f1o separados, pero que nadie lo sabe porque no lo hemos hecho p\u00fablico\u2019. <strong>Ni llor\u00e9 ni protagonic\u00e9 ninguna de esas escenas que tanto se han contado<\/strong>\u201d.<\/li>\n<\/ul>\n<p> <img src=\"https:\/\/www.europesays.com\/es\/wp-content\/uploads\/2025\/10\/fc36ee30107e-preysler56.jpg\"   width=\"1920\" height=\"1080\" loading=\"lazy\" decoding=\"async\" alt=\"Media Image\" fetchpriority=\"auto\" class=\"image ho-image\"\/>\u00a9 \u00c1lbum personal<\/p>\n<p> <img src=\"https:\/\/www.europesays.com\/es\/wp-content\/uploads\/2025\/10\/fe54542934a8-6x3a5101.jpg\"   width=\"1080\" height=\"1800\" loading=\"lazy\" decoding=\"async\" alt=\"Isabel Preysler y su hija Tamara Falc\u00f3, en el d\u00eda de su boda\" fetchpriority=\"auto\" class=\"image ho-image\"\/>\u00a9 Antonio Terr\u00f3nIsabel Preysler y su hija Tamara Falc\u00f3, en el d\u00eda de su boda<\/p>\n<p>  <img src=\"https:\/\/www.europesays.com\/es\/wp-content\/uploads\/2025\/10\/548cf00a9a33-dla00139688.jpg\"   width=\"1080\" height=\"1080\" loading=\"lazy\" decoding=\"async\" alt=\"Isabel Preysler, Carlos Falc\u00f3 y su hija Tamara\" fetchpriority=\"auto\" class=\"image ho-image\"\/>\u00a9 GTRESIsabel Preysler, Carlos Falc\u00f3 y su hija Tamara<\/p>\n<p>  <img src=\"https:\/\/www.europesays.com\/es\/wp-content\/uploads\/2025\/10\/c782944d894b-whatsapp-image-2025-08-07-at-175701rev.jpg\"   width=\"1080\" height=\"1080\" loading=\"lazy\" decoding=\"async\" alt=\"Media Image\" fetchpriority=\"auto\" class=\"image ho-image\"\/><\/p>\n<ul data-wc=\"82\" id=\"ul-10mkn94mh22mjyl\">\n<li dir=\"ltr\">\u201c<strong>No es cierto<\/strong>, como se dijo, <strong>que yo visitara a Miguel Boyer en aquel apartamento<\/strong> (en el Ministerio de Econom\u00eda, en la calla Alcal\u00e1). S\u00f3lo estuve all\u00ed una vez, durante la celebraci\u00f3n de su cuarenta y cuatro cumplea\u00f1os en febrero de 1983, en la que reuni\u00f3 a un grupo de amigos. [&#8230;] En aquellos tiempos tan complicados s\u00f3lo pod\u00edamos vernos en casa de \u00edntimos: en la de Mona (Jim\u00e9nez), en una de N\u00fa\u00f1ez de Balboa, o en un chalet de La Moraleja\u00bb.<\/li>\n<\/ul>\n<p> <img src=\"https:\/\/www.europesays.com\/es\/wp-content\/uploads\/2025\/10\/154918bfee0f-holapreyslerisabelshoot06033cmykcut.jpg\"   width=\"1080\" height=\"1800\" loading=\"lazy\" decoding=\"async\" alt=\"Media Image\" fetchpriority=\"auto\" class=\"image ho-image\"\/>\u00a9 F\u00e9lix Valiente<\/p>\n<p> <img src=\"https:\/\/www.europesays.com\/es\/wp-content\/uploads\/2025\/10\/6be161e3a17e-ab-fv-0459.jpg\"   width=\"1080\" height=\"1800\" loading=\"lazy\" decoding=\"async\" alt=\"Isabel junto a Mario Vargas Llosa\" fetchpriority=\"auto\" class=\"image ho-image\"\/>Isabel junto a Mario Vargas Llosa<\/p>\n<ul data-wc=\"68\" id=\"ul-10mkn94mh22mjyn\">\n<li dir=\"ltr\">\u201cSon <strong>falsas ciertas afirmaciones que se han hecho sobre el diagn\u00f3stico de su enfermedad <\/strong>(mieloma m\u00faltiple) y su ingreso en el Ruber de Juan Bravo por COVID (\u2026) Quiero aclarar que nunca estuvo en coma ni tampoco ingres\u00f3 en ning\u00fan momento en la UVI como su entorno ha hecho creer. Siempre permaneci\u00f3 en planta y solo necesit\u00f3 ox\u00edgeno\u201d, explica sobre el ingreso del escritor en abril de 2022.<\/li>\n<\/ul>\n<p> <img src=\"https:\/\/www.europesays.com\/es\/wp-content\/uploads\/2025\/10\/27deba8acf1d-foto-familiar-jovenes.jpg\"   width=\"1024\" height=\"682\" loading=\"lazy\" decoding=\"async\" alt=\"Media Image\" fetchpriority=\"auto\" class=\"image ho-image\"\/>\u00a9 \u00c1lbum personal<\/p>\n<ul data-wc=\"35\" id=\"ul-10mkn94mh22mjyo\">\n<li dir=\"ltr\">\u201cNo son ciertas las informaciones que han inundado los medios de comunicaci\u00f3n y han circulado por las redes sociales asegurando que, durante nuestra relaci\u00f3n, Mario aportaba mensualmente <strong>80.000 euros a los gastos de la casa<\/strong>\u201d.<\/li>\n<\/ul>\n","protected":false},"excerpt":{"rendered":"Mucho se ha dicho de\u00a0Isabel Preysler desde que en 1970 saltara por primera vez a los titulares de&hellip;\n","protected":false},"author":2,"featured_media":193867,"comment_status":"","ping_status":"","sticky":false,"template":"","format":"standard","meta":{"footnotes":""},"categories":[174],"tags":[517,255,146,147,25,24,256,18480,23],"class_list":{"0":"post-193866","1":"post","2":"type-post","3":"status-publish","4":"format-standard","5":"has-post-thumbnail","7":"category-famosos","8":"tag-actualidad","9":"tag-celebrities","10":"tag-entertainment","11":"tag-entretenimiento","12":"tag-es","13":"tag-espana","14":"tag-famosos","15":"tag-isabel-preysler","16":"tag-spain"},"share_on_mastodon":{"url":"https:\/\/pubeurope.com\/@es\/115418227766555367","error":""},"_links":{"self":[{"href":"https:\/\/www.europesays.com\/es\/wp-json\/wp\/v2\/posts\/193866","targetHints":{"allow":["GET"]}}],"collection":[{"href":"https:\/\/www.europesays.com\/es\/wp-json\/wp\/v2\/posts"}],"about":[{"href":"https:\/\/www.europesays.com\/es\/wp-json\/wp\/v2\/types\/post"}],"author":[{"embeddable":true,"href":"https:\/\/www.europesays.com\/es\/wp-json\/wp\/v2\/users\/2"}],"replies":[{"embeddable":true,"href":"https:\/\/www.europesays.com\/es\/wp-json\/wp\/v2\/comments?post=193866"}],"version-history":[{"count":0,"href":"https:\/\/www.europesays.com\/es\/wp-json\/wp\/v2\/posts\/193866\/revisions"}],"wp:featuredmedia":[{"embeddable":true,"href":"https:\/\/www.europesays.com\/es\/wp-json\/wp\/v2\/media\/193867"}],"wp:attachment":[{"href":"https:\/\/www.europesays.com\/es\/wp-json\/wp\/v2\/media?parent=193866"}],"wp:term":[{"taxonomy":"category","embeddable":true,"href":"https:\/\/www.europesays.com\/es\/wp-json\/wp\/v2\/categories?post=193866"},{"taxonomy":"post_tag","embeddable":true,"href":"https:\/\/www.europesays.com\/es\/wp-json\/wp\/v2\/tags?post=193866"}],"curies":[{"name":"wp","href":"https:\/\/api.w.org\/{rel}","templated":true}]}}