{"id":193868,"date":"2025-10-22T14:12:15","date_gmt":"2025-10-22T14:12:15","guid":{"rendered":"https:\/\/www.europesays.com\/es\/193868\/"},"modified":"2025-10-22T14:12:15","modified_gmt":"2025-10-22T14:12:15","slug":"fonat-asi-sera-el-primer-encuentro-nacional-de-fotografos-de-naturaleza","status":"publish","type":"post","link":"https:\/\/www.europesays.com\/es\/193868\/","title":{"rendered":"FoNat, as\u00ed ser\u00e1 el primer Encuentro Nacional de Fot\u00f3grafos de Naturaleza"},"content":{"rendered":"<p>Nueva cita en el calendario fotogr\u00e1fico del pa\u00eds: <a href=\"https:\/\/fonat.es\" rel=\"nofollow noopener\" target=\"_blank\"><strong>FoNat, el primer Encuentro Nacional de Fot\u00f3grafos de Naturaleza<\/strong><\/a>, convertir\u00e1 durante el fin de semana del 22 y 23 de noviembre la bonita localidad sevillana de Alcal\u00e1 de Guadaira en la capital de la fotograf\u00eda de naturaleza.<\/p>\n<p>Una cita organizada por Fujifilm, que ha respaldado la iniciativa de los fot\u00f3grafos <strong>Javier Ramos y Rafael Ramos<\/strong>, recuperando as\u00ed el esp\u00edritu del encuentro que ambos organizaron hace ya 20 a\u00f1os con profesionales y apasionados de la fotograf\u00eda de naturaleza.<\/p>\n<p>\nPublicidad&#13;<br \/>\n  &#13;\n<\/p>\n<p><img fetchpriority=\"high\" decoding=\"async\" data-attachment-id=\"82432\" data-permalink=\"https:\/\/photolari.com\/fonat-asi-sera-el-primer-encuentro-nacional-de-fotografos-de-naturaleza\/fonat_2025_02\/\" data-orig-file=\"https:\/\/www.europesays.com\/es\/wp-content\/uploads\/2025\/10\/fonat-2025-02.jpg\" data-orig-size=\"1200,1500\" data-comments-opened=\"1\" data-image-meta=\"{&quot;aperture&quot;:&quot;0&quot;,&quot;credit&quot;:&quot;&quot;,&quot;camera&quot;:&quot;&quot;,&quot;caption&quot;:&quot;&quot;,&quot;created_timestamp&quot;:&quot;0&quot;,&quot;copyright&quot;:&quot;&quot;,&quot;focal_length&quot;:&quot;0&quot;,&quot;iso&quot;:&quot;0&quot;,&quot;shutter_speed&quot;:&quot;0&quot;,&quot;title&quot;:&quot;&quot;,&quot;orientation&quot;:&quot;0&quot;}\" data-image-title=\"FONAT_2025_02\" data-image-description=\"\" data-image-caption=\"\" data-medium-file=\"https:\/\/photolari.com\/wp-content\/uploads\/2025\/10\/fonat-2025-02-240x300.jpg\" data-large-file=\"https:\/\/photolari.com\/wp-content\/uploads\/2025\/10\/fonat-2025-02-824x1030.jpg\" class=\"alignnone size-full wp-image-82432\" src=\"https:\/\/www.europesays.com\/es\/wp-content\/uploads\/2025\/10\/fonat-2025-02.jpg\" alt=\"FONAT_2025_02\" width=\"1200\" height=\"1500\"  \/><\/p>\n<p>El encuentro gratuito ofrece dos d\u00edas de ponencias inspiradoras, charlas t\u00e9cnicas y exposiciones fotogr\u00e1ficas, donde los asistentes pueden descubrir nuevas perspectivas, conocer las \u00faltimas tendencias en fotograf\u00eda de naturaleza y perfeccionar sus habilidades.<\/p>\n<p>Una oportunidad para aprender t\u00e9cnicas avanzadas, descubrir el impacto de la fotograf\u00eda en la conservaci\u00f3n del medio ambiente pero, sobre todo, centrado en la inspiraci\u00f3n, el aprendizaje y la conexi\u00f3n con la esencia de la naturaleza a trav\u00e9s de la fotograf\u00eda.<\/p>\n<p>Entre los ponentes de esta primera edici\u00f3n de FoNat se encuentran Rafael Ramos P\u00e9rez, Daniel Montero Vitores, Isabella Tabacchi, Jos\u00e9 Benito Ruiz, Juan Sol\u00eds y Laura G\u00f3mez, entre otros. Photolari tambi\u00e9n estar\u00e1 presente moderando una mesa redonda sobre IA y fotograf\u00eda de naturaleza.<\/p>\n<p>Al frente de este proyecto est\u00e1n Javier y Rafael Ramos, hermanos y fot\u00f3grafos de naturaleza nacidos en Alcal\u00e1 de Guada\u00edra. \u00a0Formados entre los paisajes de Oromana, Do\u00f1ana y las Marismas del Guadalquivir llevan m\u00e1s de 40 a\u00f1os dedicados a esta profesi\u00f3n, con una amplia trayectoria y obra reconocida en medios y festivales nacionales e internacionales en la que se combinan t\u00e9cnica y autenticidad.<\/p>\n<p>Toda los detalles sobre la agenda de ponencias, talleres y exposiciones, as\u00ed como la inscripci\u00f3n gratuita puede consultarse en la web oficial de FoNat.<\/p>\n<p>\n\tRelacionado<\/p>\n","protected":false},"excerpt":{"rendered":"Nueva cita en el calendario fotogr\u00e1fico del pa\u00eds: FoNat, el primer Encuentro Nacional de Fot\u00f3grafos de Naturaleza, convertir\u00e1&hellip;\n","protected":false},"author":2,"featured_media":193869,"comment_status":"","ping_status":"","sticky":false,"template":"","format":"standard","meta":{"footnotes":""},"categories":[173],"tags":[229,233,231,230,232,234,146,147,25,24,47160,23],"class_list":{"0":"post-193868","1":"post","2":"type-post","3":"status-publish","4":"format-standard","5":"has-post-thumbnail","7":"category-arte-y-diseno","8":"tag-arte","9":"tag-arte-y-diseno","10":"tag-arts","11":"tag-arts-and-design","12":"tag-design","13":"tag-diseno","14":"tag-entertainment","15":"tag-entretenimiento","16":"tag-es","17":"tag-espana","18":"tag-fujifilm","19":"tag-spain"},"share_on_mastodon":{"url":"https:\/\/pubeurope.com\/@es\/115418231263974296","error":""},"_links":{"self":[{"href":"https:\/\/www.europesays.com\/es\/wp-json\/wp\/v2\/posts\/193868","targetHints":{"allow":["GET"]}}],"collection":[{"href":"https:\/\/www.europesays.com\/es\/wp-json\/wp\/v2\/posts"}],"about":[{"href":"https:\/\/www.europesays.com\/es\/wp-json\/wp\/v2\/types\/post"}],"author":[{"embeddable":true,"href":"https:\/\/www.europesays.com\/es\/wp-json\/wp\/v2\/users\/2"}],"replies":[{"embeddable":true,"href":"https:\/\/www.europesays.com\/es\/wp-json\/wp\/v2\/comments?post=193868"}],"version-history":[{"count":0,"href":"https:\/\/www.europesays.com\/es\/wp-json\/wp\/v2\/posts\/193868\/revisions"}],"wp:featuredmedia":[{"embeddable":true,"href":"https:\/\/www.europesays.com\/es\/wp-json\/wp\/v2\/media\/193869"}],"wp:attachment":[{"href":"https:\/\/www.europesays.com\/es\/wp-json\/wp\/v2\/media?parent=193868"}],"wp:term":[{"taxonomy":"category","embeddable":true,"href":"https:\/\/www.europesays.com\/es\/wp-json\/wp\/v2\/categories?post=193868"},{"taxonomy":"post_tag","embeddable":true,"href":"https:\/\/www.europesays.com\/es\/wp-json\/wp\/v2\/tags?post=193868"}],"curies":[{"name":"wp","href":"https:\/\/api.w.org\/{rel}","templated":true}]}}