{"id":193870,"date":"2025-10-22T14:13:19","date_gmt":"2025-10-22T14:13:19","guid":{"rendered":"https:\/\/www.europesays.com\/es\/193870\/"},"modified":"2025-10-22T14:13:19","modified_gmt":"2025-10-22T14:13:19","slug":"que-isla-te-llevarias-a-un-libro-desierto-benjamin-prado-abre-la-35o-feria-del-libro-de-fuerteventura","status":"publish","type":"post","link":"https:\/\/www.europesays.com\/es\/193870\/","title":{"rendered":"\u00bfQu\u00e9 isla te llevar\u00edas a un libro desierto? Benjam\u00edn Prado abre la 35\u00ba Feria del Libro de Fuerteventura"},"content":{"rendered":"<p><a class=\"v-mdl-ath__fig-a\" href=\"https:\/\/www.canarias7.es\/autor\/catalina-garcia-3371.html\" title=\"Catalina Garc\u00eda\" rel=\"nofollow noopener\" target=\"_blank\"><br \/>\n<img decoding=\"async\" class=\"v-mdl-ath__img\" src=\"https:\/\/www.europesays.com\/es\/wp-content\/uploads\/2025\/10\/autor-3371-foto-1.jpeg\" alt=\"Catalina Garc\u00eda\"\/><br \/>\n<\/a><\/p>\n<p class=\"v-mdl-ath__p v-mdl-ath__p--6\">\nMi\u00e9rcoles, 22 de octubre 2025, 13:44<\/p>\n<p class=\"v-p\">El poeta, novelista y ensayista Benjam\u00edn Prado ser\u00e1 el encargado de inaugurar a las 19.00 horas la 35 edici\u00f3n de la Feria del Libro de Fuerteventura, que arranca este jueves 23 de octubre y concluir\u00e1 el pr\u00f3ximo domingo 26 en la plaza del Palacio de Formaci\u00f3n y Congresos, en Puerto del Rosario.<\/p>\n<p class=\"v-p\">Prado, cuya obra ha sido publicada en Argentina, Cuba, Colombia, Chile, M\u00e9xico, Per\u00fa y El Salvador y ha sido traducida a varios idiomas, ofrecer\u00e1 la conferencia inaugural del encuentro literario, a la que ha bautizado &#8216;Qu\u00e9 isla te llevar\u00edas a un libro desierto&#8217;. <\/p>\n<p class=\"v-p\">A la 18.00 horas comenzar\u00e1 el espect\u00e1culo &#8216;Orquesta de malabares&#8217;, a cargo de la compa\u00f1\u00eda gallega Pistacatro, <strong>Premio Nacional de Circo 2025<\/strong>. La compa\u00f1\u00eda aterriza en Fuerteventura tan solo unos d\u00edas despu\u00e9s de que el Ministerio de Cultura les concediera el Premio Nacional de Circo 2025.<\/p>\n<p class=\"v-p\">La m\u00fasica ser\u00e1 la encargada de cerrar el programa de este jueves. A las 21.00 horas, tambi\u00e9n en la carpa Josefina Pl\u00e1, tendr\u00e1 lugar el espect\u00e1culo po\u00e9tico-musical &#8216;La obra generacional&#8217; con el cantautor Nacho Vegas y el poeta Rafael Espejo.<\/p>\n<p>Primera presentaci\u00f3n de libro: Isaac Rosa<\/p>\n<p class=\"v-p\">Como ya es tradici\u00f3n en la Feria del Libro de Fuerteventura, <strong>el tren de las letras<\/strong> facilitar\u00e1 el traslado del p\u00fablico y partir\u00e1, desde las 17.00 horas, de la primera parada, situada en el centro de arte Juan Ismael, en el barrio de El Charco. Las siguientes paradas son: plaza Rafael P\u00e1ez (conocida como Plaza del Tomate), la calle Juan Tadeo Cabrera (en el centro de mayores) y la playa de Los Pozos. Desde ah\u00ed, llevar\u00e1 a sus pasajeros hasta la muestra. <\/p>\n<p class=\"v-p\">Habr\u00e1 espacio, adem\u00e1s, para la primera presentaci\u00f3n literaria. <strong>A las 20.00 horas, Isaac Rosa (Sevilla, 1974) hablar\u00e1 de &#8216;Las buenas noches&#8217; con la periodista Saray Encinoso<\/strong>. <\/p>\n<p class=\"v-p\">La Feria del Libro est\u00e1 organizada por el Centro Bibliotecario Insular, dependiente de la Consejer\u00eda de Cultura del Cabildo de Fuerteventura, y cuenta con la colaboraci\u00f3n del Instituto Canario de Desarrollo Cultural del Gobierno de Canarias. <\/p>\n<p>Reporta un error<\/p>\n","protected":false},"excerpt":{"rendered":"Mi\u00e9rcoles, 22 de octubre 2025, 13:44 El poeta, novelista y ensayista Benjam\u00edn Prado ser\u00e1 el encargado de inaugurar&hellip;\n","protected":false},"author":2,"featured_media":193871,"comment_status":"","ping_status":"","sticky":false,"template":"","format":"standard","meta":{"footnotes":""},"categories":[172],"tags":[44960,490,28980,224,11179,146,147,25,24,599,18496,3643,1496,225,53989,16126,23],"class_list":{"0":"post-193870","1":"post","2":"type-post","3":"status-publish","4":"format-standard","5":"has-post-thumbnail","7":"category-libros","8":"tag-35o","9":"tag-abre","10":"tag-benjamin","11":"tag-books","12":"tag-desierto","13":"tag-entertainment","14":"tag-entretenimiento","15":"tag-es","16":"tag-espana","17":"tag-feria","18":"tag-fuerteventura","19":"tag-isla","20":"tag-libro","21":"tag-libros","22":"tag-llevarias","23":"tag-prado","24":"tag-spain"},"share_on_mastodon":{"url":"https:\/\/pubeurope.com\/@es\/115418235745865918","error":""},"_links":{"self":[{"href":"https:\/\/www.europesays.com\/es\/wp-json\/wp\/v2\/posts\/193870","targetHints":{"allow":["GET"]}}],"collection":[{"href":"https:\/\/www.europesays.com\/es\/wp-json\/wp\/v2\/posts"}],"about":[{"href":"https:\/\/www.europesays.com\/es\/wp-json\/wp\/v2\/types\/post"}],"author":[{"embeddable":true,"href":"https:\/\/www.europesays.com\/es\/wp-json\/wp\/v2\/users\/2"}],"replies":[{"embeddable":true,"href":"https:\/\/www.europesays.com\/es\/wp-json\/wp\/v2\/comments?post=193870"}],"version-history":[{"count":0,"href":"https:\/\/www.europesays.com\/es\/wp-json\/wp\/v2\/posts\/193870\/revisions"}],"wp:featuredmedia":[{"embeddable":true,"href":"https:\/\/www.europesays.com\/es\/wp-json\/wp\/v2\/media\/193871"}],"wp:attachment":[{"href":"https:\/\/www.europesays.com\/es\/wp-json\/wp\/v2\/media?parent=193870"}],"wp:term":[{"taxonomy":"category","embeddable":true,"href":"https:\/\/www.europesays.com\/es\/wp-json\/wp\/v2\/categories?post=193870"},{"taxonomy":"post_tag","embeddable":true,"href":"https:\/\/www.europesays.com\/es\/wp-json\/wp\/v2\/tags?post=193870"}],"curies":[{"name":"wp","href":"https:\/\/api.w.org\/{rel}","templated":true}]}}