{"id":193878,"date":"2025-10-22T14:17:08","date_gmt":"2025-10-22T14:17:08","guid":{"rendered":"https:\/\/www.europesays.com\/es\/193878\/"},"modified":"2025-10-22T14:17:08","modified_gmt":"2025-10-22T14:17:08","slug":"informacion-util-para-el-viernes","status":"publish","type":"post","link":"https:\/\/www.europesays.com\/es\/193878\/","title":{"rendered":"Informaci\u00f3n \u00fatil para el viernes"},"content":{"rendered":"<p>Aqu\u00ed te dejamos toda la informaci\u00f3n \u00fatil para el partido del viernes en Anoeta entre la Real Sociedad y el Sevilla FC (21:00 horas):<\/p>\n<p><b>Carnet en formato NFC<\/b><\/p>\n<p>M\u00e1s de 5.000 socios y socias ya se han descargado su nuevo carnet digital en formato NFC. Las puertas de Anoeta abrir\u00e1n a las 20:00 horas. Se podr\u00e1 acceder con carnet f\u00edsico de socio, carnet digital o entrada del partido.\u00a0<\/p>\n<p>En el caso de que seas socio o socia y a\u00fan no tengas tu carnet digital, clica <a href=\"https:\/\/www.realsociedad.eus\/es\/noticias\/detalle\/mejoras-en-el-carnet-digital\" target=\"_blank\" rel=\"nofollow noopener\"><b>AQU\u00cd<\/b> <\/a>y sigue los pasos para descarg\u00e1rtelo en el m\u00f3vil y para poder guardar m\u00e1s de un carnet. <\/p>\n<p><b>Cesiones de carnet<\/b><\/p>\n<p>Recuerda que, si no puedes asistir, puedes ceder tu carnet de socio al club, a una persona (familiar, amigo, a quien quieras). Para poder realizar cualquiera de estas dos operaciones, necesitar\u00e1s previamente haber actualizado tu registro. Por razones de control y seguridad en los accesos, deber\u00e1s realizar la gesti\u00f3n antes de las 18:00 horas.<\/p>\n<p>Clica <a href=\"https:\/\/www.realsociedad.eus\/es\/i\/instrucciones-sobre-el-nuevo-carnet-digital\" target=\"_blank\" rel=\"nofollow noopener\"><b>AQU\u00cd<\/b> <\/a>y sigue las instrucciones<\/p>\n<p><b>Acceso de adulto con carnet Infantila<\/b><\/p>\n<p>El encuentro se considera \u2018partido nocturno\u2019 y, por tanto, se permitir\u00e1 el acceso de un adulto con un carnet de categor\u00eda Infantila. Tambi\u00e9n se podr\u00e1 acceder con el carnet \u2018Bat, Bi, Hiru, Lau, Bost, Sei con asiento\u2019. Esta medida se implanta con el objetivo de favorecer la asistencia y la acumulaci\u00f3n de puntos para Realzale Programa.<\/p>\n<p><b>Saque de honor de campeones del mundo<\/b><\/p>\n<p>Los proleg\u00f3menos del encuentro servir\u00e1n para rendir un merecid\u00edsimo homenaje a tres de nuestros deportistas m\u00e1s destacados. La zumaiarra Janire Gonz\u00e1lez-Etxabarri, proclamada recientemente campeona del mundo en los ISA World Surfing Games 2025, adem\u00e1s del donostiarra I\u00f1igo Llopis y la zubietarra Nahia Zudaire, quienes se proclamaron campeones del mundo de nataci\u00f3n en el Campeonato disputado en Singapur en septiembre, recibir\u00e1n todo el cari\u00f1o de la afici\u00f3n antes de que comience a rodar el bal\u00f3n en el encuentro de Anoeta<b>.<\/b><\/p>\n<p><b>Keler Espazioa<\/b><\/p>\n<p>Keler Espazioa abrir\u00e1 sus puertas, como en todos los partidos en casa y fuera, desde dos horas antes (19:00 horas) y hasta una hora despu\u00e9s de finalizar el mismo.\u00a0Al jugarse el viernes estar\u00e1 abierta su \u00e1rea de restauraci\u00f3n. El partido se emitir\u00e1 en pantalla gigante. Cuando jugamos s\u00e1bado o domingo se abren las tres \u00e1reas. <\/p>\n<p><b>Flujo peatonal\u00a0<\/b><\/p>\n<p>A causa de la obra, a los aficionados de las Tribunas Este y Zabaleta que acudan a pie les recomendamos que luego salgan y rodeen el campo por la zona oeste, de forma que eviten el pasillo generado por la obra en la zona noreste.<\/p>\n<p><b>Autobuses urbanos en post partido<\/b><\/p>\n<p>Al t\u00e9rmino del encuentro, por razones de seguridad, nos informan de que la plaza Aita Donostia permanecer\u00e1 cerrada al tr\u00e1fico durante 15 minutos. Se ruega paciencia a los usuarios de los autobuses urbanos.<\/p>\n<p><b>Autobuses desde la provincia<\/b><\/p>\n<p>Siguiendo las instrucciones de las autoridades, los autobuses organizados que traen a nuestros socios y aficionados desde distintos puntos de la provincia estacionar\u00e1n en el aparcamiento de Illumbe.\u00a0<\/p>\n<p><b>Servicio especial de Euskotren y Donostiabus<\/b><\/p>\n<p>Tanto Euskotren como Donostiabus ofrecer\u00e1n servicios especiales.<\/p>\n<p>M\u00e1s informaci\u00f3n Euskotren (clica\u00a0<b><a href=\"https:\/\/www.euskotren.eus\/es\/node\/14604\" target=\"_blank\" rel=\"nofollow noopener\">AQU\u00cd<\/a><\/b><a href=\"https:\/\/www.euskotren.eus\/es\/node\/14315\" target=\"_blank\" rel=\"nofollow noopener\"><b>)<\/b><\/a>\u00a0<\/p>\n<p>M\u00e1s informaci\u00f3n Donostiabus (clica\u00a0<b><a href=\"https:\/\/dbus.eus\/es\/noticias\/servicio-especial-de-autobuses-a-anoeta-real-sociedad-sevilla-f-c\/\" target=\"_blank\" rel=\"nofollow noopener\">AQU\u00cd<\/a><\/b>)\u00a0<\/p>\n<p><b>Taquillas\u00a0<\/b><\/p>\n<p>Las taquillas ubicadas junto a la oficina de atenci\u00f3n al socio de Anoeta, situada a la par del front\u00f3n Atano III, estar\u00e1n operativas desde las 19:00 horas. Clica <b><a href=\"https:\/\/ticketing.realsociedad.eus\/#\/open\/checkout\/product\/00-00089dk\/event\/00-000885s\/show\/00-0002XhS\" target=\"_blank\" rel=\"nofollow noopener\">AQU\u00cd <\/a><\/b>para comprar tu entrada.<\/p>\n<p><b>Tienda y servicio en bares<\/b><\/p>\n<p>La tienda del Reale Arena abrir\u00e1 de 10:00 a 21:00 horas, de manera ininterrumpida. Por otra parte, los bares del estadio estar\u00e1n en marcha desde las 20:00 horas.<\/p>\n<p><b>Parking de bicis<\/b><\/p>\n<p>Al jugarse el viernes, el parking de bicicletas y patinetes, ubicado en el colegio Amara Berri y patrocinado por IBK Bike, no estar\u00e1 habilitado en esta ocasi\u00f3n.<\/p>\n<p>\u00a0<\/p>\n<p style=\"font-size: 10px;\">En el evento en cuesti\u00f3n la REAL SOCIEDAD DE F\u00daTBOL proceder\u00e1 a la toma de im\u00e1genes, las cuales podr\u00e1n ser publicadas en canales de comunicaci\u00f3n oficiales del CLUB con fines promocionales del acto en cuesti\u00f3n. En caso de no querer que las im\u00e1genes en las que pueda aparecer Ud. o alg\u00fan menor que est\u00e9 bajo su tutela sean publicadas, por favor, h\u00e1ganoslo saber en la siguiente direcci\u00f3n de correo electr\u00f3nico, y procederemos a su inmediata retirada:\u00a0pdcp@realsociedad.eus. La pol\u00edtica de privacidad correspondiente se encuentra en el siguiente enlace:\u00a0<a href=\"https:\/\/cdn.realsociedad.eus\/Uploads\/CntDetalles\/503\/1\/acd80c62-c8f7-4b75-9eb4-d09362fb43cd.pdf\" rel=\"nofollow noopener\" target=\"_blank\">https:\/\/cdn.realsociedad.eus\/\/Uploads\/CntDetalles\/503\/1\/acd80c62-c8f7-4b75-9eb4-d09362fb43cd.pdf<\/a>\u00a0<\/p>\n","protected":false},"excerpt":{"rendered":"Aqu\u00ed te dejamos toda la informaci\u00f3n \u00fatil para el partido del viernes en Anoeta entre la Real Sociedad&hellip;\n","protected":false},"author":2,"featured_media":193879,"comment_status":"","ping_status":"","sticky":false,"template":"","format":"standard","meta":{"footnotes":""},"categories":[93],"tags":[1666,29894,16758,168,25,24,700,282,4074,29895,10556,4207,29897,1211,1044,29896,556,1045,798,228,438,1171,492,23,167,11613,25581],"class_list":{"0":"post-193878","1":"post","2":"type-post","3":"status-publish","4":"format-standard","5":"has-post-thumbnail","7":"category-deportes","8":"tag-acceso","9":"tag-berdeguna","10":"tag-carnet","11":"tag-deportes","12":"tag-es","13":"tag-espana","14":"tag-europa","15":"tag-futbol","16":"tag-horarios","17":"tag-ibk","18":"tag-keler-espazioa","19":"tag-las","20":"tag-lazio","21":"tag-league","22":"tag-liga","23":"tag-meeting-point","24":"tag-palmas","25":"tag-partido","26":"tag-real","27":"tag-recomendaciones","28":"tag-roma","29":"tag-sevilla","30":"tag-sociedad","31":"tag-spain","32":"tag-sports","33":"tag-tienda","34":"tag-util"},"share_on_mastodon":{"url":"https:\/\/pubeurope.com\/@es\/115418250926284802","error":""},"_links":{"self":[{"href":"https:\/\/www.europesays.com\/es\/wp-json\/wp\/v2\/posts\/193878","targetHints":{"allow":["GET"]}}],"collection":[{"href":"https:\/\/www.europesays.com\/es\/wp-json\/wp\/v2\/posts"}],"about":[{"href":"https:\/\/www.europesays.com\/es\/wp-json\/wp\/v2\/types\/post"}],"author":[{"embeddable":true,"href":"https:\/\/www.europesays.com\/es\/wp-json\/wp\/v2\/users\/2"}],"replies":[{"embeddable":true,"href":"https:\/\/www.europesays.com\/es\/wp-json\/wp\/v2\/comments?post=193878"}],"version-history":[{"count":0,"href":"https:\/\/www.europesays.com\/es\/wp-json\/wp\/v2\/posts\/193878\/revisions"}],"wp:featuredmedia":[{"embeddable":true,"href":"https:\/\/www.europesays.com\/es\/wp-json\/wp\/v2\/media\/193879"}],"wp:attachment":[{"href":"https:\/\/www.europesays.com\/es\/wp-json\/wp\/v2\/media?parent=193878"}],"wp:term":[{"taxonomy":"category","embeddable":true,"href":"https:\/\/www.europesays.com\/es\/wp-json\/wp\/v2\/categories?post=193878"},{"taxonomy":"post_tag","embeddable":true,"href":"https:\/\/www.europesays.com\/es\/wp-json\/wp\/v2\/tags?post=193878"}],"curies":[{"name":"wp","href":"https:\/\/api.w.org\/{rel}","templated":true}]}}