{"id":193909,"date":"2025-10-22T14:34:09","date_gmt":"2025-10-22T14:34:09","guid":{"rendered":"https:\/\/www.europesays.com\/es\/193909\/"},"modified":"2025-10-22T14:34:09","modified_gmt":"2025-10-22T14:34:09","slug":"anabel-alonso-resume-de-la-forma-mas-inesperada-posible-la-cara-que-se-le-queda-a-feijoo-en-esta-escena","status":"publish","type":"post","link":"https:\/\/www.europesays.com\/es\/193909\/","title":{"rendered":"Anabel Alonso resume de la forma m\u00e1s inesperada posible la cara que se le queda a Feij\u00f3o en esta escena"},"content":{"rendered":"<p><b>La actriz Anabel Alonso<\/b>, que se lanz\u00f3 a la fama por su papel en la serie 7 vidas, ha reaccionado en sus redes sociales al tenso momento que se ha vivido en el Congreso durante el cara a cara entre <a href=\"https:\/\/www.huffingtonpost.es\/politica\/feijoo-lapsus-yolanda-diaz-sanchez-respuesta-preparada-casa.html\" rel=\"nofollow noopener\" target=\"_blank\">el presidente del Gobierno, Pedro S\u00e1nchez, y el l\u00edder de la oposici\u00f3n, Alberto N\u00fa\u00f1ez Feij\u00f3o<\/a>, en la sesi\u00f3n de control de este mi\u00e9rcoles.<\/p>\n<p>El dirigente del PP se refiri\u00f3 al lapsus que tuvo la ministra de Trabajo, Yolanda D\u00edaz, este martes en el Senado, cuando en vez de coalici\u00f3n dijo corrupci\u00f3n. Exactamente la tambi\u00e9n vicepresidenta segunda dijo <b>que quedaba \u00abgobierno de corrupci\u00f3n para rato\u00bb.<\/b><\/p>\n<p>\u00ab\u00bfQu\u00e9 datos econ\u00f3micos justifican que su vicepresidenta del Gobierno, en un lapsus de sinceridad,<b> haya dicho que hay gobierno de corrupci\u00f3n para rato<\/b>?\u00bb, le ha preguntado, entre otras cosas de actualidad, Feij\u00f3o durante su intervenci\u00f3n.<\/p>\n<p>S\u00e1nchez ha tra\u00eddo la respuesta preparada y ha respondido destacando algunos errores que hab\u00eda tenido el dirigente gallego durante su trayectoria en la pol\u00edtica: <b>\u00abUsted es un campe\u00f3n en lapsus<\/b>. \u00bfCu\u00e1ndo usted dice que Huelva est\u00e1 en el Mediterr\u00e1neo o que Orwell escribi\u00f3 su obra 1984\u00a0en el a\u00f1o 84 y no en el 1949 es un lapsus o incultura?\u00bb.\u00a0<\/p>\n<p>En ese momento, la c\u00e1mara del Congreso ha grabado a<b> Feij\u00f3o, que se ha quedado paralizado con un rostro serio<\/b> e inm\u00f3vil sentado en su esca\u00f1o.<\/p>\n<p>La respuesta de Alonso<\/p>\n<p>Esta escena, como cada cara a cara entre presidente del gobierno y l\u00edder de la oposici\u00f3n, ha tenido mucha repercusi\u00f3n en redes sociales. Uno de los que la ha compartido ha sido el ministro de Transportes y Movilidad Sostenible, <b>\u00d3scar Puente, junto al mensaje \u00absale a KO por cada sesi\u00f3n de descontrol\u00bb.<\/b><\/p>\n<p>A este mensaje del ministro ha reaccionado la actriz Anabel Alonso, que ha hecho una inesperada comparaci\u00f3n con el semblante de Feij\u00f3o : <b>\u00abSe ha quedado como un conejillo en la carretera cuando le dan las largas\u00bb.<\/b><\/p>\n","protected":false},"excerpt":{"rendered":"La actriz Anabel Alonso, que se lanz\u00f3 a la fama por su papel en la serie 7 vidas,&hellip;\n","protected":false},"author":2,"featured_media":193910,"comment_status":"","ping_status":"","sticky":false,"template":"","format":"standard","meta":{"footnotes":""},"categories":[174],"tags":[6069,53996,255,146,147,25,24,256,2959,23],"class_list":{"0":"post-193909","1":"post","2":"type-post","3":"status-publish","4":"format-standard","5":"has-post-thumbnail","7":"category-famosos","8":"tag-alberto-nunez-feijoo","9":"tag-anabel-alonso","10":"tag-celebrities","11":"tag-entertainment","12":"tag-entretenimiento","13":"tag-es","14":"tag-espana","15":"tag-famosos","16":"tag-pedro-sanchez","17":"tag-spain"},"share_on_mastodon":{"url":"https:\/\/pubeurope.com\/@es\/115418317859699631","error":""},"_links":{"self":[{"href":"https:\/\/www.europesays.com\/es\/wp-json\/wp\/v2\/posts\/193909","targetHints":{"allow":["GET"]}}],"collection":[{"href":"https:\/\/www.europesays.com\/es\/wp-json\/wp\/v2\/posts"}],"about":[{"href":"https:\/\/www.europesays.com\/es\/wp-json\/wp\/v2\/types\/post"}],"author":[{"embeddable":true,"href":"https:\/\/www.europesays.com\/es\/wp-json\/wp\/v2\/users\/2"}],"replies":[{"embeddable":true,"href":"https:\/\/www.europesays.com\/es\/wp-json\/wp\/v2\/comments?post=193909"}],"version-history":[{"count":0,"href":"https:\/\/www.europesays.com\/es\/wp-json\/wp\/v2\/posts\/193909\/revisions"}],"wp:featuredmedia":[{"embeddable":true,"href":"https:\/\/www.europesays.com\/es\/wp-json\/wp\/v2\/media\/193910"}],"wp:attachment":[{"href":"https:\/\/www.europesays.com\/es\/wp-json\/wp\/v2\/media?parent=193909"}],"wp:term":[{"taxonomy":"category","embeddable":true,"href":"https:\/\/www.europesays.com\/es\/wp-json\/wp\/v2\/categories?post=193909"},{"taxonomy":"post_tag","embeddable":true,"href":"https:\/\/www.europesays.com\/es\/wp-json\/wp\/v2\/tags?post=193909"}],"curies":[{"name":"wp","href":"https:\/\/api.w.org\/{rel}","templated":true}]}}