{"id":193911,"date":"2025-10-22T14:35:22","date_gmt":"2025-10-22T14:35:22","guid":{"rendered":"https:\/\/www.europesays.com\/es\/193911\/"},"modified":"2025-10-22T14:35:22","modified_gmt":"2025-10-22T14:35:22","slug":"en-espana-tambien-hubo-un-robo-como-el-del-louvre-el-dia-que-desaparecieron-18-piezas-del-tesoro-del-delfin-del-museo-del-prado-y-el-sherlock-holmes-espanol-resolvio-el-caso","status":"publish","type":"post","link":"https:\/\/www.europesays.com\/es\/193911\/","title":{"rendered":"En Espa\u00f1a tambi\u00e9n hubo un robo como el del Louvre: el d\u00eda que desaparecieron 18 piezas del Tesoro del Delf\u00edn del Museo del Prado y el \u2018Sherlock Holmes\u2019 espa\u00f1ol resolvi\u00f3 el caso"},"content":{"rendered":"<p><img alt=\"Museo del Prado, en Madrid\" class=\"global-image\" decoding=\"async\" fetchpriority=\"high\" height=\"3716\" loading=\"eager\" src=\"https:\/\/www.europesays.com\/es\/wp-content\/uploads\/2025\/10\/UMWVR4G2YJC45DBZ3J7RUUV4UE.jpeg\" width=\"5552\"\/>Museo del Prado, en Madrid (Adobe Stock).<\/p>\n<p class=\"paragraph\">Este domingo el <a rel=\"noopener noreferrer nofollow\" href=\"https:\/\/www.infobae.com\/espana\/cultura\/2025\/10\/19\/los-problemas-de-seguridad-del-louvre-que-preocupan-en-paris-el-oro-robado-valorado-en-600000-euros-y-otras-pistas-de-por-que-es-tan-facil-robar-en-los-museos\/\" target=\"_self\" title=\"https:\/\/www.infobae.com\/espana\/cultura\/2025\/10\/19\/los-problemas-de-seguridad-del-louvre-que-preocupan-en-paris-el-oro-robado-valorado-en-600000-euros-y-otras-pistas-de-por-que-es-tan-facil-robar-en-los-museos\/\">Museo del Louvre<\/a> sufri\u00f3 un robo de pel\u00edcula en el que unos atracadores consiguieron llevarse ocho piezas de joyer\u00eda de la realeza francesa, datadas del siglo XIX y de las familias imperiales de Napole\u00f3n y <b>su sobrino Napole\u00f3n III<\/b>.<\/p>\n<p class=\"paragraph\">El atraco fue r\u00e1pido y limpio, en tan solo siete minutos hab\u00edan entrado y salido con el bot\u00edn. Utilizaron un <b>cami\u00f3n equipado con una escalera extensible<\/b>, que aparcaron en la calle y as\u00ed accedieron al segundo piso. Con una cortadora de disco consiguieron entrar por una ventana. Ya dentro de la galer\u00eda se dirigieron directamente a <a rel=\"noopener noreferrer nofollow\" href=\"https:\/\/www.infobae.com\/espana\/cultura\/2025\/10\/19\/coronas-piedras-preciosas-y-uno-de-los-diamantes-mas-famosos-del-mundo-el-tesoro-del-museo-del-louvre-donde-han-robado-joyas-de-un-valor-inestimable\/\" target=\"_blank\" title=\"https:\/\/www.infobae.com\/espana\/cultura\/2025\/10\/19\/coronas-piedras-preciosas-y-uno-de-los-diamantes-mas-famosos-del-mundo-el-tesoro-del-museo-del-louvre-donde-han-robado-joyas-de-un-valor-inestimable\/\">las dos vitrinas <\/a>donde se encontraban las joyas que buscaban.<\/p>\n<p class=\"paragraph\">La noticia ha dado la vuelta al mundo y ha demostrado que la seguridad de los museos no siempre es tan eficaz como se piensa y que siempre hay alguna forma de burlarla. Y es que en Espa\u00f1a, aunque no es habitual, tambi\u00e9n se han dado robos famosos en uno de los museos m\u00e1s famosos de la capital: <b>El Prado<\/b>.<\/p>\n<p class=\"paragraph\">El 20 de septiembre de 1918 el subdirector del museo, Jos\u00e9 Garnelo, se present\u00f3 en la comisar\u00eda para denunciar que una de las vitrinas que albergaba el c\u00e9lebre <b>Tesoro del Delf\u00edn<\/b>, un conjunto de orfebrer\u00eda valiosa que perteneciera al Gran Delf\u00edn de Francia y que hab\u00eda pasado a Espa\u00f1a con los Borbones, se encontraba abierta sin explicaci\u00f3n aparente.<\/p>\n<p class=\"paragraph\">Este conjunto de alta joyer\u00eda y artes decorativas se encontraba en una zona noble del museo, dentro de vitrina, y en un primer inventario se constat\u00f3 la<b> desaparici\u00f3n de 18 piezas<\/b>, adem\u00e1s de un n\u00famero a\u00fan mayor de objetos que hab\u00edan sido fragmentados o mutilados para extraer gemas o metales.<\/p>\n<p class=\"paragraph\">Todo apuntaba a que no se trataba de un robo en masa planificado desde el exterior, sino que tendr\u00eda que haber sido <b>un saqueo furtivo y prolongado en el tiempo<\/b> por alguien que conoc\u00eda el museo, sus horarios, sus guardias y que dispon\u00eda del tiempo para operar sin levantar ninguna alarma.<\/p>\n<p class=\"paragraph\">Y es que unos meses antes, un vigilante hab\u00eda advertido que faltaban piezas, pero esta alerta fue ignorada, lo que dio m\u00e1s tiempo de actuaci\u00f3n a los autores del robo. La investigaci\u00f3n cay\u00f3 en manos del comisario Ram\u00f3n\u202fFern\u00e1ndez\u202fLuna, apodado <b>\u201cel Sherlock Holmes espa\u00f1ol\u201d<\/b> por ser uno de los pioneros de la ciencia forense en Espa\u00f1a.<\/p>\n<p><img alt=\"La Galer\u00eda Central del Museo\" class=\"global-image\" decoding=\"async\" fetchpriority=\"low\" height=\"560\" loading=\"lazy\" src=\"https:\/\/www.europesays.com\/es\/wp-content\/uploads\/2025\/10\/5LS57ZQXVJGH7H2L6ERTDD3EUM.jpeg\" width=\"980\"\/>La Galer\u00eda Central del Museo del Prado<\/p>\n<p class=\"paragraph\">As\u00ed comenz\u00f3 una operaci\u00f3n en la que se interrog\u00f3 a numerosos sospechosos vinculados al museo y al mundo de la orfebrer\u00eda madrile\u00f1a. Gracias a la inspecci\u00f3n de la escena, el <b>levantamiento de huellas dactilares<\/b> y el fotografiado del lugar se consigui\u00f3 reconstruir el modus operandi del autor.<\/p>\n<p class=\"paragraph\">Utilizaban una escalera de mano con la que acced\u00edan por patios o zonas auxiliares al edificio y desde all\u00ed abr\u00edan una ventana que daba al \u00e1tico donde se encontraba la colecci\u00f3n, <b>siempre actuando de noche o al atardecer<\/b>.<\/p>\n<p class=\"paragraph\">La investigaci\u00f3n condujo a la detenci\u00f3n, el 12 de octubre de 1918, del empleado del museo Rafael\u202fCoba, que hab\u00eda sido <b>funcionario del Centro<\/b> desde principios de 1917 hasta abril de 1918, y que con la ayuda de tres celadores del Museo \u2014Dar\u00edo\u202fFern\u00e1ndez, F\u00e9lix\u202fVelloso y Alejandro\u202fVarela\u2014 y con la complicidad de un platero, Isidro\u202fAgru\u00f1a, habr\u00eda participado en la sustracci\u00f3n y venta de las piezas. Durante el proceso, Coba confes\u00f3 parcialmente los hechos, aunque no se le declar\u00f3 responsable directo en todos los casos.<\/p>\n<p class=\"paragraph\">El juicio se celebr\u00f3 en noviembre de 1920 y la sentencia supo a poco para la opini\u00f3n p\u00fablica. Coba, como principal autor, fue condenado a <b>seis meses de prisi\u00f3n<\/b>, que no tuvo que cumplir porque ya llevaba dos a\u00f1os en prisi\u00f3n provisional y el resto de implicados fueron absueltos.<\/p>\n<p class=\"paragraph\">De las obras, 11 no volvieron a encontrarse y otras <b>35 sufrieron deterioro grave<\/b>, muchas de las cuales hab\u00edan sido despojadas de sus adornos de oro o piedras preciosas. Sin embargo, este suceso s\u00ed que tuvo otras consecuencias y fue la dimisi\u00f3n del entonces director, Jos\u00e9\u202fVillegas\u202fCordero, y que se trasladar\u00e1n las piezas a una zona m\u00e1s segura. Actualmente, la colecci\u00f3n se exhibe en una vitrina de 40 metros en la segunda planta norte del edificio Villanueva del Prado.<\/p>\n<p class=\"paragraph\">A partir de este suceso, se revisaron las medidas de seguridad, evitando nuevos atracos en las siguientes d\u00e9cadas. Quitando los expolios sufridos por el museo <b>durante la Guerra Civil<\/b> por el bando nacional, solo se ha vivido otro robo, pero que no se consigui\u00f3 consumar.<\/p>\n<p>Im\u00e1genes del asalto al Museo del Louvre en Par\u00eds. (Mus\u00e9e du Louvre\/Minist\u00e8re de la Culture\/X\/Europa Press)<\/p>\n<p class=\"paragraph\">Ocurri\u00f3 en 1961 cuando un hombre intent\u00f3 acceder al edificio desde el tejado durante unas obras de remodelaci\u00f3n. Sin embargo, su plan se frustr\u00f3 cuando perdi\u00f3 el equilibrio y cay\u00f3 al vac\u00edo, <b>resultando gravemente herido<\/b>.<\/p>\n<p class=\"paragraph\">Cuando fue atendido, encontraron en su bolsillo una nota detallando las condiciones que exigir\u00eda a cambio de la devoluci\u00f3n de la <a rel=\"noopener noreferrer nofollow\" href=\"https:\/\/www.infobae.com\/espana\/2025\/10\/19\/el-ministerio-de-cultura-frances-revela-cuales-son-las-piezas-robadas-del-louvre-zafiros-esmeraldas-y-reliquias-imperiales\/\" target=\"_self\" title=\"https:\/\/www.infobae.com\/espana\/2025\/10\/19\/el-ministerio-de-cultura-frances-revela-cuales-son-las-piezas-robadas-del-louvre-zafiros-esmeraldas-y-reliquias-imperiales\/\">obra sustra\u00edda<\/a> y los pasos que ten\u00eda que llevar a cabo para llegar a las obras que quer\u00eda robar.<\/p>\n","protected":false},"excerpt":{"rendered":"Museo del Prado, en Madrid (Adobe Stock). Este domingo el Museo del Louvre sufri\u00f3 un robo de pel\u00edcula&hellip;\n","protected":false},"author":2,"featured_media":193912,"comment_status":"","ping_status":"","sticky":false,"template":"","format":"standard","meta":{"footnotes":""},"categories":[173],"tags":[16155,23692,15073,229,233,231,230,53997,82,3759,5797,232,234,20195,146,53998,147,25,24,406,5912,48205,53999,14096,54000,35847,6227,54001,3980,24455,54002,54003,54004,19393,205,54005,34064,2199,29494,54006,54007,54008,44667,16126,54009,18910,54010,54011,54012,23,5842,54013,54014,15746,54015,15747,54016,3115,65],"class_list":{"0":"post-193911","1":"post","2":"type-post","3":"status-publish","4":"format-standard","5":"has-post-thumbnail","7":"category-arte-y-diseno","8":"tag-alcala","9":"tag-architecture","10":"tag-art","11":"tag-arte","12":"tag-arte-y-diseno","13":"tag-arts","14":"tag-arts-and-design","15":"tag-built","16":"tag-business","17":"tag-city","18":"tag-culture","19":"tag-design","20":"tag-diseno","21":"tag-downtown","22":"tag-entertainment","23":"tag-entrance","24":"tag-entretenimiento","25":"tag-es","26":"tag-espana","27":"tag-europe","28":"tag-european","29":"tag-exhibition","30":"tag-exposition","31":"tag-exterior","32":"tag-fall","33":"tag-famous","34":"tag-gallery","35":"tag-garden","36":"tag-goya","37":"tag-history","38":"tag-illuminated","39":"tag-image","40":"tag-landmark","41":"tag-light","42":"tag-madrid","43":"tag-monument","44":"tag-museum","45":"tag-night","46":"tag-old","47":"tag-painted","48":"tag-paintings","49":"tag-panoramic","50":"tag-picture","51":"tag-prado","52":"tag-reflection","53":"tag-scene","54":"tag-scenics","55":"tag-sculpture","56":"tag-snow","57":"tag-spain","58":"tag-spanish","59":"tag-statue","60":"tag-thysen","61":"tag-tourism","62":"tag-traditional","63":"tag-travel","64":"tag-triangle","65":"tag-velazquez","66":"tag-world"},"share_on_mastodon":{"url":"","error":"Validation failed: Text character limit of 500 exceeded"},"_links":{"self":[{"href":"https:\/\/www.europesays.com\/es\/wp-json\/wp\/v2\/posts\/193911","targetHints":{"allow":["GET"]}}],"collection":[{"href":"https:\/\/www.europesays.com\/es\/wp-json\/wp\/v2\/posts"}],"about":[{"href":"https:\/\/www.europesays.com\/es\/wp-json\/wp\/v2\/types\/post"}],"author":[{"embeddable":true,"href":"https:\/\/www.europesays.com\/es\/wp-json\/wp\/v2\/users\/2"}],"replies":[{"embeddable":true,"href":"https:\/\/www.europesays.com\/es\/wp-json\/wp\/v2\/comments?post=193911"}],"version-history":[{"count":0,"href":"https:\/\/www.europesays.com\/es\/wp-json\/wp\/v2\/posts\/193911\/revisions"}],"wp:featuredmedia":[{"embeddable":true,"href":"https:\/\/www.europesays.com\/es\/wp-json\/wp\/v2\/media\/193912"}],"wp:attachment":[{"href":"https:\/\/www.europesays.com\/es\/wp-json\/wp\/v2\/media?parent=193911"}],"wp:term":[{"taxonomy":"category","embeddable":true,"href":"https:\/\/www.europesays.com\/es\/wp-json\/wp\/v2\/categories?post=193911"},{"taxonomy":"post_tag","embeddable":true,"href":"https:\/\/www.europesays.com\/es\/wp-json\/wp\/v2\/tags?post=193911"}],"curies":[{"name":"wp","href":"https:\/\/api.w.org\/{rel}","templated":true}]}}