{"id":193913,"date":"2025-10-22T14:36:10","date_gmt":"2025-10-22T14:36:10","guid":{"rendered":"https:\/\/www.europesays.com\/es\/193913\/"},"modified":"2025-10-22T14:36:10","modified_gmt":"2025-10-22T14:36:10","slug":"carmen-amoraga-y-maxi-roldan-presentan-lagrimas-de-barro-el-viernes-en-la-mancomunitat-horta-sud","status":"publish","type":"post","link":"https:\/\/www.europesays.com\/es\/193913\/","title":{"rendered":"Carmen Amoraga y Maxi Rold\u00e1n presentan \u201cL\u00e1grimas de Barro\u201d el viernes en la Mancomunitat Horta Sud"},"content":{"rendered":"<p class=\"ft-text ft-helper-closenews ft-helper-align-justify\">La <a class=\"ft-link ft-link--decoration\" href=\"https:\/\/www.levante-emv.com\/tags\/mancomunitat-horta-sud\/\" target=\"_blank\" rel=\"nofollow noopener\"><strong>Mancomunitat de l&#8217;Horta Sud<\/strong><\/a> acoge este viernes, 24 de octubre, la presentaci\u00f3n del libro <strong>\u201cL\u00e1grimas de barro. Cr\u00f3nica de la DANA del 29 de octubre\u201d<\/strong>, obra de la escritora y periodista <strong>Carmen Amoraga<\/strong> y del tambi\u00e9n periodista <strong>Maxi Rold\u00e1n<\/strong>. La actividad forma parte del programa que se est\u00e1 desarrollando en la instituci\u00f3n comarcal con motivo del aniversario de la cat\u00e1strofe.<\/p>\n<p class=\"ft-text ft-helper-align-justify\">\u201cL\u00e1grimas de barro\u201d est\u00e1 publicado por la <strong>editorial Espasa<\/strong>, del Grupo Planeta, y ha llegado a las librer\u00edas este mi\u00e9rcoles, 22 de octubre. Con la obra se pretende \u201cponer orden en el desorden con una <strong>narraci\u00f3n cronol\u00f3gica <\/strong>de cada minuto de ese martes, pero tambi\u00e9n de los d\u00edas anteriores y de los ocho meses que vinieron despu\u00e9s\u201d. \u201cDe forma coral y desde el mismo lugar de los hechos, Carmen Amoraga y Maxi Rold\u00e1n, <strong>testigos y <\/strong><a class=\"ft-link ft-link--decoration\" href=\"https:\/\/www.levante-emv.com\/tags\/victimas\/\" target=\"_blank\" rel=\"nofollow noopener\"><strong>v\u00edctimas<\/strong><\/a><strong> de la cat\u00e1strofe<\/strong>, ofrecen un relato riguroso y pormenorizado de c\u00f3mo transcurri\u00f3 ese d\u00eda y c\u00f3mo se fue desencadenando la tragedia\u201d, expresan en la editorial.<\/p>\n<p class=\"ft-text ft-helper-align-justify\">El libro se presenta el viernes, 24 de octubre, a las 19 horas en la Mancomunitat de l\u2019Horta Sud (Calle Cervantes, 19 Torrent), con la colaboraci\u00f3n de la librer\u00eda de<strong> Torrent Nova Llibres<\/strong>. Ambos autores han decidido que sea la instituci\u00f3n de su comarca el emplazamiento del<strong> primer acto p\u00fablico para dar a conocer la obra<\/strong>. \u201cAgradezco a Carmen y a Maxi que hayan querido presentar el libro en su comarca y en la instituci\u00f3n que la representa. Tambi\u00e9n agradezco su trabajo de documentar una cat\u00e1strofe que nos ha cambiado la vida\u201d, expresa el presidente de la Mancomunitat, <strong>Jos\u00e9 F. Cabanes<\/strong>.<\/p>\n<p class=\"ft-text ft-helper-align-justify\">La entrada a la presentaci\u00f3n es libre aunque se recomienda a la ciudadan\u00eda<strong> inscribirse <\/strong><a class=\"ft-link ft-link--decoration\" href=\" https:\/\/forms.gle\/worevzntc1VZayRh7\" rel=\"nofollow\" target=\"_blank\"><strong>pinchando aqu\u00ed<\/strong><\/a>. Esa tarde, ambos autores estar\u00e1n acompa\u00f1ados por el presidente de la Mancomunitat, Jos\u00e9 F. Cabanes, y la delegada del Gobierno, <strong>Pilar Bernab\u00e9<\/strong>.<\/p>\n<p>Sobre los autores<\/p>\n<p class=\"ft-text ft-helper-align-justify\">Carmen Amoraga Toledo es vecina de <a class=\"ft-link ft-link--decoration\" href=\"https:\/\/www.levante-emv.com\/tags\/picanya\/\" target=\"_blank\" rel=\"nofollow noopener\"><strong>Picanya<\/strong><\/a><strong> <\/strong>y ha desarrollado una doble vertiente profesional, la del periodismo, tanto en <strong>medios de comunicaci\u00f3n<\/strong> como en <strong>instituciones<\/strong>, y la literaria. Fue<strong> finalista del Premio Planeta en el a\u00f1o 2010<\/strong> con la novela El tiempo mientras tanto y gan\u00f3 el premio Nadal en 2014 con La vida era eso.<\/p>\n<p class=\"ft-text ft-helper-align-justify\">Por su parte, Maxi Rold\u00e1n es vecino de Picanya, <strong>t\u00e9cnico Superior de Imagen y Sonido<\/strong>, y ha trabajado para diversos medios de comunicaci\u00f3n, adem\u00e1s de haber sido <strong>editor de diversas publicaciones<\/strong>. Desde 2009, han desarrollado una amplia labor audiovisual en materia documental y fotoperiod\u00edstica.<\/p>\n<p data-close=\"closedContent\" class=\"subscribeHideForDisplay\">Suscr\u00edbete para seguir leyendo<\/p>\n","protected":false},"excerpt":{"rendered":"La Mancomunitat de l&#8217;Horta Sud acoge este viernes, 24 de octubre, la presentaci\u00f3n del libro \u201cL\u00e1grimas de barro.&hellip;\n","protected":false},"author":2,"featured_media":193914,"comment_status":"","ping_status":"","sticky":false,"template":"","format":"standard","meta":{"footnotes":""},"categories":[172],"tags":[53491,224,53494,1681,37331,146,147,25,24,1496,225,8594,11021,53493,23,53756],"class_list":{"0":"post-193913","1":"post","2":"type-post","3":"status-publish","4":"format-standard","5":"has-post-thumbnail","7":"category-libros","8":"tag-amoraga","9":"tag-books","10":"tag-carmen-amoraga","11":"tag-dana","12":"tag-dana-29-de-octubre","13":"tag-entertainment","14":"tag-entretenimiento","15":"tag-es","16":"tag-espana","17":"tag-libro","18":"tag-libros","19":"tag-presentacion-libro","20":"tag-presentan","21":"tag-roldan","22":"tag-spain","23":"tag-un-ano-de-la-dana"},"share_on_mastodon":{"url":"https:\/\/pubeurope.com\/@es\/115418325813810913","error":""},"_links":{"self":[{"href":"https:\/\/www.europesays.com\/es\/wp-json\/wp\/v2\/posts\/193913","targetHints":{"allow":["GET"]}}],"collection":[{"href":"https:\/\/www.europesays.com\/es\/wp-json\/wp\/v2\/posts"}],"about":[{"href":"https:\/\/www.europesays.com\/es\/wp-json\/wp\/v2\/types\/post"}],"author":[{"embeddable":true,"href":"https:\/\/www.europesays.com\/es\/wp-json\/wp\/v2\/users\/2"}],"replies":[{"embeddable":true,"href":"https:\/\/www.europesays.com\/es\/wp-json\/wp\/v2\/comments?post=193913"}],"version-history":[{"count":0,"href":"https:\/\/www.europesays.com\/es\/wp-json\/wp\/v2\/posts\/193913\/revisions"}],"wp:featuredmedia":[{"embeddable":true,"href":"https:\/\/www.europesays.com\/es\/wp-json\/wp\/v2\/media\/193914"}],"wp:attachment":[{"href":"https:\/\/www.europesays.com\/es\/wp-json\/wp\/v2\/media?parent=193913"}],"wp:term":[{"taxonomy":"category","embeddable":true,"href":"https:\/\/www.europesays.com\/es\/wp-json\/wp\/v2\/categories?post=193913"},{"taxonomy":"post_tag","embeddable":true,"href":"https:\/\/www.europesays.com\/es\/wp-json\/wp\/v2\/tags?post=193913"}],"curies":[{"name":"wp","href":"https:\/\/api.w.org\/{rel}","templated":true}]}}