{"id":193917,"date":"2025-10-22T14:38:09","date_gmt":"2025-10-22T14:38:09","guid":{"rendered":"https:\/\/www.europesays.com\/es\/193917\/"},"modified":"2025-10-22T14:38:09","modified_gmt":"2025-10-22T14:38:09","slug":"reedicion-de-ghost-mad-max-presentan-a-su-nueva-cantante-anvil-preparando-su-proximo-disco","status":"publish","type":"post","link":"https:\/\/www.europesays.com\/es\/193917\/","title":{"rendered":"Reedici\u00f3n de GHOST. MAD MAX presentan a su nueva cantante. ANVIL preparando su pr\u00f3ximo disco."},"content":{"rendered":"<p>\u00a0<\/p>\n<p style=\"text-align: center;\"><strong><a href=\"#GHOST\">Reedici\u00f3n de GHOST<\/a> \u2013 <a href=\"#MAD_MAX\">MAD MAX presentan a su nueva cantante<\/a> \u2013 <a href=\"#ANVIL\">ANVIL preparando su pr\u00f3ximo disco<\/a>. <\/strong><\/p>\n<p>El disco de <a href=\"https:\/\/ghost-official.com\/\" target=\"_blank\" rel=\"noopener nofollow\"><strong>GHOST<\/strong><\/a> \u201cMeliora\u201d fue reeditado el 17 de octubre con motivo de su d\u00e9cimo aniversario en vinilo de diferentes colores.<\/p>\n<p><img fetchpriority=\"high\" decoding=\"async\" src=\"https:\/\/www.europesays.com\/es\/wp-content\/uploads\/2025\/10\/GhostMeliora10.jpg\" alt=\"GHOST\" width=\"480\" height=\"600\"\/><\/p>\n<p>La banda est\u00e1 perdiendo tocar en algunos festiva\u00f1es importantes, por su obsesi\u00f3n en la retirada de tel\u00e9fonos m\u00f3viles al p\u00fablico.<\/p>\n<p>El grupo realizar\u00e1 una nueva <a href=\"https:\/\/www.rafabasa.com\/2025\/09\/29\/ghost-kilmara-dynazty-american-song\/#GHOST2\" rel=\"nofollow noopener\" target=\"_blank\">gira norteamericana<\/a> en 2026.<\/p>\n<p>En este <a href=\"https:\/\/www.rafabasa.com\/2025\/04\/25\/ghost-sabaton-sammy-hagar\/#GHOST\" rel=\"nofollow noopener\" target=\"_blank\">bloque<\/a> pod\u00e9is escuchar \u00edntegro el nuevo disco de <a href=\"https:\/\/ghost-official.com\/\" target=\"_blank\" rel=\"noopener nofollow\"><strong>GHOST<\/strong><\/a> \u201cSkelet\u00e1\u201d, el cual vio la luz el 25 de abril a trav\u00e9s de Loma Vista Recordings.<\/p>\n<p>Todos los detalles en esta <a href=\"https:\/\/www.rafabasa.com\/2025\/03\/05\/ghost-devin-townsend-bloodbound\/#GHOST\" target=\"_blank\" rel=\"noopener nofollow\">noticia<\/a>, su \u00faltimo v\u00eddeo en <a href=\"https:\/\/www.rafabasa.com\/2025\/04\/29\/ghost-debler-eternia-the-night-eternal\/#GHOST\" rel=\"nofollow noopener\" target=\"_blank\">esta<\/a> y nuestra cr\u00edtica del disco en este <a href=\"https:\/\/www.rafabasa.com\/2025\/05\/06\/critica-del-cd-de-ghost-skeleta\/\" rel=\"nofollow noopener\" target=\"_blank\">enlace<\/a>.<\/p>\n<p>\u00a0<\/p>\n<p>\u00a0<\/p>\n<p>\u00a0<\/p>\n<p><a href=\"https:\/\/www.facebook.com\/madmax.germany.rocks\" target=\"_blank\" rel=\"noopener nofollow\"><strong>MAD MAX<\/strong><\/a> han presentado a su nuevo cantante, el brit\u00e1nico Alan Clark proveniente de la banda DARK HEART.<\/p>\n<p><a href=\"https:\/\/www.facebook.com\/madmax.germany.rocks\" target=\"_blank\" rel=\"noopener nofollow\"><strong>MAD MAX<\/strong><\/a> <a href=\"https:\/\/www.rafabasa.com\/2025\/09\/17\/linkin-park-atreyu-mad-max\/#MAD_MAX\" rel=\"nofollow noopener\" target=\"_blank\">reeditar\u00e1n el 28 de noviembre<\/a> su EP de debut \u201cIn Concert\u201d y su primer disco \u201cHeavy Metal\u201d.<\/p>\n<p>La banda celebrar\u00e1 en 2026 su cuadrag\u00e9simo quinto aniversario sacando en marzo un <a href=\"https:\/\/www.rafabasa.com\/2025\/06\/17\/killswitch-engage-mad-max-absolom\/#MAD_MAX\" rel=\"nofollow noopener\" target=\"_blank\">nuevo disco<\/a> con la divisi\u00f3n de Reigning Phoenix Music ROAR. Llevar\u00e1 por t\u00edtulo \u201cStories Of Destiny\u201d e incluir\u00e1 regrabaciones de temas antiguos del grupo.<\/p>\n<p><a href=\"https:\/\/www.facebook.com\/madmax.germany.rocks\" target=\"_blank\" rel=\"noopener nofollow\"><strong>MAD MAX<\/strong><\/a> sacaron el 2 de septiembre de 2022 a trav\u00e9s de ROAR Rock Of Angels un nuevo disco titulado \u201cWings Of Time\u201d.<\/p>\n<p>M\u00e1s detalles en esta <a href=\"https:\/\/www.rafabasa.com\/2022\/06\/16\/motley-crue-mad-max-aerial-blacked\/#MAD_MAX\" target=\"_blank\" rel=\"noopener nofollow\">noticia<\/a> y los adelantos aparecidos en <a href=\"https:\/\/www.rafabasa.com\/2022\/08\/26\/therion-mad-max-them\/#MAD_MAX\" target=\"_blank\" rel=\"noopener nofollow\">esta<\/a><\/p>\n<p>\u00a0<\/p>\n<p><a href=\"https:\/\/www.facebook.com\/anvilmetal\" target=\"_blank\" rel=\"noopener nofollow\"><strong>ANVIL<\/strong><\/a> est\u00e1n ya preparando un nuevo disco para editarlo el pr\u00f3ximo 2027.<\/p>\n<p>AFM Records edit\u00f3 el 28 de junio de 2024 el \u00faltimo disco de <a href=\"https:\/\/www.facebook.com\/anvilmetal\" target=\"_blank\" rel=\"noopener nofollow\"><strong>ANVIL<\/strong><\/a> \u201cOne And Only\u201d.<\/p>\n<p>Todos los detalles en esta <a href=\"https:\/\/www.rafabasa.com\/2024\/04\/05\/the-warning-anvil-valkyria\/#ANVIL\" target=\"_blank\" rel=\"noopener nofollow\">noticia<\/a> y los singles aparecidos en <a href=\"https:\/\/www.rafabasa.com\/2025\/04\/18\/anvil-laurenne-louhimo-demonical\/#ANVIL\" target=\"_blank\" rel=\"noopener nofollow\">esta<\/a>.<\/p>\n<p><img loading=\"lazy\" decoding=\"async\" src=\"https:\/\/www.europesays.com\/es\/wp-content\/uploads\/2025\/10\/anvil2025_1.jpg\" alt=\"ANVIL\" width=\"500\" height=\"337\"\/><\/p>\n<p>\u00a0<\/p>\n<p align=\"center\"><strong>Sigue el\u00a0<a href=\"https:\/\/whatsapp.com\/channel\/0029VaCprxVBA1f555USvT2O\" target=\"_blank\" rel=\"nofollow noopener\">Canal de RAFABASA.COM en WhatsApp<\/a>, donde encontrar\u00e1s todas nuestras novedades al instante<\/strong><\/p>\n<p>\u00a0<\/p>\n<p>\u00a0<\/p>\n","protected":false},"excerpt":{"rendered":"\u00a0 Reedici\u00f3n de GHOST \u2013 MAD MAX presentan a su nueva cantante \u2013 ANVIL preparando su pr\u00f3ximo disco.&hellip;\n","protected":false},"author":2,"featured_media":193918,"comment_status":"","ping_status":"","sticky":false,"template":"","format":"standard","meta":{"footnotes":""},"categories":[170],"tags":[54017,146,147,25,24,30175,54018,184,185,23],"class_list":{"0":"post-193917","1":"post","2":"type-post","3":"status-publish","4":"format-standard","5":"has-post-thumbnail","7":"category-musica","8":"tag-anvil","9":"tag-entertainment","10":"tag-entretenimiento","11":"tag-es","12":"tag-espana","13":"tag-ghost","14":"tag-mad-max","15":"tag-music","16":"tag-musica","17":"tag-spain"},"share_on_mastodon":{"url":"https:\/\/pubeurope.com\/@es\/115418333444567892","error":""},"_links":{"self":[{"href":"https:\/\/www.europesays.com\/es\/wp-json\/wp\/v2\/posts\/193917","targetHints":{"allow":["GET"]}}],"collection":[{"href":"https:\/\/www.europesays.com\/es\/wp-json\/wp\/v2\/posts"}],"about":[{"href":"https:\/\/www.europesays.com\/es\/wp-json\/wp\/v2\/types\/post"}],"author":[{"embeddable":true,"href":"https:\/\/www.europesays.com\/es\/wp-json\/wp\/v2\/users\/2"}],"replies":[{"embeddable":true,"href":"https:\/\/www.europesays.com\/es\/wp-json\/wp\/v2\/comments?post=193917"}],"version-history":[{"count":0,"href":"https:\/\/www.europesays.com\/es\/wp-json\/wp\/v2\/posts\/193917\/revisions"}],"wp:featuredmedia":[{"embeddable":true,"href":"https:\/\/www.europesays.com\/es\/wp-json\/wp\/v2\/media\/193918"}],"wp:attachment":[{"href":"https:\/\/www.europesays.com\/es\/wp-json\/wp\/v2\/media?parent=193917"}],"wp:term":[{"taxonomy":"category","embeddable":true,"href":"https:\/\/www.europesays.com\/es\/wp-json\/wp\/v2\/categories?post=193917"},{"taxonomy":"post_tag","embeddable":true,"href":"https:\/\/www.europesays.com\/es\/wp-json\/wp\/v2\/tags?post=193917"}],"curies":[{"name":"wp","href":"https:\/\/api.w.org\/{rel}","templated":true}]}}