{"id":193930,"date":"2025-10-22T14:45:13","date_gmt":"2025-10-22T14:45:13","guid":{"rendered":"https:\/\/www.europesays.com\/es\/193930\/"},"modified":"2025-10-22T14:45:13","modified_gmt":"2025-10-22T14:45:13","slug":"el-premio-sajarov-distingue-a-dos-periodistas-presos-de-bielorrusia-y-georgia","status":"publish","type":"post","link":"https:\/\/www.europesays.com\/es\/193930\/","title":{"rendered":"El Premio S\u00e1jarov distingue a dos periodistas presos de Bielorrusia y Georgia"},"content":{"rendered":"<p>    <img src=\"https:\/\/www.europesays.com\/es\/wp-content\/uploads\/2025\/10\/2025-10-22T143A163A49Z-90208979.jpg\" width=\"1024\" height=\"682\" alt=\"\" loading=\"eager\" decoding=\"sync\" fetchpriority=\"high\"\/><\/p>\n<p>            afp_tickers        <\/p>\n<p>        Este contenido fue publicado en    <\/p>\n<p>        22 octubre 2025 &#8211; 16:16\n<\/p>\n<p>Dos periodistas encarcelados en Bielorrusia y Georgia, Andrzej Poczobut y Mzia Amaghlobeli, ganaron el mi\u00e9rcoles el Premio S\u00e1jarov a la Libertad de Conciencia otorgado por el Parlamento Europeo.<\/p>\n<p>Los premiados toman el relevo a los opositores venezolanos Edmundo Gonz\u00e1lez Urrutia y Mar\u00eda Corina Machado, quien recientemente fue galardonada con el Premio Nobel de la Paz.<\/p>\n<p>\u00abAmbos periodistas se encuentran actualmente encarcelados por cargos falsos, simplemente por ejercer su profesi\u00f3n y denunciar injusticias\u00bb, declar\u00f3 la presidenta del Parlamento Europeo, Roberta Metsola.<\/p>\n<p>\u00abSu valent\u00eda los convierte en s\u00edmbolos de la lucha por la libertad y la democracia\u00bb, agreg\u00f3.<\/p>\n<p>El prestigioso premio se cre\u00f3 en 1988 en memoria del disidente sovi\u00e9tico Andr\u00e9i S\u00e1jarov. Est\u00e1 dotado con 50.000 euros (58.000 d\u00f3lares) y distingue a individuos u organizaciones que luchan a favor de los derechos humanos o la democracia.<\/p>\n<p>Amaghlobeli es una periodista georgiana de 50 a\u00f1os, cofundadora de dos medios de comunicaci\u00f3n independientes y especializada en investigar la malversaci\u00f3n de fondos p\u00fablicos y el abuso de poder.<\/p>\n<p>En agosto fue condenada a dos a\u00f1os de prisi\u00f3n por, seg\u00fan la fiscal\u00eda, abofetear a un polic\u00eda durante una protesta a principios de a\u00f1o. Para denunciar su arresto estuvo 40 d\u00edas en huelga de hambre.<\/p>\n<p>El premio \u00abcelebra la lucha por la democracia de todo el pueblo georgiano\u00bb, dijeron a la AFP las redacciones que dirig\u00eda en Tiflis.<\/p>\n<p>Andrzej Poczobut, de 52 a\u00f1os,\u00a0es un periodista polaco-bielorruso, que se desempe\u00f1aba como corresponsal en Minsk para el medio polaco Gazeta Wyborcza.<\/p>\n<p>En 2021 fue arrestado en medio de una ola de represi\u00f3n contra la prensa cr\u00edtica con el gobierno y condenado en 2023 a ocho a\u00f1os de c\u00e1rcel por llamar a \u00absocavar la seguridad nacional\u00bb e \u00abincitaci\u00f3n al odio\u00bb.<\/p>\n<p>El subdirector de Gazeta Wyborcza, Roman Imielski, declar\u00f3 a AFP que conf\u00eda que \u00abla concesi\u00f3n de este premio marque una nueva apertura, que Andrzej Poczobut recupere su libertad\u00bb.<\/p>\n<p>Junto a ellos estaban nominados organizaciones humanitarias y periodistas que trabajan en los Territorios Palestinos y un movimiento de estudiantes serbios cuyas protestas sacudieron a ese pa\u00eds durante un a\u00f1o.<\/p>\n<p>av\/cjc\/jca\/msr\/dbh<\/p>\n","protected":false},"excerpt":{"rendered":"afp_tickers Este contenido fue publicado en 22 octubre 2025 &#8211; 16:16 Dos periodistas encarcelados en Bielorrusia y Georgia,&hellip;\n","protected":false},"author":2,"featured_media":193931,"comment_status":"","ping_status":"","sticky":false,"template":"","format":"standard","meta":{"footnotes":""},"categories":[42],"tags":[54020,17,18,49887,13,14,4437,11,10110,20823,61,62,63,64,11895,19,20,7657,9,10,15,16,28415,54021,88,12090,90,12,21,22,65,66,67],"class_list":{"0":"post-193930","1":"post","2":"type-post","3":"status-publish","4":"format-standard","5":"has-post-thumbnail","7":"category-internacional","8":"tag-award-and-prize","9":"tag-breaking-news","10":"tag-breakingnews","11":"tag-democracy","12":"tag-featured-news","13":"tag-featurednews","14":"tag-government","15":"tag-headlines","16":"tag-human-interest","17":"tag-human-rights","18":"tag-internacional","19":"tag-international","20":"tag-international-news","21":"tag-internationalnews","22":"tag-justice-and-rights","23":"tag-latest-news","24":"tag-latestnews","25":"tag-law-and-order","26":"tag-news","27":"tag-noticias","28":"tag-noticias-destacadas","29":"tag-noticiasdestacadas","30":"tag-parliament","31":"tag-political-systems","32":"tag-politics","33":"tag-politics-general","34":"tag-ticker","35":"tag-titulares","36":"tag-ultimas-noticias","37":"tag-ultimasnoticias","38":"tag-world","39":"tag-world-news","40":"tag-worldnews"},"share_on_mastodon":{"url":"","error":"Validation failed: Text character limit of 500 exceeded"},"_links":{"self":[{"href":"https:\/\/www.europesays.com\/es\/wp-json\/wp\/v2\/posts\/193930","targetHints":{"allow":["GET"]}}],"collection":[{"href":"https:\/\/www.europesays.com\/es\/wp-json\/wp\/v2\/posts"}],"about":[{"href":"https:\/\/www.europesays.com\/es\/wp-json\/wp\/v2\/types\/post"}],"author":[{"embeddable":true,"href":"https:\/\/www.europesays.com\/es\/wp-json\/wp\/v2\/users\/2"}],"replies":[{"embeddable":true,"href":"https:\/\/www.europesays.com\/es\/wp-json\/wp\/v2\/comments?post=193930"}],"version-history":[{"count":0,"href":"https:\/\/www.europesays.com\/es\/wp-json\/wp\/v2\/posts\/193930\/revisions"}],"wp:featuredmedia":[{"embeddable":true,"href":"https:\/\/www.europesays.com\/es\/wp-json\/wp\/v2\/media\/193931"}],"wp:attachment":[{"href":"https:\/\/www.europesays.com\/es\/wp-json\/wp\/v2\/media?parent=193930"}],"wp:term":[{"taxonomy":"category","embeddable":true,"href":"https:\/\/www.europesays.com\/es\/wp-json\/wp\/v2\/categories?post=193930"},{"taxonomy":"post_tag","embeddable":true,"href":"https:\/\/www.europesays.com\/es\/wp-json\/wp\/v2\/tags?post=193930"}],"curies":[{"name":"wp","href":"https:\/\/api.w.org\/{rel}","templated":true}]}}