{"id":193937,"date":"2025-10-22T14:49:09","date_gmt":"2025-10-22T14:49:09","guid":{"rendered":"https:\/\/www.europesays.com\/es\/193937\/"},"modified":"2025-10-22T14:49:09","modified_gmt":"2025-10-22T14:49:09","slug":"morante-de-la-puebla-el-ayuntamiento-de-fregenal-de-la-sierra-y-el-club-taurino-de-badajoz-premios-extremadura-a-la-tauromaquia-2024","status":"publish","type":"post","link":"https:\/\/www.europesays.com\/es\/193937\/","title":{"rendered":"Morante de la Puebla, el Ayuntamiento de Fregenal de la Sierra y el Club Taurino de Badajoz, premios Extremadura a la Tauromaquia 2024"},"content":{"rendered":"<p><a class=\"v-mdl-ath__fig-a\" href=\"https:\/\/www.hoy.es\/autor\/maria-fernandez-40.html\" title=\"M. Fern\u00e1ndez\" rel=\"nofollow noopener\" target=\"_blank\"><br \/>\n<img decoding=\"async\" class=\"v-mdl-ath__img\" src=\"https:\/\/www.europesays.com\/es\/wp-content\/uploads\/2025\/10\/autor-40-foto-1.jpeg\" alt=\"M. Fern\u00e1ndez\"\/><br \/>\n<\/a><\/p>\n<p class=\"v-mdl-ath__p v-mdl-ath__p--6\">\nMi\u00e9rcoles, 22 de octubre 2025, 16:35<\/p>\n<p>| Actualizado 16:43h.<\/p>\n<p class=\"v-p\">El torero Morante de la Puebla, el Ayuntamiento de Fregenal de la Sierra y el Club Taurino de Badajoz recibir\u00e1n los premios Extremadura a la Tauromaquia 2024. <\/p>\n<p class=\"v-p\">As\u00ed lo ha decidido el Consejo Asesor Taurino regional, que preside el consejero de Presidencia, Interior y Di\u00e1logo Social, Abel Bautista, y que adem\u00e1s ha otorgado una menci\u00f3n especial al ganadero Victorino Mart\u00edn Garc\u00eda. El acto de entrega ser\u00e1 el pr\u00f3ximo 26 de noviembre en el teatro L\u00f3pez de Ayala de Badajoz. <\/p>\n<p class=\"v-p\">La trayectoria de Morante, que el pasado 12 de octubre <a href=\"https:\/\/www.hoy.es\/culturas\/morante-puebla-corta-coleta-ventas-20251012195708-ntrc.html\" data-voc-vtm-id=\"in-text-traffic\" title=\"se cort\u00f3 la coleta en Las Ventas\" data-mrf-link=\"www.hoy.es\" rel=\"nofollow noopener\" target=\"_blank\">se cort\u00f3 la coleta en Las Ventas<\/a> ante la sorpresa del p\u00fablico, ha estado marcada por su arte, clasicismo y pureza en el ruedo, destaca la Junta en una nota. El matador sevillano ha cosechado grandes triunfos como la Puerta del Pr\u00edncipe en Sevilla y la Puerta Grande de Las Ventas. <\/p>\n<p class=\"v-p\">\u00abExtremadura ha sido una tierra clave en su carrera, con actuaciones memorables en plazas como Almendralejo, donde tuvo lugar su esperado regreso a los ruedos este mismo a\u00f1o, C\u00e1ceres y Jerez de los Caballeros, consolidando su estrecho v\u00ednculo con la afici\u00f3n extreme\u00f1a\u00bb, destaca el Gobierno regional. <\/p>\n<p class=\"v-p\">Por su parte, el Consistorio pacense de Fregenal de la Sierra recibir\u00e1 el premio \u00abpor su labor constante en la protecci\u00f3n y promoci\u00f3n de la tauromaquia\u00bb. El municipio tiene una de las <a href=\"https:\/\/www.hoy.es\/extremadura\/plazas-toros-singulares-20220101074554-nt.html\" data-voc-vtm-id=\"in-text-traffic\" title=\"plazas m\u00e1s singulares\" data-mrf-link=\"www.hoy.es\" rel=\"nofollow noopener\" target=\"_blank\">plazas m\u00e1s singulares<\/a> de la regi\u00f3n, ubicada en un recinto amurallado de la Edad Media, la Plaza de Armas del Castillo de los Templarios. Desde la plaza se accede a la muralla del castillo y desde aqu\u00ed, a la torre del Homenaje y el campanario del siglo XVIII. <\/p>\n<p class=\"v-p\">La Junta destaca que la localidad mantiene viva una tradici\u00f3n traurina con m\u00e1s de un siglo de historia y que su plaza de toros \u00abha albergado desde 1909 a algunas de las m\u00e1ximas figuras del toreo y, en la actualidad, sigue siendo referente atrayendo a aficionados de toda Extremadura, Portugal y Andaluc\u00eda\u00bb.<\/p>\n<p class=\"v-p\">El Club Taurino de Badajoz celebr\u00f3 el a\u00f1o pasado el 75 aniversario de su creaci\u00f3n. Es la entidad decana del panorama taurino extreme\u00f1o y conserva un valioso patrimonio cultural y documental, entre el que destacan carteles taurinos desde el siglo XVI, una sala dedicada a la dinast\u00eda Bienvenida y una colecci\u00f3n de cabezas de toros y objetos hist\u00f3ricos del toreo. <\/p>\n<p class=\"v-p\">\u00abReconocido con la Medalla de Plata al M\u00e9rito Taurino por la Real Federaci\u00f3n Taurina de Espa\u00f1a, el Club Taurino sigue siendo una instituci\u00f3n clave en la difusi\u00f3n y preservaci\u00f3n de la tauromaquia en Extremadura\u00bb, a\u00f1ade el Gobierno regional.<\/p>\n<p class=\"v-p\">Respecto a la menci\u00f3n especial, se otorga al ganadero Victorino Mart\u00edn Garc\u00eda por su compromiso con la crianza del toro bravo y la conservaci\u00f3n de la dehesa extreme\u00f1a, \u00abesencial para fortalecer la identidad taurina de la regi\u00f3n\u00bb.<\/p>\n<p class=\"v-p\">Se trata de la segunda edici\u00f3n de los Premios Extremadura a la Tauromaquia. <a href=\"https:\/\/www.hoy.es\/prov-badajoz\/fregenal\/junta-extremadura-entregado-primeros-premios-tauromaquia-20241208095356-nt.html\" data-voc-vtm-id=\"in-text-traffic\" title=\"El a\u00f1o pasado\" data-mrf-link=\"www.hoy.es\" rel=\"nofollow noopener\" target=\"_blank\">El a\u00f1o pasado<\/a>, los galardonados fueron Luis Reina Valle, matador de toros; Juan Bazaga Gazapo, presentador de Canal Extremadura; la Escuela de Tauromaquia de Badajoz y el Ayuntamiento de Coria. Adem\u00e1s, fueron distinguidos con una insignia las <a href=\"https:\/\/www.hoy.es\/extremadura\/catorce-localidades-red-municipios-taurinos-extremadura-20240529094729-nt.html\" data-voc-vtm-id=\"in-text-traffic\" title=\"14 localidades extreme\u00f1as\" data-mrf-link=\"www.hoy.es\" rel=\"nofollow noopener\" target=\"_blank\">14 localidades extreme\u00f1as<\/a> de la Red de Municipios Taurinos de Extremadura. <\/p>\n<p>Reporta un error<\/p>\n","protected":false},"excerpt":{"rendered":"Mi\u00e9rcoles, 22 de octubre 2025, 16:35 | Actualizado 16:43h. El torero Morante de la Puebla, el Ayuntamiento de&hellip;\n","protected":false},"author":2,"featured_media":193938,"comment_status":"","ping_status":"","sticky":false,"template":"","format":"standard","meta":{"footnotes":""},"categories":[277],"tags":[1382,1250,7235,373,1798,168,25,24,7234,54022,780,532,781,11774,23,167,4953,625,374],"class_list":{"0":"post-193937","1":"post","2":"type-post","3":"status-publish","4":"format-standard","5":"has-post-thumbnail","7":"category-toreo","8":"tag-1382","9":"tag-ayuntamiento","10":"tag-badajoz","11":"tag-bullfighting","12":"tag-club","13":"tag-deportes","14":"tag-es","15":"tag-espana","16":"tag-extremadura","17":"tag-fregenal","18":"tag-morante","19":"tag-premios","20":"tag-puebla","21":"tag-sierra","22":"tag-spain","23":"tag-sports","24":"tag-taurino","25":"tag-tauromaquia","26":"tag-toreo"},"share_on_mastodon":{"url":"https:\/\/pubeurope.com\/@es\/115418377177869168","error":""},"_links":{"self":[{"href":"https:\/\/www.europesays.com\/es\/wp-json\/wp\/v2\/posts\/193937","targetHints":{"allow":["GET"]}}],"collection":[{"href":"https:\/\/www.europesays.com\/es\/wp-json\/wp\/v2\/posts"}],"about":[{"href":"https:\/\/www.europesays.com\/es\/wp-json\/wp\/v2\/types\/post"}],"author":[{"embeddable":true,"href":"https:\/\/www.europesays.com\/es\/wp-json\/wp\/v2\/users\/2"}],"replies":[{"embeddable":true,"href":"https:\/\/www.europesays.com\/es\/wp-json\/wp\/v2\/comments?post=193937"}],"version-history":[{"count":0,"href":"https:\/\/www.europesays.com\/es\/wp-json\/wp\/v2\/posts\/193937\/revisions"}],"wp:featuredmedia":[{"embeddable":true,"href":"https:\/\/www.europesays.com\/es\/wp-json\/wp\/v2\/media\/193938"}],"wp:attachment":[{"href":"https:\/\/www.europesays.com\/es\/wp-json\/wp\/v2\/media?parent=193937"}],"wp:term":[{"taxonomy":"category","embeddable":true,"href":"https:\/\/www.europesays.com\/es\/wp-json\/wp\/v2\/categories?post=193937"},{"taxonomy":"post_tag","embeddable":true,"href":"https:\/\/www.europesays.com\/es\/wp-json\/wp\/v2\/tags?post=193937"}],"curies":[{"name":"wp","href":"https:\/\/api.w.org\/{rel}","templated":true}]}}