{"id":193939,"date":"2025-10-22T14:50:10","date_gmt":"2025-10-22T14:50:10","guid":{"rendered":"https:\/\/www.europesays.com\/es\/193939\/"},"modified":"2025-10-22T14:50:10","modified_gmt":"2025-10-22T14:50:10","slug":"de-la-ufc-a-la-lucha-libre-hay-fecha-para-el-debut-de-kazula-vargas","status":"publish","type":"post","link":"https:\/\/www.europesays.com\/es\/193939\/","title":{"rendered":"De la UFC a la lucha libre: hay fecha para el debut de Kazula Vargas"},"content":{"rendered":"<p><strong>Kazula Vargas<\/strong>, reconocido por su impresionante carrera en las artes marciales mixtas (MMA), dar\u00e1 un giro dr\u00e1stico en su carrera y se prepara para su debut en la lucha libre. El peleador, que tuvo paso por la <strong><a href=\"https:\/\/juanfutbol.com\/tema\/ufc\" rel=\"nofollow noopener\" target=\"_blank\">UFC<\/a><\/strong>, pasar\u00e1 a la lucha libre y hay fecha confirmada para su debut profesional. <\/p>\n<p>Rodrigo \u2018Kazula\u2019 Vargas ha sido uno de los peleadores mexicanos m\u00e1s destacados de los \u00faltimos tiempos en las MMA. El luchador, nacido en Tlalnepantla, ostenta un t\u00edtulo de\u00a0LUX Fight League, adem\u00e1s de haber tenido participaciones destacables en Combate Am\u00e9ricas y la UFC. <\/p>\n<p>                        Ver Tambi\u00e9n                    <\/p>\n<p>                    <img decoding=\"async\" src=\"data:image\/svg+xml,%3Csvg%20xmlns=\" http:=\"\" alt=\"\" class=\"img-fluid\" style=\"width: 100px; height: 100px; object-fit: cover;\" data-lazy-src=\"https:\/\/www.europesays.com\/es\/wp-content\/uploads\/2025\/10\/BeFunky-collage1-2025-10-16T162124.035-150x150.webp.webp\"\/><\/p>\n<p>Ahora, a sus 40 a\u00f1os, Vargas est\u00e1 listo para abrir un nuevo cap\u00edtulo en su carrera, estando a solo un paso de su debut profesional en la lucha libre. Su estreno se dar\u00e1 en el Arena L\u00f3pez Mateos de Tlalnepantla este 22 de noviembre como compa\u00f1ero de Jean Monta\u00f1ez.<\/p>\n<p>La dupla se enfrentar\u00e1 a dos experimentados como El Hijo del Pirata Morgan\u00a0y\u00a0Hellboy, en lo que promete ser un combate apasionante para todos los fan\u00e1ticos de la lucha libre, dado el cruce de estilos que se dar\u00e1 sobre el ring. <\/p>\n<blockquote class=\"instagram-media\" data-instgrm-captioned=\"\" data-instgrm-permalink=\"https:\/\/www.instagram.com\/reel\/DB3A0kAhNnJ\/?utm_source=ig_embed&amp;utm_campaign=loading\" data-instgrm-version=\"14\" style=\" background:#FFF; border:0; border-radius:3px; box-shadow:0 0 1px 0 rgba(0,0,0,0.5),0 1px 10px 0 rgba(0,0,0,0.15); margin: 1px; max-width:540px; min-width:326px; padding:0; width:99.375%; width:-webkit-calc(100% - 2px); width:calc(100% - 2px);\"\/>\n<p>\u00bfC\u00f3mo le fue a Kazula Vargas en la UFC?<\/p>\n<p>El punto m\u00e1ximo de la carrera de Kazula Vargas fue, sin duda, su paso por la UFC, la promotora de MMA m\u00e1s prestigiosa del mundo. Sin embargo, el paso del mexicano por la compa\u00f1\u00eda dur\u00f3 solo 4 combates con solo una victoria. Su \u00faltima aparici\u00f3n fue ante Paddy Pimblett, quien hoy apunta a una pelea estelar en el peso ligero contra Ilia Topuria. <\/p>\n<p><script async src=\"\/\/www.instagram.com\/embed.js\"><\/script><\/p>\n","protected":false},"excerpt":{"rendered":"Kazula Vargas, reconocido por su impresionante carrera en las artes marciales mixtas (MMA), dar\u00e1 un giro dr\u00e1stico en&hellip;\n","protected":false},"author":2,"featured_media":193940,"comment_status":"","ping_status":"","sticky":false,"template":"","format":"standard","meta":{"footnotes":""},"categories":[276],"tags":[168,25,24,23,167,343],"class_list":{"0":"post-193939","1":"post","2":"type-post","3":"status-publish","4":"format-standard","5":"has-post-thumbnail","7":"category-ufc","8":"tag-deportes","9":"tag-es","10":"tag-espana","11":"tag-spain","12":"tag-sports","13":"tag-ufc"},"share_on_mastodon":{"url":"https:\/\/pubeurope.com\/@es\/115418380602194940","error":""},"_links":{"self":[{"href":"https:\/\/www.europesays.com\/es\/wp-json\/wp\/v2\/posts\/193939","targetHints":{"allow":["GET"]}}],"collection":[{"href":"https:\/\/www.europesays.com\/es\/wp-json\/wp\/v2\/posts"}],"about":[{"href":"https:\/\/www.europesays.com\/es\/wp-json\/wp\/v2\/types\/post"}],"author":[{"embeddable":true,"href":"https:\/\/www.europesays.com\/es\/wp-json\/wp\/v2\/users\/2"}],"replies":[{"embeddable":true,"href":"https:\/\/www.europesays.com\/es\/wp-json\/wp\/v2\/comments?post=193939"}],"version-history":[{"count":0,"href":"https:\/\/www.europesays.com\/es\/wp-json\/wp\/v2\/posts\/193939\/revisions"}],"wp:featuredmedia":[{"embeddable":true,"href":"https:\/\/www.europesays.com\/es\/wp-json\/wp\/v2\/media\/193940"}],"wp:attachment":[{"href":"https:\/\/www.europesays.com\/es\/wp-json\/wp\/v2\/media?parent=193939"}],"wp:term":[{"taxonomy":"category","embeddable":true,"href":"https:\/\/www.europesays.com\/es\/wp-json\/wp\/v2\/categories?post=193939"},{"taxonomy":"post_tag","embeddable":true,"href":"https:\/\/www.europesays.com\/es\/wp-json\/wp\/v2\/tags?post=193939"}],"curies":[{"name":"wp","href":"https:\/\/api.w.org\/{rel}","templated":true}]}}