{"id":193943,"date":"2025-10-22T14:53:14","date_gmt":"2025-10-22T14:53:14","guid":{"rendered":"https:\/\/www.europesays.com\/es\/193943\/"},"modified":"2025-10-22T14:53:14","modified_gmt":"2025-10-22T14:53:14","slug":"unidos-en-un-proyecto-que-mira-al-futuro-con-ilusion","status":"publish","type":"post","link":"https:\/\/www.europesays.com\/es\/193943\/","title":{"rendered":"Unidos en un proyecto que \u00abmira al futuro con ilusi\u00f3n\u00bb"},"content":{"rendered":"<p>La organizaci\u00f3n del Desaf\u00edo Sport-Bike Ciudad Real Asedio de los Calatravos est\u00e1 ultimando los detalles para que la prueba, que se celebra este s\u00e1bado, sea del agrado de los participantes, acompa\u00f1antes y aficionados en general. Es la primera edici\u00f3n, y ello supone todo un reto de planificaci\u00f3n y log\u00edstica en la que est\u00e1n implicados, adem\u00e1s de los propios promotores, administraciones como la Diputaci\u00f3n Provincial y los numerosos ayuntamientos por los que pasar\u00e1 el pelot\u00f3n, as\u00ed como los cuerpos y fuerzas de seguridad del Estado que velar\u00e1n por la salud de los ciclistas y del resto de usuarios de las carreteras por las que transcurrir\u00e1 la prueba. A todos ellos les daba las gracias esta ma\u00f1ana, en la presentaci\u00f3n oficial, su organizador, \u00d3scar Gal\u00e1n, que se refer\u00eda a ella como \u00abun proyecto que nace del deporte, crece y mira al futuro con ilusi\u00f3n\u00bb.<\/p>\n<p>Son 716 inscritos, procedentes de diferentes puntos de Espa\u00f1a, los que tomar\u00e1n la salida a las 8.15 horas de este s\u00e1bado desde la Avenida del Descubrimiento de Am\u00e9rica, junto al Ifedi. Tendr\u00e1n que recorrer 188 kil\u00f3metros, con un desnivel acumulado de 1.400 metros, pasando por los municipios de Miguelturra, Pozuelo, Almagro, Bola\u00f1os, Gran\u00e1tula, Calzada, Villanueva de San Carlos, Argamasilla de Calatrava, Villamayor, Cabezarados, Los Pozuelos, Alcolea, Poblete y regreso a Ciudad Real, con la meta ubicada en la Avenida de los Reyes Cat\u00f3licos, junto al Quijote Arena. All\u00ed ser\u00e1 donde los corredores puedan ducharse, y desde all\u00ed funcionar\u00e1 de manera constante el tren tur\u00edstico del Ayuntamiento, que podr\u00e1 trasladar a participantes y acompa\u00f1antes y aficionados de esa zona hasta el Ifedi, donde funcionar\u00e1n otros servicios, desde el mismo viernes, como &#8216;food truck&#8217;, m\u00fasica, carpas y expositores de marcas comerciales y negocios locales, adem\u00e1s de ofrecerse unas migas elaboradas por la Asociaci\u00f3n de Pe\u00f1as. \u00abS\u00e9 lo que buscan los corredores, y queremos darles cosas originales\u00bb, dec\u00eda Gal\u00e1n.<\/p>\n<p>Junto a Gal\u00e1n, en la organizaci\u00f3n est\u00e1 Alejandro Palacios y una veintena de voluntarios. Adem\u00e1s, el d\u00eda de la carrera se van a movilizar m\u00e1s de una treintena de agentes de la Guardia Civil, una docena de ellos del Subsector de Tr\u00e1fico, y 16 efectivos de la Polic\u00eda Nacional, la mayor\u00eda motorizados. El pelot\u00f3n estar\u00e1 &#8216;encapsulado&#8217; con una velocidad m\u00e1xima de 35 kms\/h y solo habr\u00e1 un tramo libre, diez kil\u00f3metros cronometrados (desde el 145 a 155) en los que se pondr\u00e1 en juego el Premio Fusi\u00f3n \u00d3ptica para los tres primeros de cada categor\u00eda y g\u00e9nero. La llegada a meta est\u00e1 prevista a partir de las 13.30 horas.<\/p>\n<p><img decoding=\"async\" loading=\"lazy\" src=\"https:\/\/www.europesays.com\/es\/wp-content\/uploads\/2025\/10\/26D49A83-4005-42AB-964937432D091347.JPG\" alt=\"Unidos en un proyecto que \" mira=\"\" al=\"\" futuro=\"\" con=\"\" ilusi=\"\" border=\"0\"\/>Unidos en un proyecto que \u00abmira al futuro con ilusi\u00f3n\u00bb &#8211; Foto: LT<\/p>\n<p>\u00abEsto no es solo una actividad deportiva, sino que representa el esp\u00edritu de superaci\u00f3n y orgullo de la provincia\u00bb, dec\u00eda la responsable de deportes de la Diputaci\u00f3n Provincial, Patricia Salda\u00f1a, que destacaba la suma de \u00abesfuerzo m\u00e1s convivencia m\u00e1s la promoci\u00f3n del territorio\u00bb en la ecuaci\u00f3n que supone este tipo de pruebas. En el mismo sentido se expresaba Pau Beltr\u00e1n, concejal de Deportes de Ciudad Real, quien subrayaba la importancia del papel tanto de la Guardia Civil como de la Polic\u00eda Nacional para que actividades tan multitudinarias se puedan llevar a cabo.<\/p>\n<p>Los dorsales se podr\u00e1n recoger en el Ifedi el viernes de 17 a 21.30 horas, y el mismo s\u00e1bado desde las 6.30 horas hasta las 7.45 horas. Adem\u00e1s de las administraciones p\u00fablicas, la organizaci\u00f3n cuenta con el apoyo de la Asociaci\u00f3n para el Desarrollo del Campo de Calatrava y numerosas firmas comerciales, entre ellas La Tribuna, que ejerce como medio oficial de la prueba en el marco de los actos de celebraci\u00f3n de su 35 aniversario.<\/p>\n<p><img decoding=\"async\" loading=\"lazy\" src=\"https:\/\/www.europesays.com\/es\/wp-content\/uploads\/2025\/10\/38DEF356-94CB-4FA9-A8E969323A204A71.JPEG\" alt=\"Unidos en un proyecto que mira al futuro con ilusi\u00f3n\" border=\"0\"\/>Unidos en un proyecto que \u00abmira al futuro con ilusi\u00f3n\u00bb &#8211; Foto: LT<\/p>\n<p>\u00a0<\/p>\n","protected":false},"excerpt":{"rendered":"La organizaci\u00f3n del Desaf\u00edo Sport-Bike Ciudad Real Asedio de los Calatravos est\u00e1 ultimando los detalles para que la&hellip;\n","protected":false},"author":2,"featured_media":193944,"comment_status":"","ping_status":"","sticky":false,"template":"","format":"standard","meta":{"footnotes":""},"categories":[273],"tags":[1653,1948,54023,54024,313,1940,312,168,25,24,1160,2639,10245,29410,11739,19423,4092,166,23,167,589],"class_list":{"0":"post-193943","1":"post","2":"type-post","3":"status-publish","4":"format-standard","5":"has-post-thumbnail","7":"category-ciclismo","8":"tag-almagro","9":"tag-argamasilla-de-calatrava","10":"tag-avenida-descubrimiento-de-america","11":"tag-avenida-reyes-catolicos","12":"tag-ciclismo","13":"tag-ciudad-real","14":"tag-cycling","15":"tag-deportes","16":"tag-es","17":"tag-espana","18":"tag-guardia-civil","19":"tag-logistica","20":"tag-miguelturra","21":"tag-poblete","22":"tag-policia-nacional","23":"tag-pozuelo","24":"tag-quijote-arena","25":"tag-salud","26":"tag-spain","27":"tag-sports","28":"tag-trafico"},"share_on_mastodon":{"url":"https:\/\/pubeurope.com\/@es\/115418392514689141","error":""},"_links":{"self":[{"href":"https:\/\/www.europesays.com\/es\/wp-json\/wp\/v2\/posts\/193943","targetHints":{"allow":["GET"]}}],"collection":[{"href":"https:\/\/www.europesays.com\/es\/wp-json\/wp\/v2\/posts"}],"about":[{"href":"https:\/\/www.europesays.com\/es\/wp-json\/wp\/v2\/types\/post"}],"author":[{"embeddable":true,"href":"https:\/\/www.europesays.com\/es\/wp-json\/wp\/v2\/users\/2"}],"replies":[{"embeddable":true,"href":"https:\/\/www.europesays.com\/es\/wp-json\/wp\/v2\/comments?post=193943"}],"version-history":[{"count":0,"href":"https:\/\/www.europesays.com\/es\/wp-json\/wp\/v2\/posts\/193943\/revisions"}],"wp:featuredmedia":[{"embeddable":true,"href":"https:\/\/www.europesays.com\/es\/wp-json\/wp\/v2\/media\/193944"}],"wp:attachment":[{"href":"https:\/\/www.europesays.com\/es\/wp-json\/wp\/v2\/media?parent=193943"}],"wp:term":[{"taxonomy":"category","embeddable":true,"href":"https:\/\/www.europesays.com\/es\/wp-json\/wp\/v2\/categories?post=193943"},{"taxonomy":"post_tag","embeddable":true,"href":"https:\/\/www.europesays.com\/es\/wp-json\/wp\/v2\/tags?post=193943"}],"curies":[{"name":"wp","href":"https:\/\/api.w.org\/{rel}","templated":true}]}}