{"id":193949,"date":"2025-10-22T14:56:11","date_gmt":"2025-10-22T14:56:11","guid":{"rendered":"https:\/\/www.europesays.com\/es\/193949\/"},"modified":"2025-10-22T14:56:11","modified_gmt":"2025-10-22T14:56:11","slug":"nuevo-fichaje-con-aroma-txuri-urdin-de-la-euskal-selekzioa-para-enfrentarse-a-palestina","status":"publish","type":"post","link":"https:\/\/www.europesays.com\/es\/193949\/","title":{"rendered":"Nuevo fichaje con aroma txuri urdin de la Euskal Selekzioa para enfrentarse a Palestina"},"content":{"rendered":"<p data-gtm-element-container=\"modulo-texto-link\" class=\"paragraph\">La Federaci\u00f3n Vasca de F\u00fatbol anunci\u00f3 ayer la confecci\u00f3n del cuerpo t\u00e9cnico para el nuevo compromiso de la Euskal Selekzioa de este mes de noviembre, ante Palestina, con fines ben\u00e9ficos, el pr\u00f3ximo s\u00e1bado 15 de noviembre en San Mam\u00e9s.\u00a0La direcci\u00f3n deportiva, liderada por <strong>Mikel De Gregorio<\/strong>, apuesta por la continuidad pero con alg\u00fan nuevo a\u00f1adido. Y sigue habiendo aroma txuri urdin.<\/p>\n<p>    Lee tambi\u00e9n<\/p>\n<p data-gtm-element-container=\"modulo-texto-link\" class=\"paragraph\">El seleccionador continuar\u00e1 siendo <strong>Jagoba Arrasate<\/strong>, ext\u00e9cnico realista y formado en Zubieta y actualmente a cargo del Mallorca, pero esta vez tendr\u00e1 a un ayudante nuevo. <strong>Mikel Labaka<\/strong>, segundo entrenador de la Real en la etapa de <strong>Imanol Alguacil<\/strong>, se compromete a ayudar. Llevaba sin equipo desde junio, disfrutando de la Real como aficionado, y ahora se embarca en un nuevo proyecto. El tercer miembro con color txuri urdin es <strong>Xabi Valencia<\/strong>, actual m\u00e9dico de la Real y que tambi\u00e9n lo ser\u00e1 de la Euskal Selekzioa. El resto de miembros son los siguientes: <strong>Imanol Etxeberria, Jon Zubillaga, Isusko Ortuzar, Asier Urkia, Iban Urkiza<\/strong>. En pr\u00f3ximas fechas se anunciar\u00e1 la convocatoria de jugadores y las entradas salen a la venta este jueves.<\/p>\n","protected":false},"excerpt":{"rendered":"La Federaci\u00f3n Vasca de F\u00fatbol anunci\u00f3 ayer la confecci\u00f3n del cuerpo t\u00e9cnico para el nuevo compromiso de la&hellip;\n","protected":false},"author":2,"featured_media":193950,"comment_status":"","ping_status":"","sticky":false,"template":"","format":"standard","meta":{"footnotes":""},"categories":[268],"tags":[168,25,24,280,282,281,23,167],"class_list":{"0":"post-193949","1":"post","2":"type-post","3":"status-publish","4":"format-standard","5":"has-post-thumbnail","7":"category-futbol","8":"tag-deportes","9":"tag-es","10":"tag-espana","11":"tag-football","12":"tag-futbol","13":"tag-soccer","14":"tag-spain","15":"tag-sports"},"share_on_mastodon":{"url":"https:\/\/pubeurope.com\/@es\/115418404199306020","error":""},"_links":{"self":[{"href":"https:\/\/www.europesays.com\/es\/wp-json\/wp\/v2\/posts\/193949","targetHints":{"allow":["GET"]}}],"collection":[{"href":"https:\/\/www.europesays.com\/es\/wp-json\/wp\/v2\/posts"}],"about":[{"href":"https:\/\/www.europesays.com\/es\/wp-json\/wp\/v2\/types\/post"}],"author":[{"embeddable":true,"href":"https:\/\/www.europesays.com\/es\/wp-json\/wp\/v2\/users\/2"}],"replies":[{"embeddable":true,"href":"https:\/\/www.europesays.com\/es\/wp-json\/wp\/v2\/comments?post=193949"}],"version-history":[{"count":0,"href":"https:\/\/www.europesays.com\/es\/wp-json\/wp\/v2\/posts\/193949\/revisions"}],"wp:featuredmedia":[{"embeddable":true,"href":"https:\/\/www.europesays.com\/es\/wp-json\/wp\/v2\/media\/193950"}],"wp:attachment":[{"href":"https:\/\/www.europesays.com\/es\/wp-json\/wp\/v2\/media?parent=193949"}],"wp:term":[{"taxonomy":"category","embeddable":true,"href":"https:\/\/www.europesays.com\/es\/wp-json\/wp\/v2\/categories?post=193949"},{"taxonomy":"post_tag","embeddable":true,"href":"https:\/\/www.europesays.com\/es\/wp-json\/wp\/v2\/tags?post=193949"}],"curies":[{"name":"wp","href":"https:\/\/api.w.org\/{rel}","templated":true}]}}