{"id":193951,"date":"2025-10-22T14:57:08","date_gmt":"2025-10-22T14:57:08","guid":{"rendered":"https:\/\/www.europesays.com\/es\/193951\/"},"modified":"2025-10-22T14:57:08","modified_gmt":"2025-10-22T14:57:08","slug":"cuando-amaia-se-fue-no-se-quedo-muy-contento","status":"publish","type":"post","link":"https:\/\/www.europesays.com\/es\/193951\/","title":{"rendered":"Cuando Amaia se fue, no se qued\u00f3 muy contento"},"content":{"rendered":"<p class=\"paragraph\">La <a href=\"https:\/\/www.heraldo.es\/noticias\/ocio-y-cultura\/2025\/10\/21\/zaragoza-oreja-van-gogh-conciertos-lleno-entradas-fiestas-pilar-2026-1863644.html\" title=\"Zaragoza, a sus pies: La Oreja de Van Gogh vende todas las entradas de su segundo concierto en las Fiestas del Pilar 2026\" target=\"_blank\" rel=\"nofollow noopener\">esperada reuni\u00f3n de Amaia Montero con La Oreja de Van Gogh<\/a>\u00a0ha quedado opacada por la inesperada decisi\u00f3n de <b>Pablo Benegas de retirarse temporalmente del grupo.<\/b> Esta situaci\u00f3n ha generado pol\u00e9mica entre los seguidores de la banda donostiarra, quienes han criticado la gesti\u00f3n de esta transici\u00f3n por parte de los actuales miembros del conjunto musical.<\/p>\n<p class=\"paragraph\">El grupo comunic\u00f3 oficialmente que Benegas, que ha decidido apartarse temporalmente:\u00a0\u00abAunque sigue formando parte del grupo, ha decidido retirarse una temporada para\u00a0poder <b>centrarse en su familia y explorar nuevos retos profesionales\u00a0<\/b>que, por supuesto, seguiremos de cerca. Hasta que volvamos a encontrarnos, le deseamos todo lo mejor\u00bb. Por su parte, el guitarrista confirm\u00f3 brevemente esta versi\u00f3n declarando: <b>\u00abNo dejo el grupo, pero no les voy a acompa\u00f1ar en esta etapa\u00bb<\/b>, una afirmaci\u00f3n que deja entrever que su ausencia podr\u00eda ser prolongada pero no definitiva.<\/p>\n<p class=\"paragraph\">En el programa televisivo &#8216;La Roca&#8217;, la periodista Silvia Taul\u00e9s aport\u00f3 informaci\u00f3n adicional sobre este asunto, explicando que La Oreja de Van Gogh funciona como una sociedad limitada en la que siempre han estado los cinco miembros originales, incluida Amaia Montero. \u00abLeire lleg\u00f3 a ser empleada de Amaia cuando cantaba y Benegas se ha ido del grupo, pero no de la sociedad\u00bb, puntualiz\u00f3 Taul\u00e9s, quien adem\u00e1s revel\u00f3 que <b>\u00abcuando Amaia se fue, Benegas no se qued\u00f3 muy contento\u00bb,<\/b> sugiriendo tensiones previas entre los miembros.<\/p>\n<p>El timing de la salida de Benegas<\/p>\n<p class=\"paragraph\">La periodista no dud\u00f3 en se\u00f1alar lo delicado del momento elegido por Benegas para su retirada, coincidiendo precisamente con el <a href=\"https:\/\/www.heraldo.es\/noticias\/ocio-y-cultura\/2025\/10\/20\/zaragoza-conseguir-entradas-concierto-oreja-van-gogh-1863346.html\" title=\"D\u00f3nde comprar las entradas para el concierto de La Oreja de Van Gogh en Zaragoza en 2026: apunta a lleno instant\u00e1neo\" target=\"_blank\" rel=\"nofollow noopener\">regreso de la vocalista original.<\/a> Seg\u00fan Taul\u00e9s, esta decisi\u00f3n <b>\u00abdeja a ella a los pies de los caballos\u00bb<\/b>, una afirmaci\u00f3n que ha avivado las especulaciones sobre posibles conflictos internos en la banda justo cuando se preparan para iniciar esta nueva etapa con Amaia Montero al frente.<\/p>\n<p>Informaci\u00f3n generada con ayuda de Inteligencia Artificial<\/p>\n<p> <a class=\"enlace-texto-ia\" href=\"https:\/\/www.heraldo.es\/noticias\/comunicacion\/2023\/11\/23\/compromiso-heraldo-innovacion-precision-informativa-1691520.html\" rel=\"nofollow noopener\" target=\"_blank\">Saber m\u00e1s<\/a><\/p>\n","protected":false},"excerpt":{"rendered":"La esperada reuni\u00f3n de Amaia Montero con La Oreja de Van Gogh\u00a0ha quedado opacada por la inesperada decisi\u00f3n&hellip;\n","protected":false},"author":2,"featured_media":193952,"comment_status":"","ping_status":"","sticky":false,"template":"","format":"standard","meta":{"footnotes":""},"categories":[174],"tags":[20219,255,146,147,25,24,256,223,20220,185,54025,10834,23],"class_list":{"0":"post-193951","1":"post","2":"type-post","3":"status-publish","4":"format-standard","5":"has-post-thumbnail","7":"category-famosos","8":"tag-amaia-montero","9":"tag-celebrities","10":"tag-entertainment","11":"tag-entretenimiento","12":"tag-es","13":"tag-espana","14":"tag-famosos","15":"tag-hub-ia","16":"tag-la-oreja-de-van-gogh","17":"tag-musica","18":"tag-pablo-benegas","19":"tag-republicadas-seo","20":"tag-spain"},"share_on_mastodon":{"url":"https:\/\/pubeurope.com\/@es\/115418408350508008","error":""},"_links":{"self":[{"href":"https:\/\/www.europesays.com\/es\/wp-json\/wp\/v2\/posts\/193951","targetHints":{"allow":["GET"]}}],"collection":[{"href":"https:\/\/www.europesays.com\/es\/wp-json\/wp\/v2\/posts"}],"about":[{"href":"https:\/\/www.europesays.com\/es\/wp-json\/wp\/v2\/types\/post"}],"author":[{"embeddable":true,"href":"https:\/\/www.europesays.com\/es\/wp-json\/wp\/v2\/users\/2"}],"replies":[{"embeddable":true,"href":"https:\/\/www.europesays.com\/es\/wp-json\/wp\/v2\/comments?post=193951"}],"version-history":[{"count":0,"href":"https:\/\/www.europesays.com\/es\/wp-json\/wp\/v2\/posts\/193951\/revisions"}],"wp:featuredmedia":[{"embeddable":true,"href":"https:\/\/www.europesays.com\/es\/wp-json\/wp\/v2\/media\/193952"}],"wp:attachment":[{"href":"https:\/\/www.europesays.com\/es\/wp-json\/wp\/v2\/media?parent=193951"}],"wp:term":[{"taxonomy":"category","embeddable":true,"href":"https:\/\/www.europesays.com\/es\/wp-json\/wp\/v2\/categories?post=193951"},{"taxonomy":"post_tag","embeddable":true,"href":"https:\/\/www.europesays.com\/es\/wp-json\/wp\/v2\/tags?post=193951"}],"curies":[{"name":"wp","href":"https:\/\/api.w.org\/{rel}","templated":true}]}}