{"id":193955,"date":"2025-10-22T14:59:09","date_gmt":"2025-10-22T14:59:09","guid":{"rendered":"https:\/\/www.europesays.com\/es\/193955\/"},"modified":"2025-10-22T14:59:09","modified_gmt":"2025-10-22T14:59:09","slug":"la-entrega-de-los-euskadi-de-plata-celebra-la-labor-prescriptora-del-librero","status":"publish","type":"post","link":"https:\/\/www.europesays.com\/es\/193955\/","title":{"rendered":"La entrega de los Euskadi de Plata celebra la labor prescriptora del librero"},"content":{"rendered":"<p>El hecho de que la entrega de los Euskadi de Plata que conceden los libreros guipuzcoanos se celebrara este mi\u00e9rcoles en la nueva Errabundia de  &#8230; Gros ha convertido el acto en una celebraci\u00f3n de la labor prescriptora de estos establecimientos. En esta ocasi\u00f3n, los galardonados han sido Laura Chivite, por &#8216;El ataque de las cabras&#8217;, Karmele Mitxelena, por &#8216;Zoriona, edo antzeko zerbait&#8217;, y Astiberri, por &#8216;Gerra Gazan&#8217;, de Joe Sacco.<\/p>\n<p class=\"v-p\">En un acto en el que han participado la diputada foral de Cultura, Goizane \u00c1lvarez; el a\u00fan concejal de Cultura, Jon Insausti; el presidente y la vicepresidenta del Gremio de Librer\u00eda de Gipuzkoa, Adolfo L\u00f3pez Chocarro y Rosa Tapia, respectivamente; y Mikel Insausti, de Kutxa Fundazioa, las autoras galardonadas han celebrado la importancia de las librer\u00edas en sus vidas. \u00abLas librer\u00edas siempre han formado parte de mi mundo, con algunas que desaparecieron y otras nuevas que han abierto\u00bb, ha se\u00f1alado la navarra Laura Chivite. \u00abTengo la costumbre, no s\u00f3lo de ir a las librer\u00edas de las ciudades en las que he vivido, sino de conocer al librero\u00bb, ha a\u00f1adido, antes de se\u00f1alar que ahora, su establecimiento de cabecera en Madrid es Sin Tarima. De hecho, la autora ha indicado que actualmente vive con una librera.<\/p>\n<p class=\"v-p\">Chivite, que se incorpora al programa Literaktum del mes que viene, con un acto que protagonizar\u00e1 el d\u00eda 20, ha elogiado la instituci\u00f3n librera como un oasis en \u00abun mundo de la literatura llena de egos y de intereses editoriales\u00bb. Y finalmente, ha confesado su estupor de aparecer entre los galardonados con el Euskadi de Plata, en una lista en la que tambi\u00e9n figuran Cartarescu, De Vigan o Juan Tall\u00f3n.<\/p>\n<p class=\"v-p\">Mitxelena, por su parte, tambi\u00e9n ha considerado \u00abespecial\u00bb un premio que encuentra reflejo en su \u00abpasi\u00f3n por escribir, pero tambi\u00e9n por las librer\u00edas y las bibliotecas\u00bb. La escritora ha explicado que &#8216;Zoriona, edo antzeko zerbait&#8217; aborda \u00abel tab\u00fa del suicidio, del duelo en general y el del suicidio en particular, que es muy dif\u00edcil de llevar. Cuando alguien cercano se quita la vida, es dif\u00edcil entenderlo\u00bb, ha se\u00f1alado sobre un libro en el que tambi\u00e9n sobrevuela el romance.<\/p>\n<p class=\"v-p\">El tercer galard\u00f3n de los Euskadi de Plata de este a\u00f1o ha reca\u00eddo en &#8216;Gerra Gazan&#8217;, un c\u00f3mic de Joe Sacco publicado en euskera por Astiberri en versi\u00f3n de Julen Gabiria, un volumen, seg\u00fan ha dicho Elisabeth Casillas, responsable del sello editorial, nacido \u00abde la urgencia por mostrar lo que suced\u00eda en el estado palestino\u00bb. <\/p>\n","protected":false},"excerpt":{"rendered":"El hecho de que la entrega de los Euskadi de Plata que conceden los libreros guipuzcoanos se celebrara&hellip;\n","protected":false},"author":2,"featured_media":193956,"comment_status":"","ping_status":"","sticky":false,"template":"","format":"standard","meta":{"footnotes":""},"categories":[172],"tags":[224,146,36,147,25,24,5691,6927,28372,13582,225,671,2525,54026,23],"class_list":{"0":"post-193955","1":"post","2":"type-post","3":"status-publish","4":"format-standard","5":"has-post-thumbnail","7":"category-libros","8":"tag-books","9":"tag-entertainment","10":"tag-entrega","11":"tag-entretenimiento","12":"tag-es","13":"tag-espana","14":"tag-euskadi","15":"tag-gipuzkoa","16":"tag-labor","17":"tag-libreros","18":"tag-libros","19":"tag-literatura","20":"tag-plata","21":"tag-prescriptora","22":"tag-spain"},"share_on_mastodon":{"url":"https:\/\/pubeurope.com\/@es\/115418416021022875","error":""},"_links":{"self":[{"href":"https:\/\/www.europesays.com\/es\/wp-json\/wp\/v2\/posts\/193955","targetHints":{"allow":["GET"]}}],"collection":[{"href":"https:\/\/www.europesays.com\/es\/wp-json\/wp\/v2\/posts"}],"about":[{"href":"https:\/\/www.europesays.com\/es\/wp-json\/wp\/v2\/types\/post"}],"author":[{"embeddable":true,"href":"https:\/\/www.europesays.com\/es\/wp-json\/wp\/v2\/users\/2"}],"replies":[{"embeddable":true,"href":"https:\/\/www.europesays.com\/es\/wp-json\/wp\/v2\/comments?post=193955"}],"version-history":[{"count":0,"href":"https:\/\/www.europesays.com\/es\/wp-json\/wp\/v2\/posts\/193955\/revisions"}],"wp:featuredmedia":[{"embeddable":true,"href":"https:\/\/www.europesays.com\/es\/wp-json\/wp\/v2\/media\/193956"}],"wp:attachment":[{"href":"https:\/\/www.europesays.com\/es\/wp-json\/wp\/v2\/media?parent=193955"}],"wp:term":[{"taxonomy":"category","embeddable":true,"href":"https:\/\/www.europesays.com\/es\/wp-json\/wp\/v2\/categories?post=193955"},{"taxonomy":"post_tag","embeddable":true,"href":"https:\/\/www.europesays.com\/es\/wp-json\/wp\/v2\/tags?post=193955"}],"curies":[{"name":"wp","href":"https:\/\/api.w.org\/{rel}","templated":true}]}}