{"id":193988,"date":"2025-10-22T15:20:10","date_gmt":"2025-10-22T15:20:10","guid":{"rendered":"https:\/\/www.europesays.com\/es\/193988\/"},"modified":"2025-10-22T15:20:10","modified_gmt":"2025-10-22T15:20:10","slug":"reencuentro-de-osambela-con-su-primer-entrenador-en-osasuna-tiene-madera-de-capitan","status":"publish","type":"post","link":"https:\/\/www.europesays.com\/es\/193988\/","title":{"rendered":"Reencuentro de Osambela con su primer entrenador en Osasuna: \u201cTiene madera de capit\u00e1n\u201d"},"content":{"rendered":"<p>\n        <strong>David Moreno Mart\u00edn (Pamplona, 27\/7\/1977) <\/strong>es el primer entrenador que tuvo <a href=\"https:\/\/www.noticiasdenavarra.com\/osasuna\/2025\/10\/21\/osambela-suena-grande-renovacion-entrar-10245821.html\" title=\"Asier Osambela Larraya\" class=\"link copy\" rel=\"nofollow noopener\" target=\"_blank\">Asier Osambela Larraya <\/a>(30\/10\/2004) al aterrizar en Osasuna, con apenas 10 a\u00f1os y despu\u00e9s de haber pasado por las categor\u00edas de formaci\u00f3n de Bidezarra y Ardoi. Es el t\u00e9cnico al que hizo referencia el futbolista rojillo en la rueda de prensa de su renovaci\u00f3n hasta 2029. <strong>\u201cLlegu\u00e9 como delantero y me dijo que iba a acabar de central\u201d, afirm\u00f3 el canterano. <\/strong>Y no se equivoc\u00f3. De hecho, <strong>Osambela ha ejercido de central durante el entrenamiento que ha completado este mi\u00e9rcoles el primer equipo de Osasuna en Tajonar, adonde ha acudido David Moreno, a petici\u00f3n de este peri\u00f3dico, para sorprender y saludar al que fuera su pupilo hace casi una d\u00e9cada.<\/strong>\n<\/p>\n<p class=\"article-body__text \">\n        Antes del reencuentro con Osambela, Moreno, asesor laboral de profesi\u00f3n y que dej\u00f3 Osasuna hace unos ocho a\u00f1os porque \u201ccon dos hijos era inviable\u201d, se muestra orgulloso de que el jugador le citara en la conferencia de prensa del pasado martes. <strong>\u201cTe alegras de que a\u00fan se acuerden de ti porque lo que quer\u00edamos no era m\u00e1s que el cari\u00f1o y el afecto de los chavales y que evolucionaran, <\/strong>as\u00ed que despu\u00e9s de tantos a\u00f1os se acuerden de uno te hace ilusi\u00f3n\u201d, explica antes de entrar en su trabajo con los alevines del club navarro: \u201cNuestra forma de trabajar consist\u00eda en que los chicos jugaran en diferentes posiciones, pero Asier reun\u00eda los requisitos para jugar por dentro en cualquiera de las posiciones, tanto de defensa, como de medio, como de delantero. Vino de delantero, pero ya \u00edbamos viendo que pod\u00eda adaptarse porque <strong>es un chico inteligente, que piensa r\u00e1pido, piensa bien, que tiene buena salida de bal\u00f3n, que iba bien en las disputas. <\/strong>Es m\u00e1s, much\u00edsimos jugadores que acaban jugando de laterales y de centrales, en sus inicios han sido delanteros. Van evolucionando y hay que adaptar las condiciones f\u00edsicas y personales de cada uno al f\u00fatbol. Es una evoluci\u00f3n y en muchas ocasiones natural\u201d.\n<\/p>\n<p class=\"article-body__text \">\n        La cuesti\u00f3n es que <strong>David Moreno, que entren\u00f3 a Asier Osambela durante sus dos a\u00f1os de alev\u00edn (primero haciendo t\u00e1ndem con Pablo Domingo y despu\u00e9s con I\u00f1aki Hurtado), <\/strong>no s\u00f3lo le dijo al jugador que pod\u00eda ser central. Tambi\u00e9n lo escribi\u00f3 en un informe y adem\u00e1s lo puso en pr\u00e1ctica: \u201cCuando vino, nos mandaban unos informes de \u00e9l y de todos los chicos que llegaban a Osasuna. Vino como delantero, pero fue evolucionando en su juego y vimos que pod\u00eda jugar en muchas posiciones, aunque el segundo a\u00f1o es cuando lo utilizamos algo m\u00e1s de central. Y en los informes que hac\u00edamos todos los a\u00f1os a mitad y a final de temporada, que seguro que el club los tiene guardados por ah\u00ed, figuraba que pod\u00eda jugar perfectamente de central, de mediocentro, arriba y de mediapunta\u201d.\n<\/p>\n<p>  Osambela: \u00abYo flipaba\u00bb<\/p>\n<p class=\"article-body__text \">\n        Pero, <strong>\u00bfqu\u00e9 dec\u00eda Asier Osambela cuando le dec\u00edan que, siendo delantero, le ve\u00edan jugando como central? El futbolista contesta durante el reencuentro con David Moreno tras el entrenamiento. \u201cYo flipaba\u201d, <\/strong>a lo que su primer t\u00e9cnico como futbolista rojillo a\u00f1ade que \u201csiempre estaba abierto a cualquier situaci\u00f3n porque lo que quiere un chaval de 10-11-12 a\u00f1os es jugar a f\u00fatbol y le da igual la posici\u00f3n\u201d.\n<\/p>\n<p class=\"article-photo__footer\">\n            Asier Osambela y David Moreno, posando en Tajonar.            Oskar Montero        <\/p>\n<p class=\"article-body__text \">\n        David Moreno ve\u00eda a Asier Osambela como central, pero <strong>\u00bfle ve\u00eda llegando al primer equipo? \u201cTodos tienen cosas buenas, pero al final el que llega es el met\u00f3dico, el que sabe sufrir, el que pasa las situaciones malas y se sobrepone, el que es constante. <\/strong>Aunque parezca una perogrullada, el que llega es el trabajador, el sensato. Muchas veces el bueno no es el que llega, pero los jugadores de perfiles como Pablo Ib\u00e1\u00f1ez, Moncayola o el propio Asier son jugadores que tienen compromiso, fuerza de ser, trabajo y al final son los que triunfan, pero no s\u00f3lo en el f\u00fatbol, tambi\u00e9n en la vida. El constante y trabajador es el que tiene premio y me alegro por Asier\u201d.\n<\/p>\n<p>  Tambi\u00e9n a Merino, Sancet&#8230;<\/p>\n<p class=\"article-body__text \">\n        Antes que a Osambela, y a uno cuantos m\u00e1s, <strong>David Moreno tambi\u00e9n dirigi\u00f3 en la cantera de la entidad rojilla cuando eran alevines \u201ca chicos de talla mundial como Mikel Merino, Oihan Sancet, Rober Navarro, Diego Moreno, Pablo Ib\u00e1\u00f1ez, Kike Barja, Jose Garc\u00eda\u2026<\/strong> Pido disculpas s\u00ed se me olvida alguno. Pablo Valencia, que estuvo a punto de dar el salto; Nico Serrano; I\u00f1aki Rup\u00e9rez, que est\u00e1 en la Real y que ojal\u00e1 debute pronto; Jon Garc\u00eda, del Promesas que parece que est\u00e1 ah\u00ed; Miguel Barandalla, que est\u00e1 en el Athletic y que tiene unas condiciones maravillosas&#8230;\u201d.\n<\/p>\n<p class=\"article-body__text \">\n        \u00bfC\u00f3mo ha cambiado Asier Osambela? Responde David Moreno: \u201cEs m\u00e1s grande (risas). Los movimientos y los gestos t\u00e9cnicos con el bal\u00f3n no los ha cambiado. La gesticulaci\u00f3n en el campo es muy parecida. Me acuerdo de Oihan Sancet, ese giro que tiene de espaldas ya lo hac\u00eda; y esa posici\u00f3n tan peculiar de Kike Barja tambi\u00e9n la ten\u00eda\u2026 No van perdiendo esos matices que les caracterizan\u201d.\n<\/p>\n<p class=\"article-body__text \">\n        <strong>\u00bfLe ve madera de futuro capit\u00e1n de Osasuna? <\/strong>Su primer entrenador en el club navarro lo tiene claro: \u201cEra muy calladito y muy t\u00edmido, pero se ha ido soltando. La gente que sale de abajo mama lo que es Osasuna y tampoco hace falta hablar mucho. Si lo que hablas est\u00e1 bien dirigido, con poco y bien es mucho. Mejor que mucho y mal. <strong>Claro que tiene madera. \u00c9l y m\u00e1s chavales que tenemos en la cantera. <\/strong>El que llega tiene cualidades de l\u00edder, de sentimiento, as\u00ed que ojal\u00e1, me alegrar\u00eda mucho por \u00e9l\u201d.\n<\/p>\n<p>  No estropear a los jugadores<\/p>\n<p class=\"article-body__text \">\n        Con semejante historial a sus espaldas entrenando a los equipos alevines de Osasuna, algo bien habr\u00eda hecho David Moreno, que contesta r\u00e1pido: \u201cNo fastidiarlos\u201d. Se rie y matiza: <strong>\u201cSi algo hacemos los entrenadores, es cargarnos a futbolistas. <\/strong>Yo no he hecho futbolista a nadie, s\u00f3lo puse mi granito de arena, pero el trabajo es de ellos y de sus familias. Nosotros lo que hicimos fue no carg\u00e1rnoslos. Hay mucha gente que llega un entrenador con el que no congen\u00eda y desaparece del mapa. Nosotros d\u00e1bamos alternativas a todos, todo el cari\u00f1o posible, ense\u00f1arles todo lo que pod\u00edamos y que viniera el siguiente para seguir con el trabajo porque ellos han sido el futuro y tienen que seguir si\u00e9ndolo. Por lo menos no los fastidi\u00e9\u201d.\n<\/p>\n<p class=\"article-body__text \">\n        Despu\u00e9s se ha producido el reencuentro con Asier Osambela, que se ha mostrado sorprendido y agradecido, y David Moreno ha aprovechado para recordar viejos tiempos en unas <strong>instalaciones de Tajonar que van a crecer con las obras de ampliaci\u00f3n: \u201cEso es bueno, sobre todo para los que trabajan la cantera\u201d.<\/strong><\/p>\n","protected":false},"excerpt":{"rendered":"David Moreno Mart\u00edn (Pamplona, 27\/7\/1977) es el primer entrenador que tuvo Asier Osambela Larraya (30\/10\/2004) al aterrizar en&hellip;\n","protected":false},"author":2,"featured_media":193989,"comment_status":"","ping_status":"","sticky":false,"template":"","format":"standard","meta":{"footnotes":""},"categories":[268],"tags":[168,2226,25,24,280,282,34782,621,977,20070,281,23,167],"class_list":{"0":"post-193988","1":"post","2":"type-post","3":"status-publish","4":"format-standard","5":"has-post-thumbnail","7":"category-futbol","8":"tag-deportes","9":"tag-entrenador","10":"tag-es","11":"tag-espana","12":"tag-football","13":"tag-futbol","14":"tag-osambela","15":"tag-osasuna","16":"tag-primer","17":"tag-reencuentro","18":"tag-soccer","19":"tag-spain","20":"tag-sports"},"share_on_mastodon":{"url":"https:\/\/pubeurope.com\/@es\/115418498654428749","error":""},"_links":{"self":[{"href":"https:\/\/www.europesays.com\/es\/wp-json\/wp\/v2\/posts\/193988","targetHints":{"allow":["GET"]}}],"collection":[{"href":"https:\/\/www.europesays.com\/es\/wp-json\/wp\/v2\/posts"}],"about":[{"href":"https:\/\/www.europesays.com\/es\/wp-json\/wp\/v2\/types\/post"}],"author":[{"embeddable":true,"href":"https:\/\/www.europesays.com\/es\/wp-json\/wp\/v2\/users\/2"}],"replies":[{"embeddable":true,"href":"https:\/\/www.europesays.com\/es\/wp-json\/wp\/v2\/comments?post=193988"}],"version-history":[{"count":0,"href":"https:\/\/www.europesays.com\/es\/wp-json\/wp\/v2\/posts\/193988\/revisions"}],"wp:featuredmedia":[{"embeddable":true,"href":"https:\/\/www.europesays.com\/es\/wp-json\/wp\/v2\/media\/193989"}],"wp:attachment":[{"href":"https:\/\/www.europesays.com\/es\/wp-json\/wp\/v2\/media?parent=193988"}],"wp:term":[{"taxonomy":"category","embeddable":true,"href":"https:\/\/www.europesays.com\/es\/wp-json\/wp\/v2\/categories?post=193988"},{"taxonomy":"post_tag","embeddable":true,"href":"https:\/\/www.europesays.com\/es\/wp-json\/wp\/v2\/tags?post=193988"}],"curies":[{"name":"wp","href":"https:\/\/api.w.org\/{rel}","templated":true}]}}