{"id":193999,"date":"2025-10-22T15:27:07","date_gmt":"2025-10-22T15:27:07","guid":{"rendered":"https:\/\/www.europesays.com\/es\/193999\/"},"modified":"2025-10-22T15:27:07","modified_gmt":"2025-10-22T15:27:07","slug":"real-federacion-espanola-gimnasia-3","status":"publish","type":"post","link":"https:\/\/www.europesays.com\/es\/193999\/","title":{"rendered":"Real Federaci\u00f3n Espa\u00f1ola Gimnasia"},"content":{"rendered":"<p class=\"p1\" style=\"text-align: justify;\">Durante el d\u00eda de hoy se ha celebrado en Yakarta (Indonesia) la <strong>final individual All Around de gimnasia art\u00edstica masculina<\/strong> del Campeonato del Mundo de gimnasia art\u00edstica, reservada solo para los 24 mejores gimnastas del concurso completo tras la jornada de clasificaci\u00f3n.<\/p>\n<p class=\"p1\" style=\"text-align: justify;\">Tras realizar los seis aparatos, <strong>Joel Plata<\/strong> ha finalizado en 15\u00aa posici\u00f3n con un total de 77.832 puntos tras sumar 12.166 en suelo, 12.800 en arcos, 12.200 en anillas, 13.766 en salto, 13.800 en paralelas y 13.100 en barra. En 21\u00aa posici\u00f3n finalizaba <strong>Thierno Diallo<\/strong> con un total de 76.165 puntos, tras sumar 12.333 en suelo, 12.466 en arcos, 12.033 en anillas, 13.100 en salto, 13.700 en paralelas y 12.533 en barra.<\/p>\n<p class=\"p2\" style=\"text-align: justify;\">El oro ha sido para Daiki Hashimoto (Jap\u00f3n) con 85.131, la plata para Boheng Zhang (China) con 84.333 y el bronce para Noe Seifert (Suiza) con 82.831.<\/p>\n<p class=\"p1\" style=\"text-align: justify;\">Ma\u00f1ana se celebrar\u00e1 la final femenina con participaci\u00f3n espa\u00f1ola por parte de Alba Petisco y Laia Font.\u00a0<\/p>\n<p class=\"p1\" style=\"text-align: center;\"><strong>\u00a1Enhorabuena!\u00a0<\/strong><\/p>\n","protected":false},"excerpt":{"rendered":"Durante el d\u00eda de hoy se ha celebrado en Yakarta (Indonesia) la final individual All Around de gimnasia&hellip;\n","protected":false},"author":2,"featured_media":194000,"comment_status":"","ping_status":"","sticky":false,"template":"","format":"standard","meta":{"footnotes":""},"categories":[93],"tags":[26212,26213,1840,168,25,24,2501,2500,5152,13801,9843,26214,26210,23,167,26211],"class_list":{"0":"post-193999","1":"post","2":"type-post","3":"status-publish","4":"format-standard","5":"has-post-thumbnail","7":"category-deportes","8":"tag-acrobatica","9":"tag-aerobica","10":"tag-artistica","11":"tag-deportes","12":"tag-es","13":"tag-espana","14":"tag-espanola","15":"tag-federacion","16":"tag-femenina","17":"tag-gimnasia","18":"tag-masculina","19":"tag-rfeg","20":"tag-ritmica","21":"tag-spain","22":"tag-sports","23":"tag-trampolin"},"share_on_mastodon":{"url":"https:\/\/pubeurope.com\/@es\/115418526135071984","error":""},"_links":{"self":[{"href":"https:\/\/www.europesays.com\/es\/wp-json\/wp\/v2\/posts\/193999","targetHints":{"allow":["GET"]}}],"collection":[{"href":"https:\/\/www.europesays.com\/es\/wp-json\/wp\/v2\/posts"}],"about":[{"href":"https:\/\/www.europesays.com\/es\/wp-json\/wp\/v2\/types\/post"}],"author":[{"embeddable":true,"href":"https:\/\/www.europesays.com\/es\/wp-json\/wp\/v2\/users\/2"}],"replies":[{"embeddable":true,"href":"https:\/\/www.europesays.com\/es\/wp-json\/wp\/v2\/comments?post=193999"}],"version-history":[{"count":0,"href":"https:\/\/www.europesays.com\/es\/wp-json\/wp\/v2\/posts\/193999\/revisions"}],"wp:featuredmedia":[{"embeddable":true,"href":"https:\/\/www.europesays.com\/es\/wp-json\/wp\/v2\/media\/194000"}],"wp:attachment":[{"href":"https:\/\/www.europesays.com\/es\/wp-json\/wp\/v2\/media?parent=193999"}],"wp:term":[{"taxonomy":"category","embeddable":true,"href":"https:\/\/www.europesays.com\/es\/wp-json\/wp\/v2\/categories?post=193999"},{"taxonomy":"post_tag","embeddable":true,"href":"https:\/\/www.europesays.com\/es\/wp-json\/wp\/v2\/tags?post=193999"}],"curies":[{"name":"wp","href":"https:\/\/api.w.org\/{rel}","templated":true}]}}