{"id":194011,"date":"2025-10-22T15:33:14","date_gmt":"2025-10-22T15:33:14","guid":{"rendered":"https:\/\/www.europesays.com\/es\/194011\/"},"modified":"2025-10-22T15:33:14","modified_gmt":"2025-10-22T15:33:14","slug":"ultima-hora-de-la-actualidad-politica-en-directo-el-congreso-aprueba-una-iniciativa-que-insta-al-gobierno-a-una-auditoria-integral-del-sistema-de-pulseras-antimaltrato-espana","status":"publish","type":"post","link":"https:\/\/www.europesays.com\/es\/194011\/","title":{"rendered":"\u00daltima hora de la actualidad pol\u00edtica, en directo | El Congreso aprueba una iniciativa que insta al Gobierno a una auditor\u00eda \u201cintegral\u201d del sistema de pulseras antimaltrato | Espa\u00f1a"},"content":{"rendered":"<p class=\"ev-title\">Page pide al PSOE que se querelle contra Leire D\u00edez<\/p>\n<p>Emiliano Garc\u00eda-Page es partidario de que el PSOE se persone contra Leire D\u00edez, la exmilitante y excargo del PSOE imputada por cohecho y tr\u00e1fico de influencias. La\u00a0Fiscal\u00eda atribuye a D\u00edez\u00a0el \u201cliderazgo\u201d de un supuesto \u201cplan delictivo\u201d para \u201cdesacreditar\u201d a las c\u00fapulas de la Unidad Central Operativa (UCO) de la Guardia Civil y de la Fiscal\u00eda Anticorrupci\u00f3n, con el objetivo de \u201canular\u201d\u00a0y \u201cmalbaratar\u201d investigaciones que \u201cafectan a pol\u00edticos y empresarios\u201d. \u201cLa mejor manera que tendr\u00edamos los socialistas de despejar toda duda sobre personajes como esta se\u00f1ora ser\u00eda que nosotros fu\u00e9ramos acusaci\u00f3n. Que fu\u00e9ramos perjudicados y que, por tanto, la denunci\u00e1ramos a ella y a todos los que han abusado del Partido Socialista, hayan sido lo que hayan sido\u201d, ha afirmado el presidente de Castilla-La Mancha tras un desayuno informativo en Madrid.\u00a0<br \/>El fiscal Ignacio Stampa ha declarado que Leire D\u00edez le dijo, en una reuni\u00f3n que mantuvieron, que Pedro S\u00e1nchez y el ministro de Justicia, F\u00e9lix Bola\u00f1os, sab\u00edan que se hab\u00edan reunido. \u201cNo voy a darle ninguna credibilidad a esta se\u00f1ora, de ninguna manera, ni por su forma de comportarse, ni por lo que est\u00e1 diciendo. Parto de la base de que si tengo que creer a alguien, desde luego, no va a ser a ella. Pero dicho esto, la mejor manera de zanjar el asunto es que el Partido Socialista se querelle y se denuncie a alguien que dice haber hablado en nombre del presidente del Gobierno, de haber hablado en nombre del Gobierno, hablar en nombre del PSOE, para hacer operaciones supuestamente criminales. Yo creo que lo mejor, para que no haya dudas, es ser parte perjudicada, y, por consiguiente, tambi\u00e9n interesarnos en el procedimiento\u201d, ha insistido el bar\u00f3n socialista.<\/p>\n","protected":false},"excerpt":{"rendered":"Page pide al PSOE que se querelle contra Leire D\u00edez Emiliano Garc\u00eda-Page es partidario de que el PSOE&hellip;\n","protected":false},"author":2,"featured_media":194012,"comment_status":"","ping_status":"","sticky":false,"template":"","format":"standard","meta":{"footnotes":""},"categories":[8],"tags":[6069,17,18,4456,6913,25,24,13,14,582,6909,248,11,19,20,6910,9,10,15,16,957,2959,952,1670,956,1699,6914,6912,23,4453,12,21,22,624,6911,4454],"class_list":{"0":"post-194011","1":"post","2":"type-post","3":"status-publish","4":"format-standard","5":"has-post-thumbnail","7":"category-espana","8":"tag-alberto-nunez-feijoo","9":"tag-breaking-news","10":"tag-breakingnews","11":"tag-congreso-diputados","12":"tag-debates-parlamentarios","13":"tag-es","14":"tag-espana","15":"tag-featured-news","16":"tag-featurednews","17":"tag-gobierno","18":"tag-gobierno-de-coalicion","19":"tag-gobierno-de-espana","20":"tag-headlines","21":"tag-latest-news","22":"tag-latestnews","23":"tag-legislaturas-politicas","24":"tag-news","25":"tag-noticias","26":"tag-noticias-destacadas","27":"tag-noticiasdestacadas","28":"tag-partidos-politicos","29":"tag-pedro-sanchez","30":"tag-politica","31":"tag-politicos","32":"tag-pp","33":"tag-psoe","34":"tag-santiago-abascal","35":"tag-senado","36":"tag-spain","37":"tag-sumar","38":"tag-titulares","39":"tag-ultimas-noticias","40":"tag-ultimasnoticias","41":"tag-vox","42":"tag-xv-legislatura-espana","43":"tag-yolanda-diaz"},"share_on_mastodon":{"url":"","error":"Validation failed: Text character limit of 500 exceeded"},"_links":{"self":[{"href":"https:\/\/www.europesays.com\/es\/wp-json\/wp\/v2\/posts\/194011","targetHints":{"allow":["GET"]}}],"collection":[{"href":"https:\/\/www.europesays.com\/es\/wp-json\/wp\/v2\/posts"}],"about":[{"href":"https:\/\/www.europesays.com\/es\/wp-json\/wp\/v2\/types\/post"}],"author":[{"embeddable":true,"href":"https:\/\/www.europesays.com\/es\/wp-json\/wp\/v2\/users\/2"}],"replies":[{"embeddable":true,"href":"https:\/\/www.europesays.com\/es\/wp-json\/wp\/v2\/comments?post=194011"}],"version-history":[{"count":0,"href":"https:\/\/www.europesays.com\/es\/wp-json\/wp\/v2\/posts\/194011\/revisions"}],"wp:featuredmedia":[{"embeddable":true,"href":"https:\/\/www.europesays.com\/es\/wp-json\/wp\/v2\/media\/194012"}],"wp:attachment":[{"href":"https:\/\/www.europesays.com\/es\/wp-json\/wp\/v2\/media?parent=194011"}],"wp:term":[{"taxonomy":"category","embeddable":true,"href":"https:\/\/www.europesays.com\/es\/wp-json\/wp\/v2\/categories?post=194011"},{"taxonomy":"post_tag","embeddable":true,"href":"https:\/\/www.europesays.com\/es\/wp-json\/wp\/v2\/tags?post=194011"}],"curies":[{"name":"wp","href":"https:\/\/api.w.org\/{rel}","templated":true}]}}