{"id":194034,"date":"2025-10-22T15:47:07","date_gmt":"2025-10-22T15:47:07","guid":{"rendered":"https:\/\/www.europesays.com\/es\/194034\/"},"modified":"2025-10-22T15:47:07","modified_gmt":"2025-10-22T15:47:07","slug":"la-casa-de-la-cultura-acogera-la-presentacion-del-libro-el-amor-que-dejas-y-cerrara-la-semana-con-molotov-ocio-y-cultura","status":"publish","type":"post","link":"https:\/\/www.europesays.com\/es\/194034\/","title":{"rendered":"La Casa de la Cultura acoger\u00e1 la presentaci\u00f3n del libro El amor que dejas y cerrar\u00e1 la semana con Molotov | Ocio y cultura"},"content":{"rendered":"<p class=\"loc\">Mor\u00f3n de la Frontera<\/p>\n<p>El delegado de Cultura de Mor\u00f3n, Alfonso Luna, ha informado sobre las actividades que cerrar\u00e1n la semana. Este jueves 23 de octubre, a las siete y media de la tarde, la Casa de la Cultura, en la sala Paco Guardado, acoger\u00e1 la presentaci\u00f3n del libro El amor que dejas, una obra escrita de forma conjunta por cinco mujeres que comparten una historia de amor, p\u00e9rdida y superaci\u00f3n tras el fallecimiento de sus maridos. Estas autoras son Mar\u00eda \u00c1ngeles Sosa, Sandra Ben\u00edtez, Yadira Segura, Helena Garc\u00eda y Mar\u00eda del Carmen Le\u00f3n. <\/p>\n<p>Luna ha destacado que se trata de un libro \u201cmuy especial\u201d, que pone en valor la fuerza y la capacidad de reconstruirse despu\u00e9s de una p\u00e9rdida.<\/p>\n<p>Para finalizar la programaci\u00f3n cultural de la semana, el viernes a las ocho de la tarde, el Teatro Oriente ser\u00e1 escenario de la representaci\u00f3n teatral Molotov, a cargo de La Buena Compa\u00f1\u00eda.<\/p>\n<p>El delegado ha invitado a toda la ciudadan\u00eda a participar en estos actos, agradeciendo la respuesta del p\u00fablico durante toda la Semana Cultural y animando a seguir disfrutando de la cultura local.<\/p>\n","protected":false},"excerpt":{"rendered":"Mor\u00f3n de la Frontera El delegado de Cultura de Mor\u00f3n, Alfonso Luna, ha informado sobre las actividades que&hellip;\n","protected":false},"author":2,"featured_media":194035,"comment_status":"","ping_status":"","sticky":false,"template":"","format":"standard","meta":{"footnotes":""},"categories":[172],"tags":[224,146,147,25,24,225,23],"class_list":{"0":"post-194034","1":"post","2":"type-post","3":"status-publish","4":"format-standard","5":"has-post-thumbnail","7":"category-libros","8":"tag-books","9":"tag-entertainment","10":"tag-entretenimiento","11":"tag-es","12":"tag-espana","13":"tag-libros","14":"tag-spain"},"share_on_mastodon":{"url":"https:\/\/pubeurope.com\/@es\/115418604763026210","error":""},"_links":{"self":[{"href":"https:\/\/www.europesays.com\/es\/wp-json\/wp\/v2\/posts\/194034","targetHints":{"allow":["GET"]}}],"collection":[{"href":"https:\/\/www.europesays.com\/es\/wp-json\/wp\/v2\/posts"}],"about":[{"href":"https:\/\/www.europesays.com\/es\/wp-json\/wp\/v2\/types\/post"}],"author":[{"embeddable":true,"href":"https:\/\/www.europesays.com\/es\/wp-json\/wp\/v2\/users\/2"}],"replies":[{"embeddable":true,"href":"https:\/\/www.europesays.com\/es\/wp-json\/wp\/v2\/comments?post=194034"}],"version-history":[{"count":0,"href":"https:\/\/www.europesays.com\/es\/wp-json\/wp\/v2\/posts\/194034\/revisions"}],"wp:featuredmedia":[{"embeddable":true,"href":"https:\/\/www.europesays.com\/es\/wp-json\/wp\/v2\/media\/194035"}],"wp:attachment":[{"href":"https:\/\/www.europesays.com\/es\/wp-json\/wp\/v2\/media?parent=194034"}],"wp:term":[{"taxonomy":"category","embeddable":true,"href":"https:\/\/www.europesays.com\/es\/wp-json\/wp\/v2\/categories?post=194034"},{"taxonomy":"post_tag","embeddable":true,"href":"https:\/\/www.europesays.com\/es\/wp-json\/wp\/v2\/tags?post=194034"}],"curies":[{"name":"wp","href":"https:\/\/api.w.org\/{rel}","templated":true}]}}