{"id":194042,"date":"2025-10-22T15:51:15","date_gmt":"2025-10-22T15:51:15","guid":{"rendered":"https:\/\/www.europesays.com\/es\/194042\/"},"modified":"2025-10-22T15:51:15","modified_gmt":"2025-10-22T15:51:15","slug":"claves-de-la-cancelacion-del-villarreal-barcelona-de-la-liga-en-miami-la-presion-del-madrid-y-una-amenaza-de-huelga-de-los-futbolistas-futbol-deportes","status":"publish","type":"post","link":"https:\/\/www.europesays.com\/es\/194042\/","title":{"rendered":"Claves de la cancelaci\u00f3n del Villarreal &#8211; Barcelona de La Liga en Miami: la presi\u00f3n del Madrid y una amenaza de huelga de los futbolistas | F\u00fatbol | Deportes"},"content":{"rendered":"<p class=\"\">El pasado 8 de octubre, en su ponencia en el World Football Summit de Miami, el presidente de LaLiga, <a href=\"https:\/\/elpais.com\/deportes\/futbol\/2025-10-22\/tebas-el-futbol-espanol-ha-perdido-una-oportunidad-para-avanzar.html\" target=\"_self\" rel=\"nofollow noopener\" title=\"https:\/\/elpais.com\/deportes\/futbol\/2025-10-22\/tebas-el-futbol-espanol-ha-perdido-una-oportunidad-para-avanzar.html\">Javier Tebas<\/a>, anunci\u00f3 que el 20 de diciembre se jugar\u00eda en la ciudad del estado de Florida el Villarreal &#8211; Barcelona de la jornada 17. \u201cSalvo un peque\u00f1o tema formal, ya est\u00e1 pr\u00e1cticamente terminado, podemos decir que el s\u00e1bado 20 de diciembre se jugar\u00e1 en Miami un partido oficial de la Liga con puntos en juego. En vez de jugarse en el estadio de La Cer\u00e1mica, se jugar\u00e1 en el Hard Rock Stadium de Miami\u201d, proclam\u00f3. Poco despu\u00e9s, las redes sociales de la patronal secundaban el mensaje de su presidente. En la noche del martes 21, apenas solo dos semanas m\u00e1s tarde del anuncio oficial del que iba a ser el primer partido de la historia de la Liga fuera de Espa\u00f1a, Relevent, promotora del partido con la que LaLiga tiene firmada una joint-venture que le garantiza un m\u00ednimo de 2.000 millones de euros en 15 a\u00f1os, cancelaba el evento ante \u201cla incertidumbre generada\u201d. <\/p>\n<p class=\"\">Relevent, que ya hab\u00eda cancelado la venta de entradas horas antes, se expon\u00eda a una bater\u00eda de demandas si vend\u00eda entradas de un partido que no contaba con todos los permisos necesarios. Se consumaba as\u00ed el cuarto intento fallido de LaLiga por exportar un partido oficial lejos del territorio espa\u00f1ol desde 2018. Un Barcelona -Girona, un Villarreal &#8211; Atl\u00e9tico y un Barcelona &#8211; Atl\u00e9tico ya corrieron la misma suerte. <\/p>\n<blockquote class=\"twitter-tweet\">\n<p lang=\"es\" dir=\"ltr\">UNA OPORTUNIDAD PERDIDA PARA EL FUTBOL ESPA\u00d1OL.<br \/>Hoy el f\u00fatbol espa\u00f1ol ha perdido una oportunidad para avanzar, proyectarse al mundo y fortalecer su futuro.<br \/>Se invoca la defensa de la \u201ctradici\u00f3n\u201d desde una visi\u00f3n cerrada y provinciana, mientras las verdaderas tradiciones del\u2026<\/p>\n<p>\u2014 Javier Tebas Medrano (@Tebasjavier) <a href=\"https:\/\/twitter.com\/Tebasjavier\/status\/1980857386815361520?ref_src=twsrc%5Etfw\" rel=\"nofollow noopener\" target=\"_blank\">October 22, 2025<\/a><\/p><\/blockquote>\n<p class=\"\">El peque\u00f1o tema formal al que aludi\u00f3 Tebas para asegurar que esta vez si habr\u00eda partido en Miami no era tan diminuto. Faltaba el visto bueno de la <a href=\"https:\/\/elpais.com\/deportes\/futbol\/2025-04-03\/la-fifa-fuerza-la-retirada-de-espana-como-anfitriona-del-mundial-2035-al-describir-la-candidatura-del-reino-unido-como-la-unica-valida.html\" target=\"_self\" rel=\"nofollow noopener\" title=\"https:\/\/elpais.com\/deportes\/futbol\/2025-04-03\/la-fifa-fuerza-la-retirada-de-espana-como-anfitriona-del-mundial-2035-al-describir-la-candidatura-del-reino-unido-como-la-unica-valida.html\">Confederaci\u00f3n Centroamericana y del Caribe (Concacaf)<\/a>, que exig\u00eda que fueran sus \u00e1rbitros los elegidos, de la federaci\u00f3n estadounidense y el consentimiento del sindicato de futbolistas (AFE), que desde hac\u00eda meses demandaba informaci\u00f3n detallada sobre el partido para asegurarse de que se cumplir\u00edan las condiciones laborales de sus afiliados. Desde el sindicato aseguran que estaban dispuestos a una huelga como \u00faltima y gran medida de presi\u00f3n. De fondo, tambi\u00e9n emerg\u00eda la posibilidad real de que el Consejo Superior de Deportes (CSD) se opusiera ante la doble denuncia presentada por el Real Madrid y en la que el club que preside Florentino P\u00e9rez afirmaba que se adulteraba la competici\u00f3n. <\/p>\n<p class=\"\">Fuentes de la entidad madridista explican que la segunda denuncia, enviada este \u00faltimo martes, fue una medida de presi\u00f3n al CSD, ante la intuici\u00f3n de que el organismo gubernamental que preside Jos\u00e9 Manuel Rodr\u00edguez Uribes no frenar\u00eda la iniciativa. Esta ma\u00f1ana, el propio Uribes dio su opini\u00f3n acerca de lo ocurrido: \u201cEl episodio que hemos vivido con lo de Miami, el partido del Bar\u00e7a y el Villarreal, demuestra que as\u00ed no se hacen las cosas. Antes de tomar una iniciativa de esta naturaleza -una decisi\u00f3n tan relevante que podr\u00eda haber afectado, sin duda, a la integridad de la competici\u00f3n- era necesario un di\u00e1logo, un acuerdo de los participantes, de todos los clubes, de los jugadores y de las aficiones\u201d, indic\u00f3 el presidente del CSD. \u201cPara el futuro, si hay alguna idea en este sentido, hay que partir de esa necesidad de di\u00e1logo y de acuerdo. E inmediatamente de transparencia, transparencia absoluta. Y antes, como primera condici\u00f3n, que haya unas normas adecuadas para este tipo de iniciativas\u201d, a\u00f1adi\u00f3.<\/p>\n<p class=\"\">Adem\u00e1s, <a href=\"https:\/\/elpais.com\/deportes\/futbol\/2025-10-22\/arda-guler-el-pasador-mas-afilado-de-europa-alimenta-el-apetito-goleador-de-mbappe.html\" target=\"_self\" rel=\"nofollow noopener\" title=\"https:\/\/elpais.com\/deportes\/futbol\/2025-10-22\/arda-guler-el-pasador-mas-afilado-de-europa-alimenta-el-apetito-goleador-de-mbappe.html\">el Real Madrid <\/a>no descartaba una protesta particular antes del Cl\u00e1sico de este domingo que hubiera dado la vuelta al mundo. Su \u00faltimo ataque frontal lo iniciaron Courtois y Carvajal con declaraciones en las que cuestionaron la figura de Tebas como presidente de la Liga y recalcaron la idea de la adulteraci\u00f3n de la competici\u00f3n. Cuando Tebas asegur\u00f3 que el Villarreal &#8211; Barcelona se disputar\u00eda en Miami, ya ten\u00eda el visto bueno de la Real Federaci\u00f3n Espa\u00f1ola de F\u00fatbol y de la UEFA, como exige una reglamentaci\u00f3n que la FIFA est\u00e1 remodelando. <a href=\"https:\/\/elpais.com\/deportes\/futbol\/2025-09-11\/la-uefa-frena-la-celebracion-en-miami-del-villarreal-barcelona-de-la-liga.html\" target=\"_self\" rel=\"nofollow noopener\" title=\"https:\/\/elpais.com\/deportes\/futbol\/2025-09-11\/la-uefa-frena-la-celebracion-en-miami-del-villarreal-barcelona-de-la-liga.html\">La UEFA lo hizo con la pinza en la nariz<\/a>. \u201cEs una decisi\u00f3n excepcional y no debe considerarse un precedente\u201d, dijo su presidente, Aleksander \u010ceferin. Desde entonces, el caldo de cultivo contrario a la celebraci\u00f3n de un partido liguero en Miami aument\u00f3 de manera exponencial. <\/p>\n<p class=\"\">Las asociaciones nacionales en Espa\u00f1a, como la Federaci\u00f3n de Accionistas y Socios del F\u00fatbol Espa\u00f1ol (FASFE), e internacionales de aficionados, que fueron decisivas para detener el primer proyecto elitista <a href=\"https:\/\/elpais.com\/deportes\/futbol\/2025-10-09\/joan-laporta-se-aleja-de-la-superliga-queremos-que-haya-un-acuerdo-y-volvamos-a-la-uefa.html\" target=\"_self\" rel=\"nofollow noopener\" title=\"https:\/\/elpais.com\/deportes\/futbol\/2025-10-09\/joan-laporta-se-aleja-de-la-superliga-queremos-que-haya-un-acuerdo-y-volvamos-a-la-uefa.html\">y cerrado de la Superliga<\/a>, tambi\u00e9n se movilizaron ahora. Igualmente, la Comisi\u00f3n Europea tambi\u00e9n se pronunci\u00f3 en contra. <\/p>\n<p class=\"\">\u201cSe invoca la defensa de la tradici\u00f3n desde una visi\u00f3n cerrada y provinciana, mientras las verdaderas tradiciones del f\u00fatbol europeo se ven amenazadas por decisiones de las instituciones que lo gobiernan, que a\u00f1o tras a\u00f1o destruyen las ligas nacionales, aut\u00e9ntico motor de la industria del f\u00fatbol en Europa, ante la ingenuidad y pasividad de gobernantes europeos que no saben distinguir lo intrascendente de lo esencial\u201d, ha escrito este mi\u00e9rcoles Tebas en sus redes sociales. El presidente de la patronal tambi\u00e9n ha dedicado una andanada al Real Madrid y <a href=\"https:\/\/elpais.com\/internacional\/2025-10-21\/joan-laporta-cuando-compite-el-barca-tiene-un-compromiso-con-la-democracia-la-tolerancia-y-los-derechos-humanos.html\" target=\"_self\" rel=\"nofollow noopener\" title=\"https:\/\/elpais.com\/internacional\/2025-10-21\/joan-laporta-cuando-compite-el-barca-tiene-un-compromiso-con-la-democracia-la-tolerancia-y-los-derechos-humanos.html\">a su presidente, Florentino P\u00e9rez<\/a>: \u201cSe apela a la integridad de la competici\u00f3n desde quienes llevan a\u00f1os cuestionando esa misma integridad, presionando a \u00e1rbitros, a gobernantes, construyendo relatos distorsionados o utilizando la presi\u00f3n pol\u00edtica y medi\u00e1tica como herramienta deportiva\u201d.<\/p>\n<p class=\"\">Por otro lado, el papel ejercido por el sindicato que preside David Aganzo, <a href=\"https:\/\/elpais.com\/deportes\/futbol\/2025-10-20\/el-partido-de-miami-convierte-el-futbol-espanol-en-un-volcan.html\" target=\"_self\" rel=\"nofollow noopener\" title=\"https:\/\/elpais.com\/deportes\/futbol\/2025-10-20\/el-partido-de-miami-convierte-el-futbol-espanol-en-un-volcan.html\">la Asociaci\u00f3n de Futbolistas Espa\u00f1oles (AFE)<\/a> ha sido fundamental para la paralizaci\u00f3n del proyecto. Si la imagen de Tebas y de LaLiga ha quedado muy tocadas por la improvisaci\u00f3n mostrada, la de Aganzo, sobre el que pesaba la etiqueta de no tener fuerza para movilizar y concienciar a los capitanes de los equipos de f\u00fatbol espa\u00f1oles, ha salido reforzada del conflicto. El efecto de los parones de 15 segundos en los inicios de cada encuentro de la pasada jornada ha sido definitivo. Desde AFE tambi\u00e9n sostienen que la censura de las im\u00e1genes del par\u00f3n en el primer partido de la jornada, disputado el pasado viernes 17 entre el Oviedo y el Espanyol, fue una espoleta que termin\u00f3 por convertirse en un amplificador mundial. La Federaci\u00f3n tambi\u00e9n fue c\u00f3mplice de esa primera censura, puesto que el colegiado del encuentro, Busquets Ferrer, no recogi\u00f3 en el acta el par\u00f3n.<\/p>\n<blockquote class=\"twitter-tweet\">\n<p lang=\"es\" dir=\"ltr\">\ud83d\udcc4 COMUNICADO | AFE reivindica la unidad y firmeza mostrada por los futbolistas en defensa de sus derechos laborales<\/p>\n<p>M\u00e1s informaci\u00f3n \u2b07\ufe0f<a href=\"https:\/\/t.co\/SFWe9QVyAX\" rel=\"nofollow\">https:\/\/t.co\/SFWe9QVyAX<\/a><\/p>\n<p>\u2014 AFE (@afefutbol) <a href=\"https:\/\/twitter.com\/afefutbol\/status\/1980932283688526284?ref_src=twsrc%5Etfw\" rel=\"nofollow noopener\" target=\"_blank\">October 22, 2025<\/a><\/p><\/blockquote>\n<p class=\"\">La ocultaci\u00f3n de las protestas indign\u00f3 y uni\u00f3 m\u00e1s a los jugadores, que adem\u00e1s, desde que el jueves se tuvo conocimiento de su iniciativa, se vieron sometidos a una fuerte presi\u00f3n por parte de la patronal y de algunos clubes. AFE cre\u00f3 un grupo de Whatsapp con los 20 capitanes de Primera Divisi\u00f3n a trav\u00e9s del cual se les remiti\u00f3 <a href=\"https:\/\/elpais.com\/deportes\/futbol\/2025-10-21\/la-liga-anuncia-que-se-cancela-el-partido-de-miami-el-villarreal-barcelona-se-jugara-en-la-ceramica.html\" target=\"_self\" rel=\"nofollow noopener\" title=\"https:\/\/elpais.com\/deportes\/futbol\/2025-10-21\/la-liga-anuncia-que-se-cancela-el-partido-de-miami-el-villarreal-barcelona-se-jugara-en-la-ceramica.html\">el cruce de las amenazadoras cartas de LaLiga<\/a>. A su vez, el sindicato recib\u00eda la informaci\u00f3n de las presiones a las que estaban siendo sometidos los jugadores, incluidos mensajes que les alertaban de que AFE les estaba enga\u00f1ando. Pes\u00f3 m\u00e1s, sin embargo, la fuerza de la uni\u00f3n de los futbolistas, como reivindicaba este mi\u00e9rcoles AFE: \u201cAnte la falta de transparencia, di\u00e1logo y coherencia de la instituci\u00f3n presidida por Javier Tebas, los futbolistas se pronunciaron durante la pasada jornada de forma un\u00e1nime en el terreno de juego para lanzar un potente mensaje: sin futbolistas no hay f\u00fatbol. El sindicato quiere poner en valor la unidad de los jugadores durante los \u00faltimos meses y la fortaleza que han demostrado en la defensa de sus derechos laborales ante las en\u00e9rgicas y constantes presiones que han sufrido durante los \u00faltimos d\u00edas ante el ejercicio de su libertad de expresi\u00f3n\u201d.<\/p>\n<p><script async src=\"https:\/\/platform.twitter.com\/widgets.js\" charset=\"utf-8\"><\/script><\/p>\n","protected":false},"excerpt":{"rendered":"El pasado 8 de octubre, en su ponencia en el World Football Summit de Miami, el presidente de&hellip;\n","protected":false},"author":2,"featured_media":194043,"comment_status":"","ping_status":"","sticky":false,"template":"","format":"standard","meta":{"footnotes":""},"categories":[93],"tags":[10975,1540,54030,168,1539,25,24,881,15510,282,1538,653,6584,3048,23,167,20056,6674,9607],"class_list":{"0":"post-194042","1":"post","2":"type-post","3":"status-publish","4":"format-standard","5":"has-post-thumbnail","7":"category-deportes","8":"tag-afe","9":"tag-competiciones","10":"tag-concacaf","11":"tag-deportes","12":"tag-entrenadores","13":"tag-es","14":"tag-espana","15":"tag-fc-barcelona","16":"tag-florentino-perez","17":"tag-futbol","18":"tag-futbolistas","19":"tag-javier-tebas","20":"tag-miami","21":"tag-real-madrid","22":"tag-spain","23":"tag-sports","24":"tag-superliga","25":"tag-uefa","26":"tag-villarreal-cf"},"share_on_mastodon":{"url":"https:\/\/pubeurope.com\/@es\/115418620568651909","error":""},"_links":{"self":[{"href":"https:\/\/www.europesays.com\/es\/wp-json\/wp\/v2\/posts\/194042","targetHints":{"allow":["GET"]}}],"collection":[{"href":"https:\/\/www.europesays.com\/es\/wp-json\/wp\/v2\/posts"}],"about":[{"href":"https:\/\/www.europesays.com\/es\/wp-json\/wp\/v2\/types\/post"}],"author":[{"embeddable":true,"href":"https:\/\/www.europesays.com\/es\/wp-json\/wp\/v2\/users\/2"}],"replies":[{"embeddable":true,"href":"https:\/\/www.europesays.com\/es\/wp-json\/wp\/v2\/comments?post=194042"}],"version-history":[{"count":0,"href":"https:\/\/www.europesays.com\/es\/wp-json\/wp\/v2\/posts\/194042\/revisions"}],"wp:featuredmedia":[{"embeddable":true,"href":"https:\/\/www.europesays.com\/es\/wp-json\/wp\/v2\/media\/194043"}],"wp:attachment":[{"href":"https:\/\/www.europesays.com\/es\/wp-json\/wp\/v2\/media?parent=194042"}],"wp:term":[{"taxonomy":"category","embeddable":true,"href":"https:\/\/www.europesays.com\/es\/wp-json\/wp\/v2\/categories?post=194042"},{"taxonomy":"post_tag","embeddable":true,"href":"https:\/\/www.europesays.com\/es\/wp-json\/wp\/v2\/tags?post=194042"}],"curies":[{"name":"wp","href":"https:\/\/api.w.org\/{rel}","templated":true}]}}