{"id":194109,"date":"2025-10-22T16:29:08","date_gmt":"2025-10-22T16:29:08","guid":{"rendered":"https:\/\/www.europesays.com\/es\/194109\/"},"modified":"2025-10-22T16:29:08","modified_gmt":"2025-10-22T16:29:08","slug":"directo-barca-rio-breogan","status":"publish","type":"post","link":"https:\/\/www.europesays.com\/es\/194109\/","title":{"rendered":"Directo: Bar\u00e7a &#8211; R\u00edo Breog\u00e1n"},"content":{"rendered":"<p>El <strong>R\u00edo Breog\u00e1n<\/strong> visita al <strong>Bar\u00e7a<\/strong> en la cuarta jornada de la Liga Endesa. El partido se disputar\u00e1 este s\u00e1bado 25 de octubre a las <strong>19.00 horas<\/strong> en el Palau Blaugrana.<\/p>\n<p>Ambos llegan <strong>igualados<\/strong> en la clasificaci\u00f3n tras estrenar su cuenta de victorias el pasado fin de semana para enderezar un inicio con dos derrotas seguidas. El Breog\u00e1n se impuso en Zaragoza y el Bar\u00e7a, ante el Unicaja en M\u00e1laga.<\/p>\n<p>Los de Luis Casimiro afrontan el <strong>dif\u00edcil reto<\/strong> de ganar donde solo lo han hecho una vez, en la temporada 2023-24.<\/p>\n","protected":false},"excerpt":{"rendered":"El R\u00edo Breog\u00e1n visita al Bar\u00e7a en la cuarta jornada de la Liga Endesa. El partido se disputar\u00e1&hellip;\n","protected":false},"author":2,"featured_media":194110,"comment_status":"","ping_status":"","sticky":false,"template":"","format":"standard","meta":{"footnotes":""},"categories":[269],"tags":[299,298,8778,168,25,24,21920,23,167],"class_list":{"0":"post-194109","1":"post","2":"type-post","3":"status-publish","4":"format-standard","5":"has-post-thumbnail","7":"category-baloncesto","8":"tag-baloncesto","9":"tag-basketball","10":"tag-cb-breogan","11":"tag-deportes","12":"tag-es","13":"tag-espana","14":"tag-forza-breo","15":"tag-spain","16":"tag-sports"},"share_on_mastodon":{"url":"https:\/\/pubeurope.com\/@es\/115418770576666723","error":""},"_links":{"self":[{"href":"https:\/\/www.europesays.com\/es\/wp-json\/wp\/v2\/posts\/194109","targetHints":{"allow":["GET"]}}],"collection":[{"href":"https:\/\/www.europesays.com\/es\/wp-json\/wp\/v2\/posts"}],"about":[{"href":"https:\/\/www.europesays.com\/es\/wp-json\/wp\/v2\/types\/post"}],"author":[{"embeddable":true,"href":"https:\/\/www.europesays.com\/es\/wp-json\/wp\/v2\/users\/2"}],"replies":[{"embeddable":true,"href":"https:\/\/www.europesays.com\/es\/wp-json\/wp\/v2\/comments?post=194109"}],"version-history":[{"count":0,"href":"https:\/\/www.europesays.com\/es\/wp-json\/wp\/v2\/posts\/194109\/revisions"}],"wp:featuredmedia":[{"embeddable":true,"href":"https:\/\/www.europesays.com\/es\/wp-json\/wp\/v2\/media\/194110"}],"wp:attachment":[{"href":"https:\/\/www.europesays.com\/es\/wp-json\/wp\/v2\/media?parent=194109"}],"wp:term":[{"taxonomy":"category","embeddable":true,"href":"https:\/\/www.europesays.com\/es\/wp-json\/wp\/v2\/categories?post=194109"},{"taxonomy":"post_tag","embeddable":true,"href":"https:\/\/www.europesays.com\/es\/wp-json\/wp\/v2\/tags?post=194109"}],"curies":[{"name":"wp","href":"https:\/\/api.w.org\/{rel}","templated":true}]}}