{"id":194113,"date":"2025-10-22T16:31:09","date_gmt":"2025-10-22T16:31:09","guid":{"rendered":"https:\/\/www.europesays.com\/es\/194113\/"},"modified":"2025-10-22T16:31:09","modified_gmt":"2025-10-22T16:31:09","slug":"estas-muy-mal-educado-mi-casa-no-es-un-hotel","status":"publish","type":"post","link":"https:\/\/www.europesays.com\/es\/194113\/","title":{"rendered":"Est\u00e1s muy mal educado, mi casa no es un hotel"},"content":{"rendered":"<p class=\"c-paragraph\">Este mi\u00e9rcoles 22 de octubre se publican las memorias de <a href=\"https:\/\/www.20minutos.es\/tags\/personas\/isabel-preysler.html\" title=\"Isabel Preysler\" rel=\"nofollow noopener\" target=\"_blank\">Isabel Preysler<\/a> y son m\u00e1s sorprendentes de lo esperado, pues la celebrity\u00a0ha mostrado su lado m\u00e1s sincero al publicar las <b>cartas de amor que le enviaba <a href=\"https:\/\/www.20minutos.es\/tags\/personas\/mario-vargas-llosa.html\" title=\"Mario Vargas Llosa\" rel=\"nofollow noopener\" target=\"_blank\">Mario Vargas Llosa<\/a><\/b>, y tambi\u00e9n la que ella le mand\u00f3 para romper con \u00e9l.<\/p>\n<p class=\"c-paragraph\">La &#8216;Reina de Corazones&#8217; y el Nobel de Literatura estuvieron juntos de 2015 a 2022 y, en este tiempo, el escritor le mand\u00f3 distintas misivas en las que <b>se dirig\u00eda a ella como \u00abquerida\u00bb, \u00abamor m\u00edo\u00bb y le dec\u00eda \u00abte quiero\u00bb<\/b> y \u00abnunca imagin\u00e9 que me har\u00edas tanta falta\u00bb.<\/p>\n<p class=\"c-paragraph\">Pero el amor termin\u00f3 para ellos y, el 12 de octubre, la madre de <a href=\"https:\/\/www.20minutos.es\/tags\/personas\/tamara-falco.html\" title=\"Tamara Falc\u00f3\" rel=\"nofollow noopener\" target=\"_blank\">Tamara Falc\u00f3<\/a>, <b>enfadada con \u00e9l por sus \u00abrid\u00edculas escenas de celos\u00bb<\/b> que dan \u00abhasta verg\u00fcenza\u00bb y por descubrir que el escritor hab\u00eda vuelto a su casa sin avisar y envi\u00f3 a otra persona a recoger sus cosas, le mand\u00f3 una carta con la que rompi\u00f3 su relaci\u00f3n.<\/p>\n<p class=\"c-paragraph\">\u00abNuestra relaci\u00f3n ya no se parece en nada a la que ten\u00edamos al principio\u00bb, reflexion\u00f3 la socialite, que mostr\u00f3 su irritaci\u00f3n por el comportamiento de \u00e9l: \u00abEl origen social y el nivel econ\u00f3mico diferente en dos personas que deciden vivir juntas no tiene importancia. Lo que de verdad hace imposible la convivencia es la mala educaci\u00f3n y <b>t\u00fa est\u00e1s muy mal educado<\/b>\u00ab.<\/p>\n<p class=\"c-paragraph\"><b><b>\u00abMi casa no es un hotel en el que las personas van y vienen<\/b><\/b>\u00a0sin tener en cuenta a los dem\u00e1s y yo no voy a soportar tus idas y venidas sin, por lo menos, una explicaci\u00f3n\u00bb, critic\u00f3 en su misiva Isabel Preysler.<\/p>\n<p class=\"c-paragraph\">Sobre sus ataques de celos, la autora asegur\u00f3 en ese momento que ya lo hab\u00eda hecho dos veces, pero que no iba a \u00abhaber una tercera porque, por respeto\u00bb a ella misma y porque se lo merece, <b>no iba a \u00abdar por bueno ese comportamiento\u00bb que consideraba \u00abtotalmente inaceptable\u00bb<\/b>.<\/p>\n<p class=\"c-paragraph\">\u00ab<b>Por favor, manda a alguien a recoger todas tus cosas<\/b>\u00ab, concluy\u00f3 la celebrity\u00a0en su carta, no sin antes firmar su escrito con un escueto \u00abun abrazo\u00bb.<\/p>\n<p class=\"c-paragraph\">Lamentablemente, <b>Vargas Llosa falleci\u00f3 el pasado mes de abril<\/b> y todas las c\u00e1maras se pusieron sobre Isabel Preysler para saber si se hab\u00eda despedido de \u00e9l.\u00a0<\/p>\n<p class=\"c-paragraph\">Y sobre ello se pronunci\u00f3 en una entrevista con \u00a1Hola!.\u00a0\u00ab<b>Ni tuve ocasi\u00f3n de despedirme de \u00e9l antes de su fallecimiento<\/b>, ni me lo hubiese permitido la familia\u00bb, asegur\u00f3 la &#8216;Reina de Corazones&#8217;.<\/p>\n","protected":false},"excerpt":{"rendered":"Este mi\u00e9rcoles 22 de octubre se publican las memorias de Isabel Preysler y son m\u00e1s sorprendentes de lo&hellip;\n","protected":false},"author":2,"featured_media":194114,"comment_status":"","ping_status":"","sticky":false,"template":"","format":"standard","meta":{"footnotes":""},"categories":[174],"tags":[3711,255,1994,146,147,25,24,256,1729,43579,23,3271],"class_list":{"0":"post-194113","1":"post","2":"type-post","3":"status-publish","4":"format-standard","5":"has-post-thumbnail","7":"category-famosos","8":"tag-biografia","9":"tag-celebrities","10":"tag-comparte","11":"tag-entertainment","12":"tag-entretenimiento","13":"tag-es","14":"tag-espana","15":"tag-famosos","16":"tag-isabel","17":"tag-preysler","18":"tag-spain","19":"tag-su"},"share_on_mastodon":{"url":"","error":""},"_links":{"self":[{"href":"https:\/\/www.europesays.com\/es\/wp-json\/wp\/v2\/posts\/194113","targetHints":{"allow":["GET"]}}],"collection":[{"href":"https:\/\/www.europesays.com\/es\/wp-json\/wp\/v2\/posts"}],"about":[{"href":"https:\/\/www.europesays.com\/es\/wp-json\/wp\/v2\/types\/post"}],"author":[{"embeddable":true,"href":"https:\/\/www.europesays.com\/es\/wp-json\/wp\/v2\/users\/2"}],"replies":[{"embeddable":true,"href":"https:\/\/www.europesays.com\/es\/wp-json\/wp\/v2\/comments?post=194113"}],"version-history":[{"count":0,"href":"https:\/\/www.europesays.com\/es\/wp-json\/wp\/v2\/posts\/194113\/revisions"}],"wp:featuredmedia":[{"embeddable":true,"href":"https:\/\/www.europesays.com\/es\/wp-json\/wp\/v2\/media\/194114"}],"wp:attachment":[{"href":"https:\/\/www.europesays.com\/es\/wp-json\/wp\/v2\/media?parent=194113"}],"wp:term":[{"taxonomy":"category","embeddable":true,"href":"https:\/\/www.europesays.com\/es\/wp-json\/wp\/v2\/categories?post=194113"},{"taxonomy":"post_tag","embeddable":true,"href":"https:\/\/www.europesays.com\/es\/wp-json\/wp\/v2\/tags?post=194113"}],"curies":[{"name":"wp","href":"https:\/\/api.w.org\/{rel}","templated":true}]}}